{"id":6370,"date":"2018-08-12T21:23:06","date_gmt":"2018-08-12T21:23:06","guid":{"rendered":"http:\/\/zumbalaturba.com.ar\/?p=6370"},"modified":"2018-08-12T21:23:06","modified_gmt":"2018-08-12T21:23:06","slug":"vida-simple-experimentacion-y-libertad-juan-bayon-sebastian-tapia-cecilia-quinteros-en-la-nota-azul","status":"publish","type":"post","link":"https:\/\/zumbalaturba.com.ar\/?p=6370","title":{"rendered":"Vida simple, experimentaci\u00f3n y libertad: Juan Bay\u00f3n, Sebasti\u00e1n Tapia, Cecilia Quinteros en La Nota Azul"},"content":{"rendered":"<p style=\"padding-left: 150px;\"><span style=\"font-size: 14pt;\"><em>Ni los fan\u00e1ticos de la represi\u00f3n y el control de los cuerpos, ni los devotos del silencio, la quietud o el estatismo, pueden detener lo que la m\u00fasica pone en movimiento. El jazz ha servido desde el principio para quitarle hostilidad al mundo, hacerlo un poco m\u00e1s habitable y llenarlo siempre de libertad. Esa libertad que permite decidir y crear con soltura; esa libertad que se enfrenta a cualquier tiran\u00eda obsoleta; esa libertad que hace a la vida m\u00e1s simple.<\/em><\/span><\/p>\n<p>&nbsp;<\/p>\n<p><span style=\"font-size: 14pt;\">Con\u00a0<em><strong>Vidas simples<\/strong><\/em>, nuevo disco del contrabajista <strong>Juan Bay\u00f3n<\/strong>,\u00a0abrimos este programa n\u00famero 140 de <strong>La Nota Azul<\/strong>, correspondiente al s\u00e1bado 11 de agosto de 2018. Por radio <strong>Zumba La Turba<\/strong>, en la FM 99.5, C\u00f3rdoba, Argentina.<\/span><\/p>\n<p><span style=\"font-size: 14pt;\">Comenzamos esta emisi\u00f3n del programa <img fetchpriority=\"high\" decoding=\"async\" class=\"alignright wp-image-1816\" src=\"http:\/\/lanotaazul.com.ar\/wp-content\/uploads\/2018\/08\/Juan-Bayon-Vidas-Simples-2018-2-1024x923.jpg\" alt=\"\" width=\"359\" height=\"324\" \/>con\u00a0el nuevo disco del contrabajista <strong>Juan Bay\u00f3n<\/strong>,\u00a0titulado <strong><em>Vidas Simples<\/em><\/strong>, y cuyo lanzamiento oficial ser\u00e1 el pr\u00f3ximo 17 de agosto a trav\u00e9s del sello de Chicago <em>Ears&amp;Eyes Records<\/em>. En <strong><em>Vidas simples<\/em><\/strong>, tercer trabajo de <strong>Juan Bay\u00f3n<\/strong> como l\u00edder, se lo escucha con <strong>Lucas Goicoechea<\/strong> en saxo alto, <strong>Diego Urbano<\/strong> en vibr\u00e1fono, <strong>Santiago Leibson<\/strong> en el piano y<strong> Sergio Verdinelli<\/strong> en bater\u00eda. Conversamos con Bay\u00f3n sobre el disco, y la pr\u00f3xima presentaci\u00f3n el jueves 16 en el bar <em>Thelonious<\/em> en Ciudad de Buenos Aires.<\/span><\/p>\n<p><span style=\"font-size: 14pt;\">Desde Valpara\u00edso, Chile, nos visita <strong>Sebasti\u00e1n Tapia<\/strong> que cruz\u00f3 la cordillera para una gira por distintas provincias de Argentina con su proyecto de exploraci\u00f3n sonora y ruida <strong>Funcionario P\u00fablico<\/strong>. En C\u00f3rdoba participar\u00e1 de la edici\u00f3n n\u00famero 32 del <strong><em>Movimiento Sot\u00e1nico<\/em><\/strong> en <em>Avellaneda Bar<\/em>, ciclo de m\u00fasica experimental. Anfitri\u00f3n en C\u00f3rdoba es <strong>Andr\u00e9s Asia<\/strong>, responsable de la plataforma <strong>Sonido Atmosf\u00e9rico Ediciones<\/strong> y del proyecto <strong>NoNoise79<\/strong>, que tambi\u00e9n llega a la radio para\u00a0conversar sobre la escena de la experimentaci\u00f3n sonora en C\u00f3rdoba y en Chile.<\/span><\/p>\n<figure id=\"attachment_1809\" aria-describedby=\"caption-attachment-1809\" style=\"width: 517px\" class=\"wp-caption aligncenter\"><img decoding=\"async\" class=\"wp-image-1809\" src=\"http:\/\/lanotaazul.com.ar\/wp-content\/uploads\/2018\/08\/1-1024x576.jpeg\" alt=\"\" width=\"517\" height=\"291\" \/><figcaption id=\"caption-attachment-1809\" class=\"wp-caption-text\">Sebasti\u00e1n Tapia y Andr\u00e9s Asia en La Nota Azul<\/figcaption><\/figure>\n<p>&nbsp;<\/p>\n<p><span style=\"font-size: 14pt;\">Tambi\u00e9n recibimos la visita de <strong>Cecilia Quinteros<\/strong>, chelista, improvisadora y compositora, que\u00a0pas\u00f3 por C\u00f3rdoba para participar de dos fechas como invitada del <strong>D\u00fao Cayote<\/strong> de <strong>Ives Romero<\/strong> y <strong>Federico Ragessi<\/strong>. <strong>Cecilia Quinteros<\/strong> tiene un profuso trabajo en la escena de la improvisaci\u00f3n libre, el noise, el free jazz y el arte sonoro, en Buenos Aires y en el exterior. Ha compuesto obras para m\u00fasicos en Grecia, trabaj\u00f3 con una formaci\u00f3n en Italia, residi\u00f3 en Dinamarca y ha participado en diversos festivales en Europa. Grab\u00f3 varios discos con los distintos formatos y proyectos en los que participa. Escuchamos algo del \u00e1lbum <em><strong>Hait\u00ed,<\/strong><\/em> que la re\u00fane con <strong>Sergio Merce<\/strong> en saxo tenor, <strong>Marcelo von Schultz<\/strong> en bater\u00eda y suma como invitado a <strong>Christoph Gallio<\/strong> en saxos alto y soprano. Tambi\u00e9n suena algo de su \u00faltimo \u00e1lbum lanzado, <em><strong>Surtectura<\/strong><\/em>, en la que se la puede escuchar a d\u00fao con el baterista <strong>Marcelo von Schultz<\/strong>.<\/span><\/p>\n<figure id=\"attachment_1810\" aria-describedby=\"caption-attachment-1810\" style=\"width: 557px\" class=\"wp-caption aligncenter\"><img decoding=\"async\" class=\" wp-image-1810\" src=\"http:\/\/lanotaazul.com.ar\/wp-content\/uploads\/2018\/08\/2-1024x576.jpeg\" alt=\"\" width=\"557\" height=\"313\" \/><figcaption id=\"caption-attachment-1810\" class=\"wp-caption-text\">Cecilia Quinteros en La Nota Azul<\/figcaption><\/figure>\n<p>&nbsp;<\/p>\n<p><span style=\"font-size: 14pt;\">Cerramos con la m\u00fasica del <strong>Pablo Reartes Tr\u00edo<\/strong>, de su disco editado el a\u00f1o pasado, En propias manos.<\/span><\/p>\n<p><span style=\"font-size: 14pt;\">Todo eso y mucho m\u00e1s en dos horas de radio, m\u00fasica, jazz y otras formas libres.<\/span><\/p>\n<p style=\"text-align: center;\"><a href=\"http:\/\/lanotaazul.com.ar\/programas\/vida-simple-experimentacion-y-libertad-juan-bayon-sebastian-tapia-cecilia-quinteros-en-la-nota-azul\/\" target=\"_blank\"><span style=\"font-size: 18pt;\"><strong><em>ESCUCH\u00c1 TAMBI\u00c9N DESDE AC\u00c1<\/em><\/strong><\/span><\/a><\/p>\n<p style=\"text-align: center;\">\n<p style=\"text-align: center;\"><img loading=\"lazy\" decoding=\"async\" class=\"aligncenter  wp-image-1814\" src=\"http:\/\/lanotaazul.com.ar\/wp-content\/uploads\/2018\/08\/6-1024x575.jpeg\" alt=\"\" width=\"551\" height=\"309\" \/><\/p>\n<div class='share-to-whatsapp-wrapper'><div class='share-on-whsp'>Share on: <\/div><div class='clear '><\/div><\/div>","protected":false},"excerpt":{"rendered":"<p>Ni los fan\u00e1ticos de la represi\u00f3n y el control de los cuerpos, ni los devotos del silencio, la quietud o el estatismo, pueden detener lo que la m\u00fasica pone en movimiento. El jazz ha servido desde el principio para quitarle hostilidad al mundo, hacerlo un poco m\u00e1s habitable y llenarlo siempre de libertad. Esa libertad [&hellip;]<\/p>\n","protected":false},"author":14,"featured_media":6371,"comment_status":"open","ping_status":"open","sticky":false,"template":"","format":"standard","meta":{"footnotes":""},"categories":[261],"tags":[81,52,293,305,296,166],"class_list":["post-6370","post","type-post","status-publish","format-standard","has-post-thumbnail","hentry","category-la-nota-azul","tag-agenda-cultural","tag-cultura","tag-jazz","tag-jazz-federal-club","tag-la-nota-azul","tag-musica"],"_links":{"self":[{"href":"https:\/\/zumbalaturba.com.ar\/index.php?rest_route=\/wp\/v2\/posts\/6370","targetHints":{"allow":["GET"]}}],"collection":[{"href":"https:\/\/zumbalaturba.com.ar\/index.php?rest_route=\/wp\/v2\/posts"}],"about":[{"href":"https:\/\/zumbalaturba.com.ar\/index.php?rest_route=\/wp\/v2\/types\/post"}],"author":[{"embeddable":true,"href":"https:\/\/zumbalaturba.com.ar\/index.php?rest_route=\/wp\/v2\/users\/14"}],"replies":[{"embeddable":true,"href":"https:\/\/zumbalaturba.com.ar\/index.php?rest_route=%2Fwp%2Fv2%2Fcomments&post=6370"}],"version-history":[{"count":0,"href":"https:\/\/zumbalaturba.com.ar\/index.php?rest_route=\/wp\/v2\/posts\/6370\/revisions"}],"wp:featuredmedia":[{"embeddable":true,"href":"https:\/\/zumbalaturba.com.ar\/index.php?rest_route=\/wp\/v2\/media\/6371"}],"wp:attachment":[{"href":"https:\/\/zumbalaturba.com.ar\/index.php?rest_route=%2Fwp%2Fv2%2Fmedia&parent=6370"}],"wp:term":[{"taxonomy":"category","embeddable":true,"href":"https:\/\/zumbalaturba.com.ar\/index.php?rest_route=%2Fwp%2Fv2%2Fcategories&post=6370"},{"taxonomy":"post_tag","embeddable":true,"href":"https:\/\/zumbalaturba.com.ar\/index.php?rest_route=%2Fwp%2Fv2%2Ftags&post=6370"}],"curies":[{"name":"wp","href":"https:\/\/api.w.org\/{rel}","templated":true}]}}