{"id":6375,"date":"2018-08-19T21:18:50","date_gmt":"2018-08-19T21:18:50","guid":{"rendered":"http:\/\/zumbalaturba.com.ar\/?p=6375"},"modified":"2018-08-19T21:18:50","modified_gmt":"2018-08-19T21:18:50","slug":"territorios-inexplorados","status":"publish","type":"post","link":"https:\/\/zumbalaturba.com.ar\/?p=6375","title":{"rendered":"Territorios inexplorados"},"content":{"rendered":"<p style=\"padding-left: 150px;\"><span style=\"font-size: 14pt;\"><em>Dos generaciones, cuatro referentes. Dos, tres, cuatro m\u00fasicos, que se conocen y que no, y que se re\u00fanen para crear. Una m\u00fasica nueva, un disco nuevo que propone la emoci\u00f3n de recorrer un territorio inexplorado\u2026 As\u00ed iniciamos este programa n\u00famero 141 de <\/em><strong>La Nota Azul<\/strong><em>, correspondiente al s\u00e1bado 11 de agosto de 2018. Por radio <\/em><strong>Zumba La Turba<\/strong><em>, en la FM 99.5 de C\u00f3rdoba, Argentina.<\/em><\/span><\/p>\n<p><iframe id=\"audio_27926566\" style=\"border: 1px solid #EEE; box-sizing: border-box; width: 100%;\" src=\"https:\/\/ar.ivoox.com\/es\/player_ej_27926566_4_1.html?c1=ff6600\" width=\"300\" height=\"200\" frameborder=\"0\" scrolling=\"no\" allowfullscreen=\"allowfullscreen\"><\/iframe><\/p>\n<p>&nbsp;<\/p>\n<p><span style=\"font-size: 14pt;\">Comenzamos el programa escuchando la m\u00fasica del<img fetchpriority=\"high\" decoding=\"async\" class=\"alignright wp-image-1839 \" src=\"http:\/\/lanotaazul.com.ar\/wp-content\/uploads\/2018\/08\/uNCHARTED-Territories-1024x1024.jpg\" alt=\"\" width=\"257\" height=\"257\" \/> disco de <strong>Dave Holland<\/strong> con <strong>Evan Parker<\/strong>, <strong>Craig Taborn<\/strong> y <strong>Ches Smith<\/strong>: <strong><em>Uncharted Territories<\/em><\/strong>, lanzado por el sello <em>Dare2 Records<\/em> este a\u00f1o 2018. En el \u00e1lbum doble se pueden escuchar distintas combinaciones del grupo en formatos de d\u00fao, tr\u00edos y el cuarteto completo, en intervenciones improvisadas y algunas composiciones. Escuchamos cuatro momentos del cuarteto a pleno haciendo alarde de creatividad y expresi\u00f3n musical.<\/span><\/p>\n<p><span style=\"font-size: 14pt;\"><img decoding=\"async\" class=\"alignleft wp-image-1830\" src=\"http:\/\/lanotaazul.com.ar\/wp-content\/uploads\/2018\/08\/Geri-Allen-1024x920.jpg\" alt=\"\" width=\"257\" height=\"231\" \/>Luego escuchamos a <strong>Geri Allen<\/strong> en piano solo desde el \u00e1lbum <strong><em>Flyng Toward the Sound<\/em><\/strong>, que lleva el ilustrativo subt\u00edtulo de <strong><em>A Solo Piano Excursion Inspired by Cecil Taylor, McCoy Tyner and Herbie Hancock<\/em><\/strong>.<\/span><\/p>\n<p>&nbsp;<\/p>\n<p><span style=\"font-size: 14pt;\">Luego, en momentos en que se est\u00e1 desarrollando la tercera edici\u00f3n del <strong>Festival de Jazz\u00a0de La Cumbre<\/strong>, escuchamos a <strong>Leonardo Piantino<\/strong><img decoding=\"async\" class=\"alignright wp-image-1825\" src=\"http:\/\/lanotaazul.com.ar\/wp-content\/uploads\/2018\/08\/All-Free.jpg\" alt=\"\" width=\"267\" height=\"238\" \/>, que participar\u00e1 del festival con agrupaci\u00f3n <strong>Ratas Calientes<\/strong>. Pero nosotros lo seleccionamos para\u00a0escucharlo en esta oportunidad desde la m\u00fasica de <strong>All Free<\/strong>, <em>ciclo de de Improvisaci\u00f3n Libre de Rosario<\/em>.\u00a0De all\u00ed seleccionamos una grabaci\u00f3n del 23 de agosto de 2011 en la que se lo escucha a <strong>Leonardo Piantino<\/strong> en saxo, junto con <strong>Leo Genovese<\/strong> en piano, <strong>Mariano Sayago<\/strong> en contrabajo y <strong>Sebasti\u00e1n Mamet<\/strong> en bater\u00eda.<\/span><\/p>\n<p><span style=\"font-size: 14pt;\">Despu\u00e9s es el turno de la segunda parte del segmento dedicado al contrabajista franc\u00e9s <strong>Henri Teixer<\/strong> y lo escuchamos en la selecci\u00f3n hecha por el sello <em>Label Bleu<\/em>, en conmemoraci\u00f3n de sus 20 a\u00f1os.<\/span><\/p>\n<p><span style=\"font-size: 14pt;\">Nos damos el gusto de disfrutar tambi\u00e9n a la chelista <strong>Cecilia Quinteros<\/strong>, desde el proyecto <strong>Mokita,<\/strong> que la re\u00fane con el saxofonista suizo <strong>Christoph Gallio<\/strong> en el alto y el soprano, <strong>Alex Elgier<\/strong> en el piano y <strong>Marcelo Von Schultz<\/strong> en bater\u00eda. La m\u00fasica de <strong>Mokita<\/strong> fue grabada en mayo de 2017 y lanzada en disco este a\u00f1o 2018 por el sello <em>Creative Sources Recordings<\/em>.<\/span><\/p>\n<p><span style=\"font-size: 14pt;\">Y para cerrar, retomamos la efem\u00e9ride de la muerte de Bertolt Brecht del 14 de agosto y escuchamos el cl\u00e1sico <em><strong>Mack The Knife<\/strong><\/em> de <em>La \u00d3pera de los tres centavos<\/em>, por el trompetista <strong>Nicholas Payton<\/strong> desde el \u00e1lbum <strong><em>Dear Louis<\/em><\/strong>.<\/span><\/p>\n<div id='gallery-1' class='gallery galleryid-6375 gallery-columns-3 gallery-size-medium'><figure class='gallery-item'>\n\t\t\t<div class='gallery-icon landscape'>\n\t\t\t\t<img loading=\"lazy\" decoding=\"async\" width=\"300\" height=\"271\" src=\"https:\/\/zumbalaturba.com.ar\/wp-content\/uploads\/2018\/08\/MOKITA-300x271.jpg\" class=\"attachment-medium size-medium\" alt=\"\" srcset=\"https:\/\/zumbalaturba.com.ar\/wp-content\/uploads\/2018\/08\/MOKITA-300x271.jpg 300w, https:\/\/zumbalaturba.com.ar\/wp-content\/uploads\/2018\/08\/MOKITA.jpg 500w\" sizes=\"(max-width: 300px) 100vw, 300px\" \/>\n\t\t\t<\/div><\/figure><figure class='gallery-item'>\n\t\t\t<div class='gallery-icon landscape'>\n\t\t\t\t<img loading=\"lazy\" decoding=\"async\" width=\"300\" height=\"298\" src=\"https:\/\/zumbalaturba.com.ar\/wp-content\/uploads\/2018\/08\/label-bleu-300x298.jpg\" class=\"attachment-medium size-medium\" alt=\"\" srcset=\"https:\/\/zumbalaturba.com.ar\/wp-content\/uploads\/2018\/08\/label-bleu-300x298.jpg 300w, https:\/\/zumbalaturba.com.ar\/wp-content\/uploads\/2018\/08\/label-bleu.jpg 400w\" sizes=\"(max-width: 300px) 100vw, 300px\" \/>\n\t\t\t<\/div><\/figure><figure class='gallery-item'>\n\t\t\t<div class='gallery-icon landscape'>\n\t\t\t\t<img loading=\"lazy\" decoding=\"async\" width=\"300\" height=\"300\" src=\"https:\/\/zumbalaturba.com.ar\/wp-content\/uploads\/2018\/08\/Payton-Dear-Louis-300x300.jpg\" class=\"attachment-medium size-medium\" alt=\"\" srcset=\"https:\/\/zumbalaturba.com.ar\/wp-content\/uploads\/2018\/08\/Payton-Dear-Louis-300x300.jpg 300w, https:\/\/zumbalaturba.com.ar\/wp-content\/uploads\/2018\/08\/Payton-Dear-Louis-768x768.jpg 768w, https:\/\/zumbalaturba.com.ar\/wp-content\/uploads\/2018\/08\/Payton-Dear-Louis-1024x1024.jpg 1024w, https:\/\/zumbalaturba.com.ar\/wp-content\/uploads\/2018\/08\/Payton-Dear-Louis.jpg 1280w\" sizes=\"(max-width: 300px) 100vw, 300px\" \/>\n\t\t\t<\/div><\/figure>\n\t\t<\/div>\n\n<p>&nbsp;<\/p>\n<p><span style=\"font-size: 14pt;\">Todo eso y mucho m\u00e1s en dos horas de jazz, m\u00fasica y radio&#8230; y otras formas libres.<\/span><\/p>\n<p>&nbsp;<\/p>\n<p style=\"text-align: center;\"><span style=\"font-size: 18pt;\"><a href=\"http:\/\/lanotaazul.com.ar\/programas\/territorios-inexplorados\/\" target=\"_blank\" rel=\"noopener noreferrer\"><strong><em>ESCUCHALO TAMBI\u00c9N POR AC\u00c1<\/em><\/strong><\/a><\/span><\/p>\n<div class='share-to-whatsapp-wrapper'><div class='share-on-whsp'>Share on: <\/div><div class='clear '><\/div><\/div>","protected":false},"excerpt":{"rendered":"<p>Dos generaciones, cuatro referentes. Dos, tres, cuatro m\u00fasicos, que se conocen y que no, y que se re\u00fanen para crear. Una m\u00fasica nueva, un disco nuevo que propone la emoci\u00f3n de recorrer un territorio inexplorado\u2026 As\u00ed iniciamos este programa n\u00famero 141 de La Nota Azul, correspondiente al s\u00e1bado 11 de agosto de 2018. Por radio [&hellip;]<\/p>\n","protected":false},"author":14,"featured_media":6377,"comment_status":"open","ping_status":"open","sticky":false,"template":"","format":"standard","meta":{"footnotes":""},"categories":[261],"tags":[81,52,293,305,296,166],"class_list":["post-6375","post","type-post","status-publish","format-standard","has-post-thumbnail","hentry","category-la-nota-azul","tag-agenda-cultural","tag-cultura","tag-jazz","tag-jazz-federal-club","tag-la-nota-azul","tag-musica"],"_links":{"self":[{"href":"https:\/\/zumbalaturba.com.ar\/index.php?rest_route=\/wp\/v2\/posts\/6375","targetHints":{"allow":["GET"]}}],"collection":[{"href":"https:\/\/zumbalaturba.com.ar\/index.php?rest_route=\/wp\/v2\/posts"}],"about":[{"href":"https:\/\/zumbalaturba.com.ar\/index.php?rest_route=\/wp\/v2\/types\/post"}],"author":[{"embeddable":true,"href":"https:\/\/zumbalaturba.com.ar\/index.php?rest_route=\/wp\/v2\/users\/14"}],"replies":[{"embeddable":true,"href":"https:\/\/zumbalaturba.com.ar\/index.php?rest_route=%2Fwp%2Fv2%2Fcomments&post=6375"}],"version-history":[{"count":0,"href":"https:\/\/zumbalaturba.com.ar\/index.php?rest_route=\/wp\/v2\/posts\/6375\/revisions"}],"wp:featuredmedia":[{"embeddable":true,"href":"https:\/\/zumbalaturba.com.ar\/index.php?rest_route=\/wp\/v2\/media\/6377"}],"wp:attachment":[{"href":"https:\/\/zumbalaturba.com.ar\/index.php?rest_route=%2Fwp%2Fv2%2Fmedia&parent=6375"}],"wp:term":[{"taxonomy":"category","embeddable":true,"href":"https:\/\/zumbalaturba.com.ar\/index.php?rest_route=%2Fwp%2Fv2%2Fcategories&post=6375"},{"taxonomy":"post_tag","embeddable":true,"href":"https:\/\/zumbalaturba.com.ar\/index.php?rest_route=%2Fwp%2Fv2%2Ftags&post=6375"}],"curies":[{"name":"wp","href":"https:\/\/api.w.org\/{rel}","templated":true}]}}