{"id":6424,"date":"2018-08-25T21:08:38","date_gmt":"2018-08-26T00:08:38","guid":{"rendered":"http:\/\/zumbalaturba.com.ar\/?p=6424"},"modified":"2023-10-14T19:02:32","modified_gmt":"2023-10-14T22:02:32","slug":"la-corte-suprema-confirmo-la-extradicion-a-chile-del-lonko-facundo-jones-huala-es-secuestrado-de-su-casa-por-la-policia-y-no-se-sabe-su-paradero-urgente-difundir","status":"publish","type":"post","link":"https:\/\/zumbalaturba.com.ar\/?p=6424","title":{"rendered":"La Corte Suprema confirm\u00f3 la extradici\u00f3n del Lonko Facundo Jones Huala. Es secuestrado de su casa y llevado a la c\u00e1rcel de Esquel"},"content":{"rendered":"<div>\n<p><strong>S\u00e1bado 25\/8 17.10hs Urgente la polic\u00eda federal se llev\u00f3 al Lonko Weichafe Facundo Jones Huala del arresto domiciliario sin leer la notificaci\u00f3n escrita\u00a0 y sin informar paradero durante varias horas. Actualmente se encuentra en unidad 14 de Esquel, pabell\u00f3n n\u00b06.<\/strong><\/p>\n<p><strong>Audio testimonio de Andrea Milla\u00f1anco :<\/strong><\/p>\n<audio class=\"wp-audio-shortcode\" id=\"audio-6424-1\" preload=\"none\" style=\"width: 100%;\" controls=\"controls\"><source type=\"audio\/mpeg\" src=\"https:\/\/zumbalaturba.com.ar\/wp-content\/uploads\/2018\/08\/WhatsApp-Audio-2018-08-25-at-17.40.53.mp3?_=1\" \/><a href=\"https:\/\/zumbalaturba.com.ar\/wp-content\/uploads\/2018\/08\/WhatsApp-Audio-2018-08-25-at-17.40.53.mp3\">https:\/\/zumbalaturba.com.ar\/wp-content\/uploads\/2018\/08\/WhatsApp-Audio-2018-08-25-at-17.40.53.mp3<\/a><\/audio>\n<audio class=\"wp-audio-shortcode\" id=\"audio-6424-2\" preload=\"none\" style=\"width: 100%;\" controls=\"controls\"><source type=\"audio\/mpeg\" src=\"https:\/\/zumbalaturba.com.ar\/wp-content\/uploads\/2018\/08\/WhatsApp-Audio-2018-08-25-at-17.40.58.mp3?_=2\" \/><a href=\"https:\/\/zumbalaturba.com.ar\/wp-content\/uploads\/2018\/08\/WhatsApp-Audio-2018-08-25-at-17.40.58.mp3\">https:\/\/zumbalaturba.com.ar\/wp-content\/uploads\/2018\/08\/WhatsApp-Audio-2018-08-25-at-17.40.58.mp3<\/a><\/audio>\n<p style=\"text-align: center;\">\n<p style=\"text-align: center;\"><span style=\"font-size: 18pt;\"><strong><em>La Corte Suprema confirm\u00f3 la extradici\u00f3n a Chile del Lonko Facundo Jones Huala \u00a0 <span style=\"font-size: 12pt;\">Por: Anred<\/span><br \/>\n<\/em><\/strong><\/span><\/p>\n<p><img fetchpriority=\"high\" decoding=\"async\" class=\"aligncenter size-full wp-image-102152\" src=\"http:\/\/www.anred.org\/wp-content\/uploads\/2018\/08\/TAPA-38.jpg\" sizes=\"(max-width: 1366px) 100vw, 1366px\" srcset=\"http:\/\/www.anred.org\/wp-content\/uploads\/2018\/08\/TAPA-38.jpg 1366w, http:\/\/www.anred.org\/wp-content\/uploads\/2018\/08\/TAPA-38-780x437.jpg 780w, http:\/\/www.anred.org\/wp-content\/uploads\/2018\/08\/TAPA-38-768x430.jpg 768w, http:\/\/www.anred.org\/wp-content\/uploads\/2018\/08\/TAPA-38-1024x573.jpg 1024w, http:\/\/www.anred.org\/wp-content\/uploads\/2018\/08\/TAPA-38-825x462.jpg 825w, http:\/\/www.anred.org\/wp-content\/uploads\/2018\/08\/TAPA-38-690x386.jpg 690w, http:\/\/www.anred.org\/wp-content\/uploads\/2018\/08\/TAPA-38-510x286.jpg 510w, http:\/\/www.anred.org\/wp-content\/uploads\/2018\/08\/TAPA-38-1100x616.jpg 1100w\" alt=\"\" width=\"1366\" height=\"765\" \/><\/p>\n<p><strong>La Corte Suprema de Justicia argentina confirm\u00f3 ayer que<\/strong><strong> Facundo Jones Huala, referente mapuche de la Lof en Resistencia de Cushamen, Chubut, debe ser juzgado por la justicia de Chile. Ahora, la Canciller\u00eda argentina \u2013 previa consulta con el presidente Mauricio Macri \u2013 deber\u00e1 decidir si acepta o no el requerimiento del lonko mapuche de ser juzgado en la Argentina. El fallo sienta las bases para la criminalizaci\u00f3n mapuche y contra futuros alegatos por parte de las comunidades, que siguen luchando activamente por la recuperaci\u00f3n ancestral de sus tierras. <em>Por ANRed.<\/em><\/strong><\/p>\n<hr \/>\n<p>De esa manera, por unanimidad los jueces supremos <strong>Ricardo Lorenzetti, Juan Carlos Maqueda y\u00a0Elena Highton de Nolasco <\/strong>rechazaron los planteos formulados por <strong>Sonia Ivanoff<\/strong>, abogada defensora del referente mapuche, quien hab\u00eda cuestionado la medida por entender que <strong>es parte de una persecuci\u00f3n pol\u00edtica por su compromiso pol\u00edtico y que no est\u00e1 garantizada su seguridad en Chile<\/strong>.<\/p>\n<p>Ivanoff hab\u00eda alegado el <strong>\u201cprincipio de doble incriminaci\u00f3n\u201d<\/strong>, y cuestion\u00f3 la figura de \u201cincendio\u201d de una propiedad de la que se lo acusa a Huala y remarc\u00f3 las diferencias de tipificaci\u00f3n para el concepto \u201carma artesanal\u201d en la justicia penal chilena en comparaci\u00f3n con el C\u00f3digo Penal Argentino.<\/p>\n<p>Esto es porque <strong>la justicia chilena acusa a Jones Huala de los supuestos delitos de \u201cincendio en lugar habitado\u201d, <\/strong>por una propiedad en el interior del fundo <strong>Pisu Pisue<\/strong>, cerca de <strong>Valdivia<\/strong>, el 9 de enero de 2013 a las 23,<strong> y \u201ctenencia ilegal de arma de fuego de fabricaci\u00f3n artesanal\u201d, <\/strong>figuras para las que <strong>la justicia chilena contempla penas de entre 10 y 20 a\u00f1os de reclusi\u00f3n la primera figura y de tres a 10 a\u00f1os para la segunda.<\/strong><\/p>\n<p>&nbsp;<\/p>\n<p>El pol\u00e9mico rechazo de la Corte es un respaldo a los argumentos jur\u00eddicos del juez federal subrogante en Bariloche, <strong>Gustavo Villanueva<\/strong>, para extraditarlo, y al fallo del dictamen del procurador general de la Naci\u00f3n, <strong>Eduardo Casal <\/strong>quien tambi\u00e9n se hab\u00eda mostrado de acuerdo y recomendaba informar a la justicia trasandina los 13 meses que Jones Huala permaneci\u00f3 detenido con prisi\u00f3n preventiva en el penal de Esquel, si finalmente termina siendo condenado. Pero principalmente <strong>sienta las bases contra futuros alegatos por parte de la comunidad mapuche, que sigue luchando activamente por la recuperaci\u00f3n ancestral de sus tierras y, por ende, para su criminalizaci\u00f3n. <\/strong><\/p>\n<p>Tras el fallo de la Corte, la <strong>Canciller\u00eda argentina<\/strong> \u2013 previa consulta con el presidente <strong>Mauricio Macri<\/strong> \u2013 deber\u00e1 decidir si acepta el pedido del referente mapuche de ser juzgado en Argentina. De \u00e9sta manera, el canciller <strong>Jorge Faurie tiene 10 d\u00edas h\u00e1biles para pronunciarse.<\/strong><\/p>\n<p><strong>Dado el fuerte posicionamiento represivo que el gobierno ha adoptado contra las luchas mapuche y el antecedente del acuerdo con el pa\u00eds trasandino para perseguir a las comunidades mapuche, se descarta que Macri rechazar\u00eda sin dudarlo el pedido de Huala de ser juzgado en suelo argentino.<\/strong><\/p>\n<p style=\"text-align: right;\">\n<blockquote class=\"wp-embedded-content\" data-secret=\"6tzFC2KjBp\"><p><a href=\"http:\/\/www.anred.org\/?p=102151\">La Corte Suprema confirm\u00f3 la extradici\u00f3n a Chile de Facundo Jones Huala<\/a><\/p><\/blockquote>\n<p><iframe class=\"wp-embedded-content\" sandbox=\"allow-scripts\" security=\"restricted\" style=\"position: absolute; clip: rect(1px, 1px, 1px, 1px);\" src=\"http:\/\/www.anred.org\/?p=102151&#038;embed=true#?secret=6tzFC2KjBp\" data-secret=\"6tzFC2KjBp\" width=\"600\" height=\"338\" title=\"&#8220;La Corte Suprema confirm\u00f3 la extradici\u00f3n a Chile de Facundo Jones Huala&#8221; &#8212; ANRed\" frameborder=\"0\" marginwidth=\"0\" marginheight=\"0\" scrolling=\"no\"><\/iframe><\/p>\n<\/div>\n<p>&nbsp;<\/p>\n<div class='share-to-whatsapp-wrapper'><div class='share-on-whsp'>Share on: <\/div><div class='clear '><\/div><\/div>","protected":false},"excerpt":{"rendered":"<p>S\u00e1bado 25\/8 17.10hs Urgente la polic\u00eda federal se llev\u00f3 al Lonko Weichafe Facundo Jones Huala del arresto domiciliario sin leer la notificaci\u00f3n escrita\u00a0 y sin informar paradero durante varias horas. Actualmente se encuentra en unidad 14 de Esquel, pabell\u00f3n n\u00b06. Audio testimonio de Andrea Milla\u00f1anco : La Corte Suprema confirm\u00f3 la extradici\u00f3n a Chile del [&hellip;]<\/p>\n","protected":false},"author":18,"featured_media":6425,"comment_status":"open","ping_status":"open","sticky":false,"template":"","format":"standard","meta":{"footnotes":""},"categories":[39,15,1191,42,3],"tags":[22,1059,369,1058,912],"class_list":["post-6424","post","type-post","status-publish","format-standard","has-post-thumbnail","hentry","category-cordoba-originaria","category-la-zumba","category-luchas-por-el-territorio","category-pueblosoriginarios","category-rnma","tag-chile","tag-cushamen","tag-facundo-jones-huala","tag-lonko","tag-mapuche"],"_links":{"self":[{"href":"https:\/\/zumbalaturba.com.ar\/index.php?rest_route=\/wp\/v2\/posts\/6424","targetHints":{"allow":["GET"]}}],"collection":[{"href":"https:\/\/zumbalaturba.com.ar\/index.php?rest_route=\/wp\/v2\/posts"}],"about":[{"href":"https:\/\/zumbalaturba.com.ar\/index.php?rest_route=\/wp\/v2\/types\/post"}],"author":[{"embeddable":true,"href":"https:\/\/zumbalaturba.com.ar\/index.php?rest_route=\/wp\/v2\/users\/18"}],"replies":[{"embeddable":true,"href":"https:\/\/zumbalaturba.com.ar\/index.php?rest_route=%2Fwp%2Fv2%2Fcomments&post=6424"}],"version-history":[{"count":0,"href":"https:\/\/zumbalaturba.com.ar\/index.php?rest_route=\/wp\/v2\/posts\/6424\/revisions"}],"wp:featuredmedia":[{"embeddable":true,"href":"https:\/\/zumbalaturba.com.ar\/index.php?rest_route=\/wp\/v2\/media\/6425"}],"wp:attachment":[{"href":"https:\/\/zumbalaturba.com.ar\/index.php?rest_route=%2Fwp%2Fv2%2Fmedia&parent=6424"}],"wp:term":[{"taxonomy":"category","embeddable":true,"href":"https:\/\/zumbalaturba.com.ar\/index.php?rest_route=%2Fwp%2Fv2%2Fcategories&post=6424"},{"taxonomy":"post_tag","embeddable":true,"href":"https:\/\/zumbalaturba.com.ar\/index.php?rest_route=%2Fwp%2Fv2%2Ftags&post=6424"}],"curies":[{"name":"wp","href":"https:\/\/api.w.org\/{rel}","templated":true}]}}