{"id":6469,"date":"2018-09-02T16:08:59","date_gmt":"2018-09-02T16:08:59","guid":{"rendered":"http:\/\/zumbalaturba.com.ar\/?p=6469"},"modified":"2018-09-02T16:08:59","modified_gmt":"2018-09-02T16:08:59","slug":"experimentar-y-poner-el-cuerpo-musica-en-varias-direcciones-a-la-vez","status":"publish","type":"post","link":"https:\/\/zumbalaturba.com.ar\/?p=6469","title":{"rendered":"Experimentar y poner el cuerpo: m\u00fasica en varias direcciones a la vez"},"content":{"rendered":"<p style=\"padding-left: 150px;\"><span style=\"font-size: 14pt;\"><em>Usada como propaganda puede producir la expresi\u00f3n; usada como arma de colonizaci\u00f3n puede generar el desahogo violento de la libertad. La m\u00fasica puede ser una manera de dar vuelta las condiciones que imponen la derrota, una forma de enfrentar el camino obligado y tomar varias direcciones a la vez. La m\u00fasica es una forma de la rebeli\u00f3n, un modo poderoso de triunfar\u2026 <strong>Both Directions At Once<\/strong>, <\/em><strong>John Coltrane<\/strong><em>,\u00a0abre esta emisi\u00f3n de <\/em><strong>La Nota Azul<\/strong><em>\u2026<\/em><\/span><\/p>\n<p><iframe id=\"audio_28260477\" style=\"border: 1px solid #EEE; box-sizing: border-box; width: 100%;\" src=\"https:\/\/ar.ivoox.com\/es\/player_ej_28260477_4_1.html?c1=ff6600\" width=\"300\" height=\"200\" frameborder=\"0\" scrolling=\"no\" allowfullscreen=\"allowfullscreen\"><\/iframe><\/p>\n<p><span style=\"font-size: 14pt;\">De esta manera arranc\u00e1bamos este programa n\u00famero 143 de <strong>La Nota Azul<\/strong>, <img fetchpriority=\"high\" decoding=\"async\" class=\"alignright size-medium wp-image-1858\" src=\"http:\/\/lanotaazul.com.ar\/wp-content\/uploads\/2018\/09\/John-Coltrane-Both-Directions-At-Once-300x300.jpg\" alt=\"\" width=\"300\" height=\"300\" \/>correspondiente al s\u00e1bado 1 de septiembre de 2018. Como siempre, por el aire de radio\u00a0<strong>Zumba La Turba<\/strong> en la FM 99.5 de C\u00f3rdoba, Argentina.<\/span><\/p>\n<p><span style=\"font-size: 14pt;\">Comenzamos el programa con la m\u00fasica de <strong>John Coltrane<\/strong> y el disco lanzado este a\u00f1o\u00a0bajo el t\u00edtulo <em><strong>Both Directions At Once: The Lost Album<\/strong><\/em>. El disco re\u00fane grabaciones realizadas el 6 de marzo de 1963 en el estudio de Rudy Van Gelder, en las que se puede escuchar a Coltrane en los saxos tenor y soprano, <strong>McCoy Tyner<\/strong> en el piano, <strong>Jimmy Garrison<\/strong> en el contrabajo y <strong>Elvin Jones<\/strong> en la bater\u00eda.<\/span><\/p>\n<p><span style=\"font-size: 14pt;\">Con esta m\u00fasica nos hacemos eco de la buena noticia radial que significa el regreso al aire de <a href=\"https:\/\/www.facebook.com\/Despuntandoelvicio.radio\/\" target=\"_blank\" rel=\"noopener noreferrer\"><em><strong>Despuntando el vicio<\/strong><\/em><\/a>, programa producido por <strong>Adri\u00e1n Baigorria<\/strong> y orientado hacia el jazz y la m\u00fasica negra. <strong><em>Despuntando el vicio<\/em> <\/strong>vuelve al aire radial, esta vez en la FM de la UTN, 94.3, los domingos de 20 a 22 hs. <em><a href=\"https:\/\/www.frc.utn.edu.ar\/radio\/#\" target=\"_blank\" rel=\"noopener noreferrer\">Aqu\u00ed se puede escuchar tambi\u00e9n on line<\/a><\/em>.<\/span><\/p>\n<p><span style=\"font-size: 14pt;\">Nos comunicamos con <strong>Adri\u00e1n Baigorria<\/strong> y conversamos sobre esta vuelta a la radio y sobre el proyecto <em><strong>Rendez-vous<\/strong><\/em>, un cruce entre la literatura y el jazz, que sostiene con la escritora <strong>Luciana Bedini<\/strong>.<\/span><\/p>\n<p><span style=\"font-size: 14pt;\">Adem\u00e1s, adelantamos lo que ser\u00e1 el <em><strong>Experimentalia<\/strong><\/em> 2018, la novena edici\u00f3n de este ciclo de m\u00fasica nueva y arte sonoro que se realiza en el Centro Cultural Espa\u00f1a C\u00f3rdoba. Recibimos la visita de <strong>Franco Pellini<\/strong>, coordinador externo del ciclo en esta edici\u00f3n y de algunos de los m\u00fasicos que ser\u00e1n parte del evento: <strong>Ives Romero<\/strong> y <strong>Federico Ragessi<\/strong> del d\u00fao <strong>Cayote,<\/strong> la cantante y actriz <strong>Constanza Pellicci<\/strong> y la compositora <strong>Florencia Paj\u00f3n P\u00e1ez<\/strong>. \/ <a href=\"https:\/\/www.facebook.com\/events\/177801383034973\/\" target=\"_blank\" rel=\"noopener noreferrer\"><em>Aqu\u00ed la informaci\u00f3n del evento<\/em><\/a>.<\/span><\/p>\n<p><a href=\"https:\/\/www.facebook.com\/events\/177801383034973\/\" target=\"_blank\" rel=\"noopener noreferrer\"><img decoding=\"async\" class=\"aligncenter wp-image-1857\" src=\"http:\/\/lanotaazul.com.ar\/wp-content\/uploads\/2018\/09\/Experimentalia.jpg\" alt=\"\" width=\"560\" height=\"381\" \/><\/a><\/p>\n<p><span style=\"font-size: 14pt;\">Escuchamos a <strong>Ignacio Roulet<\/strong> con <strong>M\u00e1ximo Endrek<\/strong>, desde el \u00e1lbum lanzado este a\u00f1o <em><strong>Sva Cviqve Persona Vol. II sacrifice<\/strong><\/em>, grabado en <em>Una Casa<\/em> en Buenos Aires. Tambi\u00e9n suena la m\u00fasica de la saxofonista y compositora <strong>Vero Flores<\/strong>, que ser\u00e1 parte del <em><strong>Experimentalia.<\/strong><\/em> <strong>Florencia Paj\u00f3n P\u00e1ez<\/strong> nos presenta su composici\u00f3n <strong><em>Apnea,<\/em><\/strong> y del d\u00fao <strong>Cayote<\/strong> escuchamos <strong><em>Cracia,<\/em><\/strong> m\u00fasica grabada con <strong>Franco Pellini<\/strong> y <strong>M\u00e1ximo <img decoding=\"async\" class=\"alignright wp-image-1859\" src=\"http:\/\/lanotaazul.com.ar\/wp-content\/uploads\/2018\/09\/perfection-300x300.jpg\" alt=\"\" width=\"294\" height=\"294\" \/>Endrek<\/strong> incluida en el reciente disco <em><strong>Fragmentos ap\u00f3crifos<\/strong><\/em>.<\/span><\/p>\n<p><span style=\"font-size: 14pt;\">Cerramos el programa con el disco <strong><em>Perfection,<\/em><\/strong> lanzado en 2016 bajo la firma del\u00a0<strong>Murray Allen &amp; Carrington Power Trio<\/strong>, que con la forma de un homenaje a Ornette Coleman, re\u00fane al saxofonista <strong>David Murray<\/strong> con la pianista <strong>Geri Allen<\/strong> y la baterista <strong>Terri Lyne Carrington<\/strong>.<\/span><\/p>\n<p><span style=\"font-size: 14pt;\">Todo eso y mucho m\u00e1s en dos horas de radio, m\u00fasica, jazz y otras formas libres.<\/span><\/p>\n<p>&nbsp;<\/p>\n<p style=\"text-align: center;\"><span style=\"font-size: 18pt;\"><a href=\"http:\/\/lanotaazul.com.ar\/programas\/experimentar-y-poner-el-cuerpo-musica-en-varias-direcciones-a-la-vez\/\" target=\"_blank\" rel=\"noopener noreferrer\"><strong><em>ESCUCHAR TAMBI\u00c9N DESDE AC\u00c1<\/em><\/strong><\/a><\/span><\/p>\n<p style=\"text-align: center;\">\n<div id='gallery-1' class='gallery galleryid-6469 gallery-columns-2 gallery-size-medium'><figure class='gallery-item'>\n\t\t\t<div class='gallery-icon landscape'>\n\t\t\t\t<img loading=\"lazy\" decoding=\"async\" width=\"300\" height=\"225\" src=\"https:\/\/zumbalaturba.com.ar\/wp-content\/uploads\/2018\/09\/1-300x225.jpeg\" class=\"attachment-medium size-medium\" alt=\"\" aria-describedby=\"gallery-1-6470\" srcset=\"https:\/\/zumbalaturba.com.ar\/wp-content\/uploads\/2018\/09\/1-300x225.jpeg 300w, https:\/\/zumbalaturba.com.ar\/wp-content\/uploads\/2018\/09\/1-90x68.jpeg 90w, https:\/\/zumbalaturba.com.ar\/wp-content\/uploads\/2018\/09\/1-768x576.jpeg 768w, https:\/\/zumbalaturba.com.ar\/wp-content\/uploads\/2018\/09\/1-1024x768.jpeg 1024w, https:\/\/zumbalaturba.com.ar\/wp-content\/uploads\/2018\/09\/1.jpeg 1280w\" sizes=\"(max-width: 300px) 100vw, 300px\" \/>\n\t\t\t<\/div>\n\t\t\t\t<figcaption class='wp-caption-text gallery-caption' id='gallery-1-6470'>\n\t\t\t\tFlorencia Paj\u00f3n P\u00e1ez y Constanza Pellicci\n\t\t\t\t<\/figcaption><\/figure><figure class='gallery-item'>\n\t\t\t<div class='gallery-icon landscape'>\n\t\t\t\t<img loading=\"lazy\" decoding=\"async\" width=\"300\" height=\"225\" src=\"https:\/\/zumbalaturba.com.ar\/wp-content\/uploads\/2018\/09\/5-300x225.jpeg\" class=\"attachment-medium size-medium\" alt=\"\" aria-describedby=\"gallery-1-6471\" srcset=\"https:\/\/zumbalaturba.com.ar\/wp-content\/uploads\/2018\/09\/5-300x225.jpeg 300w, https:\/\/zumbalaturba.com.ar\/wp-content\/uploads\/2018\/09\/5-90x68.jpeg 90w, https:\/\/zumbalaturba.com.ar\/wp-content\/uploads\/2018\/09\/5-768x576.jpeg 768w, https:\/\/zumbalaturba.com.ar\/wp-content\/uploads\/2018\/09\/5-1024x768.jpeg 1024w, https:\/\/zumbalaturba.com.ar\/wp-content\/uploads\/2018\/09\/5.jpeg 1280w\" sizes=\"(max-width: 300px) 100vw, 300px\" \/>\n\t\t\t<\/div>\n\t\t\t\t<figcaption class='wp-caption-text gallery-caption' id='gallery-1-6471'>\n\t\t\t\tFederico Ragessi, Ives Romero y Franco Pellini\n\t\t\t\t<\/figcaption><\/figure>\n\t\t<\/div>\n\n<p>&nbsp;<\/p>\n<div class='share-to-whatsapp-wrapper'><div class='share-on-whsp'>Share on: <\/div><div class='clear '><\/div><\/div>","protected":false},"excerpt":{"rendered":"<p>Usada como propaganda puede producir la expresi\u00f3n; usada como arma de colonizaci\u00f3n puede generar el desahogo violento de la libertad. La m\u00fasica puede ser una manera de dar vuelta las condiciones que imponen la derrota, una forma de enfrentar el camino obligado y tomar varias direcciones a la vez. La m\u00fasica es una forma de [&hellip;]<\/p>\n","protected":false},"author":14,"featured_media":6472,"comment_status":"open","ping_status":"open","sticky":false,"template":"","format":"standard","meta":{"footnotes":""},"categories":[261],"tags":[81,52,293,305,296,166],"class_list":["post-6469","post","type-post","status-publish","format-standard","has-post-thumbnail","hentry","category-la-nota-azul","tag-agenda-cultural","tag-cultura","tag-jazz","tag-jazz-federal-club","tag-la-nota-azul","tag-musica"],"_links":{"self":[{"href":"https:\/\/zumbalaturba.com.ar\/index.php?rest_route=\/wp\/v2\/posts\/6469","targetHints":{"allow":["GET"]}}],"collection":[{"href":"https:\/\/zumbalaturba.com.ar\/index.php?rest_route=\/wp\/v2\/posts"}],"about":[{"href":"https:\/\/zumbalaturba.com.ar\/index.php?rest_route=\/wp\/v2\/types\/post"}],"author":[{"embeddable":true,"href":"https:\/\/zumbalaturba.com.ar\/index.php?rest_route=\/wp\/v2\/users\/14"}],"replies":[{"embeddable":true,"href":"https:\/\/zumbalaturba.com.ar\/index.php?rest_route=%2Fwp%2Fv2%2Fcomments&post=6469"}],"version-history":[{"count":0,"href":"https:\/\/zumbalaturba.com.ar\/index.php?rest_route=\/wp\/v2\/posts\/6469\/revisions"}],"wp:featuredmedia":[{"embeddable":true,"href":"https:\/\/zumbalaturba.com.ar\/index.php?rest_route=\/wp\/v2\/media\/6472"}],"wp:attachment":[{"href":"https:\/\/zumbalaturba.com.ar\/index.php?rest_route=%2Fwp%2Fv2%2Fmedia&parent=6469"}],"wp:term":[{"taxonomy":"category","embeddable":true,"href":"https:\/\/zumbalaturba.com.ar\/index.php?rest_route=%2Fwp%2Fv2%2Fcategories&post=6469"},{"taxonomy":"post_tag","embeddable":true,"href":"https:\/\/zumbalaturba.com.ar\/index.php?rest_route=%2Fwp%2Fv2%2Ftags&post=6469"}],"curies":[{"name":"wp","href":"https:\/\/api.w.org\/{rel}","templated":true}]}}