{"id":6506,"date":"2018-09-09T22:03:28","date_gmt":"2018-09-09T22:03:28","guid":{"rendered":"http:\/\/zumbalaturba.com.ar\/?p=6506"},"modified":"2018-09-09T22:03:28","modified_gmt":"2018-09-09T22:03:28","slug":"el-jazz-la-musica-y-la-euforia-extrema-de-la-libertad-albert-ayler-daniel-palacios-y-el-ciclo-experimentalia-en-la-nota-azul","status":"publish","type":"post","link":"https:\/\/zumbalaturba.com.ar\/?p=6506","title":{"rendered":"El jazz, la m\u00fasica y la euforia extrema de la libertad. Albert Ayler, Daniel Palacios y el ciclo Experimentalia en La Nota Azul."},"content":{"rendered":"<p style=\"padding-left: 150px;\"><span style=\"font-size: 14pt;\"><em>No es la verborragia que confunde, no es la distorsi\u00f3n ni la mentira. No es el estampido de la bala que revienta en el pecho de un ni\u00f1o. No es la paz mentirosa que se ejerce con violencia. La m\u00fasica es exactamente lo contrario. La m\u00fasica, esta m\u00fasica que suena como el jazz, es el argumento irrebatible que destruye el discurso del poder, con la euforia extrema de la libertad.<\/em><\/span><\/p>\n<p><iframe id=\"audio_28437794\" style=\"border: 1px solid #EEE; box-sizing: border-box; width: 100%;\" src=\"https:\/\/ar.ivoox.com\/es\/player_ej_28437794_4_1.html?c1=ff6600\" width=\"300\" height=\"200\" frameborder=\"0\" scrolling=\"no\" allowfullscreen=\"allowfullscreen\"><\/iframe><\/p>\n<p><span style=\"font-size: 14pt;\">As\u00ed empezaba este programa n\u00famero 144 de <strong><img fetchpriority=\"high\" decoding=\"async\" class=\"alignright wp-image-1873\" src=\"http:\/\/lanotaazul.com.ar\/wp-content\/uploads\/2018\/09\/Front-1024x1024.jpg\" alt=\"\" width=\"307\" height=\"307\" \/>La Nota Azul<\/strong>, correspondiente al\u00a0s\u00e1bado 8 de septiembre de 2018. Por radio <strong>Zumba La Turba<\/strong>, en la FM 99.5 de C\u00f3rdoba, Argentina.<\/span><\/p>\n<p><span style=\"font-size: 14pt;\">Usamos la m\u00fasica de <strong>Albert Ayler<\/strong> para comenzar con un grito de rabia y libertad en una reivindicaci\u00f3n de la m\u00fasica y del jazz. Escuchamos el disco <strong><em>Spiritual Unity<\/em><\/strong>, lanzado en 1964, con <strong>Albert Ayler<\/strong> en el saxo tenor, <strong>Gary Peacock<\/strong> en el contrabajo y <strong>Sonny Murray<\/strong> en la bater\u00eda.<\/span><\/p>\n<p><img decoding=\"async\" class=\"alignleft wp-image-1876\" src=\"http:\/\/lanotaazul.com.ar\/wp-content\/uploads\/2018\/09\/Daniel-Palacios.jpg\" alt=\"\" width=\"226\" height=\"275\" \/><\/p>\n<p><span style=\"font-size: 14pt;\">Recibimos la visita de <strong>Daniel Palacios<\/strong>, saxofonista de la ciudad de La Rioja que tiene una larga trayectoria integrando diferentes formaciones de diversos g\u00e9neros musicales, como el folklore, el tango, el jazz, el rock y la m\u00fasica cl\u00e1sica. Actualmente est\u00e1 presentando su disco n\u00famero 19, un \u00e1lbum doble titulado <em><strong>Camino al coraz\u00f3n<\/strong><\/em>. El pr\u00f3ximo s\u00e1bado 20 de octubre lo presentar\u00e1 en C\u00f3rdoba con <strong>Germ\u00e1n Siman<\/strong> en bater\u00eda, <strong>Agust\u00edn Waldheim<\/strong> en piano y <strong>Lucas S\u00e1nchez<\/strong> en el contrabajo.<\/span><\/p>\n<p>&nbsp;<\/p>\n<p><span style=\"font-size: 14pt;\">Tambi\u00e9n nos visitan <strong>Franco Pellini<\/strong> y <strong>And\u00e9s Rivera Fern\u00e1ndez<\/strong> para comentar c\u00f3mo se vivieron las dos primeras fechas del <em><strong>Experimentalia,<\/strong><\/em> ciclo de m\u00fasica nueva y arte sonoro que se est\u00e1 desarrollando en el <em>Centro Cultural Espa\u00f1a C\u00f3rdoba<\/em>. Venido de Chile, el compositor, guitarrista y productor <strong>Andr\u00e9s Rivera Fern\u00e1ndez<\/strong> particip\u00f3 con la obra <em><strong>Fueron ellos<\/strong><\/em>, que suena tambi\u00e9n aqu\u00ed en el programa. <a href=\"https:\/\/soundcloud.com\/andresriveraf\" target=\"_blank\" rel=\"noopener noreferrer\"><em>Aqu\u00ed se puede escuchar su m\u00fasica<\/em><\/a>.<\/span><\/p>\n<p><img decoding=\"async\" class=\"aligncenter wp-image-1872\" src=\"http:\/\/lanotaazul.com.ar\/wp-content\/uploads\/2018\/09\/andr\u00e9s-rivera-fern\u00e1ndez-1024x544.jpg\" alt=\"\" width=\"604\" height=\"321\" \/><\/p>\n<p>&nbsp;<\/p>\n<p><span style=\"font-size: 14pt;\">Cerramos con algo de la vibrafonista cubana <strong>Tamara Casta\u00f1eda<\/strong> y su disco <strong><em>Saboreando,<\/em><\/strong> del a\u00f1o 2007.<\/span><\/p>\n<p><span style=\"font-size: 14pt;\">Todo eso y mucho m\u00e1s en dos horas de radio, m\u00fasica, jazz y otras formas libres&#8230;<\/span><\/p>\n<p style=\"text-align: center;\"><span style=\"font-size: 18pt;\"><a href=\"http:\/\/lanotaazul.com.ar\/programas\/el-jazz-la-musica-y-la-euforia-extrema-de-la-libertad-albert-ayler-daniel-palacios-y-el-ciclo-experimentalia-en-la-nota-azul\/\" target=\"_blank\" rel=\"noopener noreferrer\"><em><strong>ESCUCHALO TAMBI\u00c9N POR AC\u00c1<\/strong><\/em><\/a><\/span><\/p>\n<figure id=\"attachment_1869\" aria-describedby=\"caption-attachment-1869\" style=\"width: 640px\" class=\"wp-caption aligncenter\"><img loading=\"lazy\" decoding=\"async\" class=\"wp-image-1869 size-large\" src=\"http:\/\/lanotaazul.com.ar\/wp-content\/uploads\/2018\/09\/1-1-1024x576.jpeg\" alt=\"\" width=\"640\" height=\"360\" \/><figcaption id=\"caption-attachment-1869\" class=\"wp-caption-text\">El saxofonista Daniel Palacios en La Nota Azul.<\/figcaption><\/figure>\n<div class='share-to-whatsapp-wrapper'><div class='share-on-whsp'>Share on: <\/div><div class='clear '><\/div><\/div>","protected":false},"excerpt":{"rendered":"<p>No es la verborragia que confunde, no es la distorsi\u00f3n ni la mentira. No es el estampido de la bala que revienta en el pecho de un ni\u00f1o. No es la paz mentirosa que se ejerce con violencia. La m\u00fasica es exactamente lo contrario. La m\u00fasica, esta m\u00fasica que suena como el jazz, es el [&hellip;]<\/p>\n","protected":false},"author":14,"featured_media":6508,"comment_status":"open","ping_status":"open","sticky":false,"template":"","format":"standard","meta":{"footnotes":""},"categories":[261],"tags":[81,52,293,305,296,166],"class_list":["post-6506","post","type-post","status-publish","format-standard","has-post-thumbnail","hentry","category-la-nota-azul","tag-agenda-cultural","tag-cultura","tag-jazz","tag-jazz-federal-club","tag-la-nota-azul","tag-musica"],"_links":{"self":[{"href":"https:\/\/zumbalaturba.com.ar\/index.php?rest_route=\/wp\/v2\/posts\/6506","targetHints":{"allow":["GET"]}}],"collection":[{"href":"https:\/\/zumbalaturba.com.ar\/index.php?rest_route=\/wp\/v2\/posts"}],"about":[{"href":"https:\/\/zumbalaturba.com.ar\/index.php?rest_route=\/wp\/v2\/types\/post"}],"author":[{"embeddable":true,"href":"https:\/\/zumbalaturba.com.ar\/index.php?rest_route=\/wp\/v2\/users\/14"}],"replies":[{"embeddable":true,"href":"https:\/\/zumbalaturba.com.ar\/index.php?rest_route=%2Fwp%2Fv2%2Fcomments&post=6506"}],"version-history":[{"count":0,"href":"https:\/\/zumbalaturba.com.ar\/index.php?rest_route=\/wp\/v2\/posts\/6506\/revisions"}],"wp:featuredmedia":[{"embeddable":true,"href":"https:\/\/zumbalaturba.com.ar\/index.php?rest_route=\/wp\/v2\/media\/6508"}],"wp:attachment":[{"href":"https:\/\/zumbalaturba.com.ar\/index.php?rest_route=%2Fwp%2Fv2%2Fmedia&parent=6506"}],"wp:term":[{"taxonomy":"category","embeddable":true,"href":"https:\/\/zumbalaturba.com.ar\/index.php?rest_route=%2Fwp%2Fv2%2Fcategories&post=6506"},{"taxonomy":"post_tag","embeddable":true,"href":"https:\/\/zumbalaturba.com.ar\/index.php?rest_route=%2Fwp%2Fv2%2Ftags&post=6506"}],"curies":[{"name":"wp","href":"https:\/\/api.w.org\/{rel}","templated":true}]}}