{"id":6534,"date":"2018-09-17T13:16:27","date_gmt":"2018-09-17T13:16:27","guid":{"rendered":"http:\/\/zumbalaturba.com.ar\/?p=6534"},"modified":"2018-09-17T13:16:27","modified_gmt":"2018-09-17T13:16:27","slug":"la-musica-por-encima","status":"publish","type":"post","link":"https:\/\/zumbalaturba.com.ar\/?p=6534","title":{"rendered":"La m\u00fasica por encima"},"content":{"rendered":"<p style=\"padding-left: 150px;\"><span style=\"font-size: 14pt;\"><em>Por encima de esas ganas vac\u00edas de clasificar, de inventar etiquetas, de ordenar el tiempo y dejarse aplastar por la preocupaci\u00f3n. Por encima de toda la ilusi\u00f3n de opresores, del silencio impuesto y la censura, lo que obliga a no hablar, lo que impide escuchar. Por encima de todo eso est\u00e1 la m\u00fasica. El disco <strong>Speak,<\/strong> de la <\/em><strong>Fred Hess Big Band<\/strong><em>, a\u00f1o 2012, nos sirve para iniciar musicalmente este programa n\u00famero 145 de <\/em><strong>La Nota Azul<\/strong><em>, correspondiente al s\u00e1bado 15 de septiembre de 2018. Por radio <\/em><strong>Zumba La Turba<\/strong><em>, en la FM 99.5 de C\u00f3rdoba, Argentina.<\/em><\/span><\/p>\n<p><iframe id=\"audio_28610387\" style=\"border: 1px solid #EEE; box-sizing: border-box; width: 100%;\" src=\"https:\/\/ar.ivoox.com\/es\/player_ej_28610387_4_1.html?c1=ff6600\" width=\"300\" height=\"200\" frameborder=\"0\" scrolling=\"no\" allowfullscreen=\"allowfullscreen\"><\/iframe><\/p>\n<p><span style=\"font-size: 14pt;\">Comenzamos con la m\u00fasica de <strong>Fred Hess<\/strong>, <img fetchpriority=\"high\" decoding=\"async\" class=\"alignright size-medium wp-image-1886\" src=\"http:\/\/lanotaazul.com.ar\/wp-content\/uploads\/2018\/09\/Fred-Hess-Speak-300x270.jpg\" alt=\"\" width=\"300\" height=\"270\" \/>saxofonista norteamericano con fuertes influencias de la vanguardia de la la <em>AACM<\/em> (<em>Association for the Advancement of Creative Musicians<\/em>). Residente en Colorado, es el fundador del <em>Boulder Creative Music Ensemble<\/em>. Abrimos musicalmente el programa con la <strong>Fred Hess Big Band<\/strong> y el disco del a\u00f1o 2012, titulado <strong><em>Speak,<\/em><\/strong> que cuenta con la participaci\u00f3n como invitados, del trombonista <strong>John Fedchock<\/strong> y el baterista <strong>Matt Wilson<\/strong>.<\/span><\/p>\n<p><span style=\"font-size: 14pt;\">Luego presentamos al pianista de Portugal <strong>Diogo Vida<\/strong> y su disco lanzado este a\u00f1o 2018 <strong><em>El Duende<\/em><\/strong>, en tr\u00edo con <strong>Yuri Daniel<\/strong> en bajo el\u00e9ctrico y <strong>Vicky Marques<\/strong> en bater\u00eda. <strong>Diogo Vida<\/strong> tiene una formaci\u00f3n y una trayectoria muy nutridas y ha participado en la escena del jazz en Lisboa, en Oporto y en Barcelona. Adem\u00e1s de <strong><em>El Duende<\/em><\/strong>, este a\u00f1o 2018 tambi\u00e9n ha lanzado el EP <strong><em>August<\/em><\/strong>, ligado a la electr\u00f3nica y la improvisaci\u00f3n.<\/span><\/p>\n<div id='gallery-1' class='gallery galleryid-6534 gallery-columns-2 gallery-size-medium'><figure class='gallery-item'>\n\t\t\t<div class='gallery-icon landscape'>\n\t\t\t\t<img decoding=\"async\" width=\"300\" height=\"256\" src=\"https:\/\/zumbalaturba.com.ar\/wp-content\/uploads\/2018\/09\/Diogo-vida-300x256.jpg\" class=\"attachment-medium size-medium\" alt=\"\" srcset=\"https:\/\/zumbalaturba.com.ar\/wp-content\/uploads\/2018\/09\/Diogo-vida-300x256.jpg 300w, https:\/\/zumbalaturba.com.ar\/wp-content\/uploads\/2018\/09\/Diogo-vida-768x656.jpg 768w, https:\/\/zumbalaturba.com.ar\/wp-content\/uploads\/2018\/09\/Diogo-vida-1024x875.jpg 1024w, https:\/\/zumbalaturba.com.ar\/wp-content\/uploads\/2018\/09\/Diogo-vida.jpg 1200w\" sizes=\"(max-width: 300px) 100vw, 300px\" \/>\n\t\t\t<\/div><\/figure><figure class='gallery-item'>\n\t\t\t<div class='gallery-icon landscape'>\n\t\t\t\t<img decoding=\"async\" width=\"300\" height=\"300\" src=\"https:\/\/zumbalaturba.com.ar\/wp-content\/uploads\/2018\/09\/Diogo-Vida-El-Duende-300x300.jpg\" class=\"attachment-medium size-medium\" alt=\"\" srcset=\"https:\/\/zumbalaturba.com.ar\/wp-content\/uploads\/2018\/09\/Diogo-Vida-El-Duende-300x300.jpg 300w, https:\/\/zumbalaturba.com.ar\/wp-content\/uploads\/2018\/09\/Diogo-Vida-El-Duende-768x768.jpg 768w, https:\/\/zumbalaturba.com.ar\/wp-content\/uploads\/2018\/09\/Diogo-Vida-El-Duende-1024x1024.jpg 1024w, https:\/\/zumbalaturba.com.ar\/wp-content\/uploads\/2018\/09\/Diogo-Vida-El-Duende.jpg 1400w\" sizes=\"(max-width: 300px) 100vw, 300px\" \/>\n\t\t\t<\/div><\/figure>\n\t\t<\/div>\n\n<p><span style=\"font-size: 14pt;\"><img loading=\"lazy\" decoding=\"async\" class=\"alignleft size-medium wp-image-1889\" src=\"http:\/\/lanotaazul.com.ar\/wp-content\/uploads\/2018\/09\/Gente-con-swing-209x300.jpg\" alt=\"\" width=\"209\" height=\"300\" \/>A continuaci\u00f3n comentamos el libro <strong><em>Gente con Swing<\/em><\/strong>, textos de jazz compilados por <strong>Horacio Vargas<\/strong>. El pr\u00f3ximo mi\u00e9rcoles 19 de septiembre el propio Horacio Vargas, junto con <strong>Santiago Giordano<\/strong> y <strong>Adri\u00e1n Baigorria<\/strong> participar\u00e1n en la presentaci\u00f3n del libro en el Cabildo Hist\u00f3rico de C\u00f3rdoba, en el marco de la <em>Feria del Libro y el Conocimiento<\/em>. Escuchamos, para ilustar, el canto y la trompeta de <strong>Chet Baker<\/strong>, a quien se refiere el texto de Santiago Giordano incluido en el libro.<\/span><\/p>\n<p><span style=\"font-size: 14pt;\">Presentamos tambi\u00e9n el disco <strong><em>La sombra\u00a0del sauce transparente<\/em><\/strong>, <img loading=\"lazy\" decoding=\"async\" class=\"alignright size-medium wp-image-1881\" src=\"http:\/\/lanotaazul.com.ar\/wp-content\/uploads\/2018\/09\/Carlos-Casazza-La-Sombra-del-Sauce-Transaparente-300x274.jpg\" alt=\"\" width=\"300\" height=\"274\" \/>lanzado este a\u00f1o por el sello <strong><em>Blue Art Records<\/em><\/strong> de Rosario, con la firma del <strong>Carlos Casazza Cuarteto<\/strong>. En este nuevo disco de <strong>Carlos Casazza<\/strong>, guitarrista referente en la escena de jazz de Rosario y del pa\u00eds, se re\u00fanen <strong>Ernesto Jodos<\/strong> en el piano, <strong>Mauricio Dawid<\/strong> en el contrabajo y <strong>Carto Brand\u00e1n<\/strong> en la bater\u00eda.<\/span><\/p>\n<p><span style=\"font-size: 14pt;\">Para el \u00faltimo bloque nos quedamos en Rosario y presentamos el disco de <strong>Leonardo Piantino <em>Ya es hora<\/em><\/strong>, lanzado tambi\u00e9n este a\u00f1o por el sello de la <em>Editorial Municipal de Rosario<\/em>.<\/span><\/p>\n<p><img loading=\"lazy\" decoding=\"async\" class=\"aligncenter size-medium wp-image-1890\" src=\"http:\/\/lanotaazul.com.ar\/wp-content\/uploads\/2018\/09\/Leonardo-Piantino-Ya-es-hora-300x225.jpg\" alt=\"\" width=\"300\" height=\"225\" \/><\/p>\n<p>&nbsp;<\/p>\n<p><span style=\"font-size: 14pt;\">Todo eso y mucho m\u00e1s en dos horas de jazz, m\u00fasica y radio.<\/span><\/p>\n<p>&nbsp;<\/p>\n<p style=\"text-align: center;\"><span style=\"font-size: 18pt;\"><a href=\"http:\/\/lanotaazul.com.ar\/programas\/la-musica-por-encima\/\" target=\"_blank\" rel=\"noopener noreferrer\"><strong><em>ESCUCHALO TAMBI\u00c9N POR AC\u00c1<\/em><\/strong><\/a><\/span><\/p>\n<div class='share-to-whatsapp-wrapper'><div class='share-on-whsp'>Share on: <\/div><div class='clear '><\/div><\/div>","protected":false},"excerpt":{"rendered":"<p>Por encima de esas ganas vac\u00edas de clasificar, de inventar etiquetas, de ordenar el tiempo y dejarse aplastar por la preocupaci\u00f3n. Por encima de toda la ilusi\u00f3n de opresores, del silencio impuesto y la censura, lo que obliga a no hablar, lo que impide escuchar. Por encima de todo eso est\u00e1 la m\u00fasica. El disco [&hellip;]<\/p>\n","protected":false},"author":14,"featured_media":6537,"comment_status":"open","ping_status":"open","sticky":false,"template":"","format":"standard","meta":{"footnotes":""},"categories":[261],"tags":[81,52,293,305,296,166],"class_list":["post-6534","post","type-post","status-publish","format-standard","has-post-thumbnail","hentry","category-la-nota-azul","tag-agenda-cultural","tag-cultura","tag-jazz","tag-jazz-federal-club","tag-la-nota-azul","tag-musica"],"_links":{"self":[{"href":"https:\/\/zumbalaturba.com.ar\/index.php?rest_route=\/wp\/v2\/posts\/6534","targetHints":{"allow":["GET"]}}],"collection":[{"href":"https:\/\/zumbalaturba.com.ar\/index.php?rest_route=\/wp\/v2\/posts"}],"about":[{"href":"https:\/\/zumbalaturba.com.ar\/index.php?rest_route=\/wp\/v2\/types\/post"}],"author":[{"embeddable":true,"href":"https:\/\/zumbalaturba.com.ar\/index.php?rest_route=\/wp\/v2\/users\/14"}],"replies":[{"embeddable":true,"href":"https:\/\/zumbalaturba.com.ar\/index.php?rest_route=%2Fwp%2Fv2%2Fcomments&post=6534"}],"version-history":[{"count":0,"href":"https:\/\/zumbalaturba.com.ar\/index.php?rest_route=\/wp\/v2\/posts\/6534\/revisions"}],"wp:featuredmedia":[{"embeddable":true,"href":"https:\/\/zumbalaturba.com.ar\/index.php?rest_route=\/wp\/v2\/media\/6537"}],"wp:attachment":[{"href":"https:\/\/zumbalaturba.com.ar\/index.php?rest_route=%2Fwp%2Fv2%2Fmedia&parent=6534"}],"wp:term":[{"taxonomy":"category","embeddable":true,"href":"https:\/\/zumbalaturba.com.ar\/index.php?rest_route=%2Fwp%2Fv2%2Fcategories&post=6534"},{"taxonomy":"post_tag","embeddable":true,"href":"https:\/\/zumbalaturba.com.ar\/index.php?rest_route=%2Fwp%2Fv2%2Ftags&post=6534"}],"curies":[{"name":"wp","href":"https:\/\/api.w.org\/{rel}","templated":true}]}}