{"id":6623,"date":"2018-09-23T15:09:47","date_gmt":"2018-09-23T15:09:47","guid":{"rendered":"http:\/\/zumbalaturba.com.ar\/?p=6623"},"modified":"2018-09-23T15:09:47","modified_gmt":"2018-09-23T15:09:47","slug":"un-aire-renovado-el-jazz-las-latitudes-del-sur-y-las-formas-de-ser-otro","status":"publish","type":"post","link":"https:\/\/zumbalaturba.com.ar\/?p=6623","title":{"rendered":"Un aire renovado: el jazz, las latitudes del sur y las formas de ser otro"},"content":{"rendered":"<p style=\"padding-left: 150px;\"><span style=\"font-size: 14pt;\"><em>Entre la tradici\u00f3n y la vanguardia, entre los l\u00edmites del g\u00e9nero y la libertad, el buen jazz siempre tiene ese espacio de aire fresco y renovado, como el de un cambio de estaci\u00f3n\u2026 <strong>Change of season<\/strong>, la m\u00fasica de <\/em><strong>Herbie Nichols<\/strong><em>, a trav\u00e9s del prisma de <\/em><strong>Misha Mengelberg<\/strong><em>, <\/em><strong>Han Bennink<\/strong><em>, <\/em><strong>Steve Lacy<\/strong><em>,\u00a0<\/em><strong>George Lewis\u00a0<\/strong><em>y <\/em><strong>Arjen Gorter<\/strong><em>, abre <\/em><strong>La Nota Azul<\/strong><em>. As\u00ed arrancamos este programa n\u00famero 146,\u00a0correspondiente al s\u00e1bado 22 de septiembre de 2018. Por radio <\/em><strong>Zumba La Turba<\/strong><em>, en la FM 99.5 de C\u00f3rdoba, Argentina<\/em>.<\/span><\/p>\n<p><iframe id=\"audio_28797581\" style=\"border: 1px solid #EEE; box-sizing: border-box; width: 100%;\" src=\"https:\/\/ar.ivoox.com\/es\/player_ej_28797581_4_1.html?c1=ff6600\" width=\"300\" height=\"200\" frameborder=\"0\" scrolling=\"no\" allowfullscreen=\"allowfullscreen\"><\/iframe><\/p>\n<p><span style=\"font-size: 14pt;\">Comenzamos con el disco <strong><em>Change of Season<\/em><\/strong>, la m\u00fasica de <strong>Herbie Nichols<\/strong> <img fetchpriority=\"high\" decoding=\"async\" class=\"alignright wp-image-1896\" src=\"http:\/\/lanotaazul.com.ar\/wp-content\/uploads\/2018\/09\/Change-of-season.jpg\" alt=\"\" width=\"386\" height=\"370\" \/>a cargo de\u00a0un grupo que re\u00fane nada menos que a <strong>Misha Mengelberg<\/strong> en piano, <strong>Steve Lacy<\/strong> en saxo soprano, <strong>George Lewis<\/strong> en tromb\u00f3n, <strong>Arjen Gorter<\/strong> en contrabajo y <strong>Han Bennink<\/strong> en bater\u00eda. El grupo recrea composiciones del pianista norteamericano <strong>Herbie Nichols<\/strong>, quien participara en el surgimiento del bebop y en distintos escenarios del jazz de la d\u00e9cada del 40 y el 50, y muriera joven, de leucemia, en 1963. La recreaci\u00f3n realizada por este quinteto de Mengelberg, Lewis, Lacy, Gorter y Bennink, pone a las composiciones de Nichols en otro contexto musical y les saca provecho para desplegar su propia expresi\u00f3n art\u00edsitica. El \u00e1lbum fue lanzado en 1985 por el sello <em>Soul Note<\/em>.<\/span><\/p>\n<p><span style=\"font-size: 14pt;\"><img decoding=\"async\" class=\"alignleft wp-image-1906\" src=\"http:\/\/lanotaazul.com.ar\/wp-content\/uploads\/2018\/09\/sur.jpg\" alt=\"\" width=\"321\" height=\"321\" \/>Presentamos, adem\u00e1s, el nuevo disco de la agrupaci\u00f3n <strong>A Saidera Orquesta<\/strong>, titulado <em><strong>Sur,<\/strong><\/em> que acaba de ser editado y se presentar\u00e1 el pr\u00f3ximo s\u00e1bado 29 de septiembre en <em>Usina del Arte<\/em>, en Buenos Aires. Formada por 17 m\u00fasicos estables e invitados, <strong>A Saidera Orquesta<\/strong> vuelca su trabajo hacia la recreaci\u00f3n en formato de big band, de obras de m\u00fasica popular latinoamericana. El grupo se cre\u00f3 en 2009 por iniciativa del clarinetista y arreglador <strong>Emiliano \u00c1lvarez<\/strong>, con la idea primera de interpretar m\u00fasica popular brasile\u00f1a. En 2012 graban su primer disco <strong><em>Sotaque.<\/em><\/strong> Luego fueron ampliando su repertorio y la idea original de la banda hacia la m\u00fasica de otros pa\u00edses de Latinoam\u00e9rica. Acaban de grabar su segudo disco <strong><em>Sur,<\/em><\/strong> con una selecci\u00f3n de m\u00fasicos invitados, entre los que est\u00e1n Lito Vitale, Andre Mehmari, Hugo Fattoruso, Ligia Piro, Juan \u201cPollo\u201d Raffo, Lucho Gonzalez, Carlos \u201cNegro\u201d Aguirre, Dario Jalfin, Willy Gonzalez, Mariano Delgado y Gabriela Waciarz.<\/span><\/p>\n<p><span style=\"font-size: 14pt;\">Dialogamos con <strong>Emiliano \u00c1lvarez<\/strong>, mentor del grupo, clarinetista y arreglador, que nos coment\u00f3 acerca del trabajo de la banda, la grabaci\u00f3n del disco, y la pr\u00f3xima presentaci\u00f3n este s\u00e1bado 29 en la <em>Usina del Arte<\/em> en Buenos Aires.<\/span><\/p>\n<p><img decoding=\"async\" class=\"aligncenter size-large wp-image-1895\" src=\"http:\/\/lanotaazul.com.ar\/wp-content\/uploads\/2018\/09\/A-saidera-1024x576.jpg\" alt=\"\" width=\"640\" height=\"360\" \/><\/p>\n<p>&nbsp;<\/p>\n<p><span style=\"font-size: 14pt;\">Recibimos la visita de <strong>Lucas Acu\u00f1a<\/strong>, guitarrista, trompetista y compositor, que participa activa y profusamente en la escena de jazz en C\u00f3rdoba y ha grabado su guitarra en muchos grandes discos. Charlamos con \u00e9l sobre su trabajo, su relaci\u00f3n con el jazz, con la composici\u00f3n y su rol de guitarrista y su actual inclinaci\u00f3n m\u00e1s fuerte hacia la trompeta. Su proyecto <strong>Rinoceronte Tr\u00edo<\/strong> lo tiene en el lugar de trompetista y compositor y lo re\u00fane con <strong>Cristian Andrada<\/strong> en el contrabajo y <strong>Mat\u00edas Romero<\/strong> en la bater\u00eda. Rinoceronte ofrece una propuesta de una m\u00fasica que, con las sonoridades del jazz, deja un espacio amplio de libertad para la improvisaci\u00f3n y la interacci\u00f3n grupal. Acu\u00f1a nos anunci\u00f3 la primicia de que el tr\u00edo est\u00e1 a punto de entrar en estudios para grabar.<\/span><\/p>\n<figure id=\"attachment_1907\" aria-describedby=\"caption-attachment-1907\" style=\"width: 640px\" class=\"wp-caption aligncenter\"><img loading=\"lazy\" decoding=\"async\" class=\"size-large wp-image-1907\" src=\"http:\/\/lanotaazul.com.ar\/wp-content\/uploads\/2018\/09\/6-1024x576.jpeg\" alt=\"\" width=\"640\" height=\"360\" \/><figcaption id=\"caption-attachment-1907\" class=\"wp-caption-text\">Lucas Acu\u00f1a en La Nota Azul<\/figcaption><\/figure>\n<p>&nbsp;<\/p>\n<p><span style=\"font-size: 14pt;\">El pr\u00f3ximo viernes 28 de septiembre, <strong>Rinoceronte<\/strong> se presentar\u00e1 en <strong><em>L&#8217;ecole Bon Appetit<\/em><\/strong>, en Ayacucho 333, en la Ciudad de C\u00f3rdoba. Una oportunidad imperdible para acercarse a la experiencia de la m\u00fasica que propone el tr\u00edo.<\/span><\/p>\n<p><a href=\"https:\/\/www.facebook.com\/events\/287976758475126\/\" target=\"_blank\" rel=\"noopener noreferrer\"><img loading=\"lazy\" decoding=\"async\" class=\"aligncenter wp-image-1904 \" src=\"http:\/\/lanotaazul.com.ar\/wp-content\/uploads\/2018\/09\/Rinoceronte-en-Lecole.jpg\" alt=\"\" width=\"625\" height=\"492\" \/><\/a><\/p>\n<p>&nbsp;<\/p>\n<p><span style=\"font-size: 14pt;\">Escuchamos <strong><em>Billy,<\/em><\/strong> composici\u00f3n de <strong>Cristian Andrada<\/strong> arreglada para big band por <strong>Nicol\u00e1s Ocampo<\/strong>, por la <strong>C\u00f3rdoba Jazz Orchestra<\/strong>, que tiene en la l\u00ednea de trompeta a <strong>Lucas Acu\u00f1a<\/strong>. Tambi\u00e9n suenan <em><strong>Un anarquista<\/strong><\/em>, del disco <strong><em>Ondo<\/em><\/strong>\u00a0de 2012 y <strong><em>Obrero,<\/em><\/strong> del \u00e1lbum <em><strong>Detr\u00e1s del aire<\/strong><\/em> de 2014, ambos de Andrada, con <strong>Lucas Acu\u00f1a<\/strong> en la guitarra.<\/span><\/p>\n<p><span style=\"font-size: 14pt;\">Presentamos adem\u00e1s, el nuevo lanzamiento del <strong>Ensamble Real Book Argentina<\/strong>, titulado <strong><em>L\u00ednea de tiempo<\/em><\/strong>. La agrupaci\u00f3n est\u00e1 formada por <strong>Daniel &#8220;Pipi&#8221; Piazzolla<\/strong> <img loading=\"lazy\" decoding=\"async\" class=\"alignright wp-image-1901\" src=\"http:\/\/lanotaazul.com.ar\/wp-content\/uploads\/2018\/09\/Linea-de-tiempo.png\" alt=\"\" width=\"350\" height=\"350\" \/>en bater\u00eda, <strong>Mariano S\u00edvori<\/strong> en contrabajo, <strong>Lucio Balduini<\/strong> en la guitarra, <strong>Esteban Sehinkman<\/strong> en piano y rhodes, <strong>Bernardo Monk<\/strong> en saxo alto y algunos arreglos, <strong>Gustavo Musso<\/strong> en saxo tenor, <strong>Juan Cruz de Urquiza<\/strong> en trompeta y flugel, y <strong>Santiago de Francisco<\/strong> tambi\u00e9n en saxo tenor en algunos temas. En el \u00e1lbum tambi\u00e9n participa como invitado <strong>Mariano Otero<\/strong> en guitarra r\u00edtmica.<\/span><\/p>\n<p><span style=\"font-size: 14pt;\"><a href=\"http:\/\/www.realbookargentina.com\/\" target=\"_blank\" rel=\"noopener noreferrer\"><em><strong>Real Book Argentina<\/strong><\/em><\/a> es un proyecto que recopila composiciones y m\u00fasica escrita de autores argentinos y las re\u00fane en una colecci\u00f3n virtual para ser recreadas y difundidas, formando parte del acervo de creaci\u00f3n musical del jazz del pa\u00eds. En este tercer disco del <strong>Ensamble Real Book Argentina<\/strong>, agrupaci\u00f3n formada para interpretar y registrar los temas que forman parte de este cat\u00e1logo, se propone un recorrido temporal. El t\u00edtulo del \u00e1lbum, <strong><em>L\u00ednea de tiempo<\/em><\/strong>, remite a la idea que est\u00e1 presente en el repertorio, desde las primeras composiciones del jazz argentino, con la firma de <strong>Oscar Alem\u00e1n<\/strong>, hasta lo que se est\u00e1 componiendo hoy, dentro de las amplias fronteras que tienen que ver con esta m\u00fasica y estas regiones. As\u00ed, escuchamos el tema inicial y el tema de cierre del disco: <strong><em>Hombre m\u00edo<\/em><\/strong>, de <strong>Oscar Alem\u00e1n<\/strong>, y <strong><em>Playero<\/em><\/strong> de <strong>Tom\u00e1s Sainz<\/strong>.<\/span><\/p>\n<p><span style=\"font-size: 14pt;\"><img loading=\"lazy\" decoding=\"async\" class=\"alignleft size-medium wp-image-1905\" src=\"http:\/\/lanotaazul.com.ar\/wp-content\/uploads\/2018\/09\/sex-mob-300x300.jpeg\" alt=\"\" width=\"300\" height=\"300\" \/>Cerramos el programa con la m\u00fasica de los <strong>Sex Mob<\/strong>, desde el disco <em><strong>Live In Willisau 2006<\/strong><\/em>, lanzado por el sello <em>Thirsty Ear<\/em> en 2009, en el que se escucha al cuarteto, con la participaci\u00f3n de <strong>John Medeski<\/strong> en teclados. Los <strong>Sex Mob<\/strong> son <strong>Kenny Wollesen<\/strong> en bater\u00eda y percusi\u00f3n, <strong>Tony Scherr<\/strong> en el bajo, <strong>Steven Bernstein<\/strong> en la trompeta slide y <strong>Briggan Krauss<\/strong> en el saxo alto. De esta manera, anticipamos someramente algo del <em>Festival Internacional de Jazz de C\u00f3rdoba<\/em>, en el que participar\u00e1, seg\u00fan se dice, alguno de los miembros de este cuarteto.<\/span><\/p>\n<p><span style=\"font-size: 14pt;\">Todo eso y mucho m\u00e1s en dos horas de radio, m\u00fasica, jazz y otras formas libres&#8230;<\/span><\/p>\n<p>&nbsp;<\/p>\n<p style=\"text-align: center;\"><span style=\"font-size: 18pt;\"><a href=\"http:\/\/lanotaazul.com.ar\/programas\/un-aire-renovado-el-jazz-las-latitudes-del-sur-y-las-formas-de-ser-otro\/\" target=\"_blank\" rel=\"noopener noreferrer\"><strong>ESCUCHALO TAMBI\u00c9N POR AC\u00c1<\/strong><\/a><\/span><\/p>\n<p>&nbsp;<\/p>\n<figure id=\"attachment_1909\" aria-describedby=\"caption-attachment-1909\" style=\"width: 551px\" class=\"wp-caption aligncenter\"><img loading=\"lazy\" decoding=\"async\" class=\" wp-image-1909\" src=\"http:\/\/lanotaazul.com.ar\/wp-content\/uploads\/2018\/09\/1-2-1024x576.jpeg\" alt=\"\" width=\"551\" height=\"310\" \/><figcaption id=\"caption-attachment-1909\" class=\"wp-caption-text\">Lucas Acu\u00f1a en La Nota Azul<\/figcaption><\/figure>\n<div class='share-to-whatsapp-wrapper'><div class='share-on-whsp'>Share on: <\/div><div class='clear '><\/div><\/div>","protected":false},"excerpt":{"rendered":"<p>Entre la tradici\u00f3n y la vanguardia, entre los l\u00edmites del g\u00e9nero y la libertad, el buen jazz siempre tiene ese espacio de aire fresco y renovado, como el de un cambio de estaci\u00f3n\u2026 Change of season, la m\u00fasica de Herbie Nichols, a trav\u00e9s del prisma de Misha Mengelberg, Han Bennink, Steve Lacy,\u00a0George Lewis\u00a0y Arjen Gorter, [&hellip;]<\/p>\n","protected":false},"author":14,"featured_media":6624,"comment_status":"open","ping_status":"open","sticky":false,"template":"","format":"standard","meta":{"footnotes":""},"categories":[261],"tags":[81,52,293,305,296,166],"class_list":["post-6623","post","type-post","status-publish","format-standard","has-post-thumbnail","hentry","category-la-nota-azul","tag-agenda-cultural","tag-cultura","tag-jazz","tag-jazz-federal-club","tag-la-nota-azul","tag-musica"],"_links":{"self":[{"href":"https:\/\/zumbalaturba.com.ar\/index.php?rest_route=\/wp\/v2\/posts\/6623","targetHints":{"allow":["GET"]}}],"collection":[{"href":"https:\/\/zumbalaturba.com.ar\/index.php?rest_route=\/wp\/v2\/posts"}],"about":[{"href":"https:\/\/zumbalaturba.com.ar\/index.php?rest_route=\/wp\/v2\/types\/post"}],"author":[{"embeddable":true,"href":"https:\/\/zumbalaturba.com.ar\/index.php?rest_route=\/wp\/v2\/users\/14"}],"replies":[{"embeddable":true,"href":"https:\/\/zumbalaturba.com.ar\/index.php?rest_route=%2Fwp%2Fv2%2Fcomments&post=6623"}],"version-history":[{"count":0,"href":"https:\/\/zumbalaturba.com.ar\/index.php?rest_route=\/wp\/v2\/posts\/6623\/revisions"}],"wp:featuredmedia":[{"embeddable":true,"href":"https:\/\/zumbalaturba.com.ar\/index.php?rest_route=\/wp\/v2\/media\/6624"}],"wp:attachment":[{"href":"https:\/\/zumbalaturba.com.ar\/index.php?rest_route=%2Fwp%2Fv2%2Fmedia&parent=6623"}],"wp:term":[{"taxonomy":"category","embeddable":true,"href":"https:\/\/zumbalaturba.com.ar\/index.php?rest_route=%2Fwp%2Fv2%2Fcategories&post=6623"},{"taxonomy":"post_tag","embeddable":true,"href":"https:\/\/zumbalaturba.com.ar\/index.php?rest_route=%2Fwp%2Fv2%2Ftags&post=6623"}],"curies":[{"name":"wp","href":"https:\/\/api.w.org\/{rel}","templated":true}]}}