{"id":6646,"date":"2018-09-30T05:32:56","date_gmt":"2018-09-30T05:32:56","guid":{"rendered":"http:\/\/zumbalaturba.com.ar\/?p=6646"},"modified":"2018-09-30T05:32:56","modified_gmt":"2018-09-30T05:32:56","slug":"desde-abajo","status":"publish","type":"post","link":"https:\/\/zumbalaturba.com.ar\/?p=6646","title":{"rendered":"Desde abajo"},"content":{"rendered":"<p style=\"padding-left: 150px;\"><span style=\"font-size: 14pt;\"><em>Notas graves, el timbre del bajo y una m\u00fasica s\u00f3lida y libre suenan a lo largo de este programa n\u00famero 147 de <\/em><strong>La Nota Azul<\/strong><em>, correspondiente al s\u00e1bado 29 de septiembre de 2018. Por radio <\/em><strong>Zumba La Turba<\/strong><em>, en la FM 99.5 de\u00a0<\/em><\/span><span style=\"font-size: 14pt;\"><em>C\u00f3rdoba, Argentina<\/em>.<\/span><\/p>\n<p><iframe id=\"audio_28976183\" style=\"border: 1px solid #EEE; box-sizing: border-box; width: 100%;\" src=\"https:\/\/ar.ivoox.com\/es\/player_ej_28976183_4_1.html?c1=ff6600\" width=\"300\" height=\"200\" frameborder=\"0\" scrolling=\"no\" allowfullscreen=\"allowfullscreen\"><\/iframe><\/p>\n<p><span style=\"font-size: 14pt;\">Comenzamos con la m\u00fasica de <strong>Pablo Basez<\/strong>, en la previa de su presentaci\u00f3n en C\u00f3rdoba con su proyecto <strong>La C\u00eda. El\u00e9ctrica<\/strong>. Recorremos tres discos de la trayectoria de <strong>Pablo Basez<\/strong>. En primer lugar, <strong><em>Nius On<\/em><\/strong> de 2011 y luego el \u00e1lbum <strong><em>Otros<\/em><\/strong> de 2013, ambos con el <strong>Novo Cuarteto<\/strong> que reun\u00eda a <strong>Luciano Casas<\/strong> en bater\u00eda, <strong>Gonzalo Rodr\u00edguez Vicente<\/strong> en saxo tenor, <strong>Rodrigo Agudelo Covarrubias<\/strong> en guitarra el\u00e9ctrica y a <strong>Pablo Basez<\/strong> en contrabajo. Tambi\u00e9n, claro, escuchamos <strong><em>C\u00f3ncavo y convexo<\/em><\/strong>, con la <strong>C\u00eda. El\u00e9ctrica<\/strong>, que adem\u00e1s del saxo tenor de <strong>Gonzalo Rodr\u00edguez<\/strong>, tiene a <strong>Noel Morroni<\/strong> en el piano, <strong>Mart\u00edn L\u00f3pez Grande<\/strong> en bater\u00eda y <strong>Pablo Basez<\/strong> en este caso en el bajo el\u00e9ctrico.<\/span><\/p>\n<p><span style=\"font-size: 14pt;\">Siguiendo, de alguna manera, la agenda de conciertos, llega el turno del contrabajista <strong>Mark Helias<\/strong>, que va a tocar en Argentina en formato de tr\u00edo con Ernesto Jodos en piano y Sergio Verdinelli en bater\u00eda. Escuchamos la m\u00fasica de <strong>Mark Helias<\/strong>, desde el proyecto <strong>Open Loose<\/strong> que lo re\u00fane en tr\u00edo con <strong>Tony Malaby<\/strong> en saxo tenor y <strong>Tom Rainey<\/strong> en bater\u00eda. El disco: <em><strong>Verbs of Will<\/strong><\/em>, grabado en el a\u00f1o 2002.<\/span><\/p>\n<p><span style=\"font-size: 14pt;\">Comentamos adem\u00e1s lo que fue el evento <em>M\u00fasicas del mundo por la Conciencia Ambiental<\/em>, que cont\u00f3 con la participaci\u00f3n, entre otros grandes m\u00fasicos, de <strong>Gustavo Lorenzatti<\/strong>, contrabajista destacado dentro de la escena musical y creativa de C\u00f3rdoba. De <strong>Lorenzatti<\/strong> escuchamos su disco <strong><em>Buenas Nuevas<\/em><\/strong>, m\u00fasica para solo contrabajo, lanzado por<em> BAU Records<\/em> en el a\u00f1o 2009.<\/span><\/p>\n<p><span style=\"font-size: 14pt;\">Luego presentamos al tr\u00edo <strong>Aura!<\/strong>, integrado por <strong>Popi Spatocco<\/strong> en piano, <strong>Facundo Guevara<\/strong> en percusi\u00f3n y <strong>Ricardo C\u00e1nepa<\/strong> en contrabajo. Escuchamos el disco <strong><em>Caminos sin tiempo<\/em><\/strong>, del a\u00f1o 2017, un recorrido por distintas geograf\u00edas y m\u00fasicas latinoamericanas, a trav\u00e9s de la improvisaci\u00f3n.<\/span><\/p>\n<p><span style=\"font-size: 14pt;\">Cerramos con m\u00fasica de <strong>Lou Reed<\/strong>, en grupo con <strong>Ornette Coleman<\/strong> en saxo alto, <strong>Mike Rathke<\/strong> y <strong>Fernando Saunders<\/strong> en guitarras, <strong>Tony Smith<\/strong> en bater\u00eda, <strong>Steven Bernstein<\/strong> en trompeta y arreglos,<strong> Doug Wieselman<\/strong> en saxo tenor y <strong>Paul Shapiro<\/strong> en saxo soprano. Suena <strong><em>Guilty,<\/em><\/strong> desde el \u00e1lbum <strong><em>The Raven<\/em><\/strong>, del a\u00f1o 2003.<\/span><\/p>\n<p>&nbsp;<\/p>\n<p><span style=\"font-size: 14pt;\">Todo eso y mucho m\u00e1s en dos horas de radio, m\u00fasica, jazz y otras formas libres&#8230;<\/span><\/p>\n<p>&nbsp;<\/p>\n<p style=\"text-align: center;\"><span style=\"font-size: 18pt;\"><a href=\"http:\/\/lanotaazul.com.ar\/programas\/desde-abajo\/\" target=\"_blank\" rel=\"noopener noreferrer\"><strong><em>ESCUCHALO TAMBI\u00c9N POR AC\u00c1<\/em><\/strong><\/a><\/span><\/p>\n<div class='share-to-whatsapp-wrapper'><div class='share-on-whsp'>Share on: <\/div><div class='clear '><\/div><\/div>","protected":false},"excerpt":{"rendered":"<p>Notas graves, el timbre del bajo y una m\u00fasica s\u00f3lida y libre suenan a lo largo de este programa n\u00famero 147 de La Nota Azul, correspondiente al s\u00e1bado 29 de septiembre de 2018. Por radio Zumba La Turba, en la FM 99.5 de\u00a0C\u00f3rdoba, Argentina. Comenzamos con la m\u00fasica de Pablo Basez, en la previa de [&hellip;]<\/p>\n","protected":false},"author":14,"featured_media":6647,"comment_status":"open","ping_status":"open","sticky":false,"template":"","format":"standard","meta":{"footnotes":""},"categories":[261],"tags":[81,52,305,296,166],"class_list":["post-6646","post","type-post","status-publish","format-standard","has-post-thumbnail","hentry","category-la-nota-azul","tag-agenda-cultural","tag-cultura","tag-jazz-federal-club","tag-la-nota-azul","tag-musica"],"_links":{"self":[{"href":"https:\/\/zumbalaturba.com.ar\/index.php?rest_route=\/wp\/v2\/posts\/6646","targetHints":{"allow":["GET"]}}],"collection":[{"href":"https:\/\/zumbalaturba.com.ar\/index.php?rest_route=\/wp\/v2\/posts"}],"about":[{"href":"https:\/\/zumbalaturba.com.ar\/index.php?rest_route=\/wp\/v2\/types\/post"}],"author":[{"embeddable":true,"href":"https:\/\/zumbalaturba.com.ar\/index.php?rest_route=\/wp\/v2\/users\/14"}],"replies":[{"embeddable":true,"href":"https:\/\/zumbalaturba.com.ar\/index.php?rest_route=%2Fwp%2Fv2%2Fcomments&post=6646"}],"version-history":[{"count":0,"href":"https:\/\/zumbalaturba.com.ar\/index.php?rest_route=\/wp\/v2\/posts\/6646\/revisions"}],"wp:featuredmedia":[{"embeddable":true,"href":"https:\/\/zumbalaturba.com.ar\/index.php?rest_route=\/wp\/v2\/media\/6647"}],"wp:attachment":[{"href":"https:\/\/zumbalaturba.com.ar\/index.php?rest_route=%2Fwp%2Fv2%2Fmedia&parent=6646"}],"wp:term":[{"taxonomy":"category","embeddable":true,"href":"https:\/\/zumbalaturba.com.ar\/index.php?rest_route=%2Fwp%2Fv2%2Fcategories&post=6646"},{"taxonomy":"post_tag","embeddable":true,"href":"https:\/\/zumbalaturba.com.ar\/index.php?rest_route=%2Fwp%2Fv2%2Ftags&post=6646"}],"curies":[{"name":"wp","href":"https:\/\/api.w.org\/{rel}","templated":true}]}}