{"id":6657,"date":"2018-10-04T13:13:10","date_gmt":"2018-10-04T13:13:10","guid":{"rendered":"http:\/\/zumbalaturba.com.ar\/?p=6657"},"modified":"2018-10-04T13:13:10","modified_gmt":"2018-10-04T13:13:10","slug":"la-mulherada-definira-las-elecciones-en-brasil","status":"publish","type":"post","link":"https:\/\/zumbalaturba.com.ar\/?p=6657","title":{"rendered":"La mulherada definir\u00e1 las elecciones en Brasil"},"content":{"rendered":"<p><em>Bajo la consigna #EleNao, m\u00e1s de un un mill\u00f3n de personas se moviliz\u00f3 en 260 ciudades de todos los estados de Brasil. En otras 50 de todo el mundo tambi\u00e9n manifestaron su apoyo al movimiento de mujeres contra el fascismo, que corporiza el candidato mayoritario a la presidencia de Brasil. La palabra de las candidatas trans Duda Salabert y Leandrinha Du Art, del PSOL en el Enredando las Ma\u00f1anas de este lunes. <\/em><\/p>\n<p>En Brasil el pr\u00f3ximo 7 de octubre son las elecciones presidenciales, de gobernadores, y de senadores y diputades tanto federales como estaduales. En <strong>cobertura para la Red Nacional de Medios Alternativos<\/strong> conversamos con la candidata a senadora, Duda Salabert, mujer trans, educadora y ambientalista; y con Leandrinha Du Art, mujer trans, deficiente y comunicadora popular, candidata a diputada federal por el Partido Socialismo y Libertad \u2013PSOL-.<\/p>\n<p>A dos a\u00f1os del impeachment que sac\u00f3 a la electa Dilma Rousseff de la presidencia de Brasil y dej\u00f3 a Michel Temer para aplicar sistem\u00e1ticamente pol\u00edticas neoliberales de ajuste estructural, sin adentrarnos en lo espec\u00edfico podemos mencionar: la modificaci\u00f3n de la constituci\u00f3n para el congelamiento por 20 a\u00f1os del gasto p\u00fablico, la reforma de flexibilizaci\u00f3n laboral de noviembre pasado, la reforma de precarizaci\u00f3n de la ense\u00f1anza de nivel medio, la desregulaci\u00f3n del precio de los combustibles, entre otras. En consecuencia, el pa\u00eds se encuentra afrontando la mayor recesi\u00f3n, inflaci\u00f3n y desempleo de este siglo.<\/p>\n<p><img fetchpriority=\"high\" decoding=\"async\" class=\" wp-image-6660 alignleft\" src=\"https:\/\/zumbalaturba.com.ar\/wp-content\/uploads\/2018\/10\/ElE-NAO-SAO-PABLO1-244x300.jpg\" alt=\"\" width=\"307\" height=\"377\" srcset=\"https:\/\/zumbalaturba.com.ar\/wp-content\/uploads\/2018\/10\/ElE-NAO-SAO-PABLO1-244x300.jpg 244w, https:\/\/zumbalaturba.com.ar\/wp-content\/uploads\/2018\/10\/ElE-NAO-SAO-PABLO1-768x944.jpg 768w, https:\/\/zumbalaturba.com.ar\/wp-content\/uploads\/2018\/10\/ElE-NAO-SAO-PABLO1.jpg 781w\" sizes=\"(max-width: 307px) 100vw, 307px\" \/>El candidato a la presidencia con mayor\u00eda de votantes es un fascista de derecha, Jair Bolsonaro del Partido Social Liberal. Con un discurso expl\u00edcitamente racista, mis\u00f3gino, patriarcal y liberal, este candidato justifica la violencia machista, la cultura de la violaci\u00f3n, reivindica la \u00faltima dictadura c\u00edvico militar de Brasil, as\u00ed como el ajuste y flexibilizaci\u00f3n laboral. Es un ex capit\u00e1n del Ej\u00e9rcito, y en sus 27 a\u00f1os como legislador su actuaci\u00f3n tiene nulos m\u00e9ritos. Quiz\u00e1s una de las m\u00e1s escandalosas fue su proyecto de declaraci\u00f3n del d\u00eda del orgullo heterosexual.<\/p>\n<p>El pasado s\u00e1bado 29 de septiembre, un frente unificado de mujeres convoc\u00f3 a una masiva movilizaci\u00f3n en las calles para manifestar el rechazo a este candidato, que empezaron a denominar el \u201ccoiso\u201d (coso), por innombrable.\u00a0 Bajo la consigna #EleNao (\u00c9l No) m\u00e1s de un mill\u00f3n de personas se moviliz\u00f3 en 260 ciudades de todos los estados de Brasil. En otras 50 de todo el mundo tambi\u00e9n manifestaron su apoyo al movimiento de mujeres contra el fascismo. A una semana de las elecciones, son las mujeres las que est\u00e1n torciendo y marcando la agenda pol\u00edtica de Brasil.<\/p>\n<p><strong>\u00a0<\/strong><\/p>\n<p><strong>Enredando Las Ma\u00f1anas (ELM) &#8211; \u00bfQu\u00e9 lectura hacen de este avance de las derechas y los sectores m\u00e1s conservadores en Brasil? \u00bfQu\u00e9 repercusiones puede tener para nuestro continente? <\/strong><\/p>\n<p><strong>Duda Salabert (DS)-<\/strong> Brasil est\u00e1 teniendo un avance del odio, y nosotrxs estamos haciendo una uni\u00f3n contra el odio, contra el fascismo. El fascismo est\u00e1 creciendo mucho con la imagen de un gobernante como es el candidato a la presidencia, Bolsonaro. \u00c9l encarna el discurso fascista, el discurso de odio, de derecha. Entonces, en Brasil estamos uniendo los movimientos sociales y la izquierda. Y esa victoria sobre Bolsonaro es una victoria sobre el avance del fascismo en Am\u00e9rica Latina. Con la crisis del capitalismo la poblaci\u00f3n m\u00e1s pobre se acerc\u00f3 a la derecha. Que es el camino m\u00e1s equivocado, que es el camino del odio. Y lo que estamos intentando en Brasil es traer a la poblaci\u00f3n a la izquierda. Porque la crisis es sobre todo del capitalismo. Porque es el capitalismo en crisis el que hace avanzar el fascismo y el odio.<\/p>\n<p><strong>Leandrinha Du Art<\/strong> (<strong>LDA<\/strong>)\u2013 Sin duda alguna, el momento que vivimos es un momento delicado, es un momento donde el retroceso golpea la puerta. Es un momento donde la retirada de Derechos es algo constante, principalmente cuando la gente tiene a un tipo como Bolsonaro creando odio, creando la no empat\u00eda. Es delicado. Al mismo tiempo, me alegra que veo a la izquierda organizada, que se est\u00e1 organizando, intentando ocupar todos los espacios y por los derechos. Entonces, tambi\u00e9n, es un momento de mucha construcci\u00f3n, de gente en transformaci\u00f3n. Construyendo proceso colectivo, buscando hacer de los tres poderes algo m\u00e1s representativo, plural, diverso, donde la pol\u00edtica pueda ser hecha de bajo para arriba, en forma horizontal y en di\u00e1logo con el pueblo.<\/p>\n<p><strong>ELM- \u00bfC\u00f3mo explican que un candidato de derecha y fascista como Bolsonaro tenga tanta adhesi\u00f3n en Brasil que sostiene un expl\u00edcito discurso de odio social?<\/strong><\/p>\n<p><strong>DS- <\/strong>Con la crisis del capitalismo la poblaci\u00f3n m\u00e1s pobre busc\u00f3 medidas inmediatas, medidas emergenciales. \u00c9l viene con un discurso f\u00e1cil, rastrero, sin profundidad. Y ese discurso tiene contaminadas a las masas porque es un discurso sin ninguna cr\u00edtica, que no lleva a la reflexi\u00f3n. Y las personas est\u00e1n descre\u00eddas porque los \u00faltimos gobiernos ten\u00edan un barniz, s\u00f3lo ropa de izquierda, pero no eran gobiernos de izquierda real. Entonces, ellos le echan la culpa de la crisis brasilera a los \u00faltimos gobiernos. S\u00ed, los \u00faltimos gobiernos tienen culpa, pero no son gobiernos de izquierda. Entonces, el problema es que estos \u00faltimos gobiernos arruinaron la imagen de la izquierda brasilera. Y nosotros estamos reorganizando la izquierda, para mostrar que la izquierda real, nunca estuvo en el poder en Brasil.<\/p>\n<p><strong>ELM \u2013 Frente a este avance del fascismo, del discurso racista, anti-trabajadores, anti-mujeres, homolesbotransf\u00f3bico, son las mujeres y cuerpos diversos y disidentes quienes est\u00e1n protagonizando la resistencia en la pol\u00edtica brasilera, torciendo el escenario electoral a una semana de las elecciones del pr\u00f3ximo 7 de octubre. \u00bfQu\u00e9 lectura hacen de este proceso?<\/strong><\/p>\n<p><strong>DS \u2013<\/strong> Hoy el protagonismo de la pol\u00edtica brasilera es ocupado por las mujeres. Son las mujeres en los \u00faltimos a\u00f1os que est\u00e1n dando las direcciones y directrices de gobierno. Son las mujeres las que iniciaron y organizaron la mayor huelga de la historia de Brasil que fue el a\u00f1o pasado; fueron las mujeres que derribaron a Eduardo Cunha, que era un fascista que estaba en el poder; y son las mujeres que est\u00e1n torciendo el rumbo de la elecci\u00f3n en Brasil. Vamos a ser las mujeres que vamos a vencer a Bolsonaro. Vamos a tener una gran manifestaci\u00f3n en Brasil, y esa gran manifestaci\u00f3n contra el odio, contra el fascismo, contra Bolsonaro es protagonizado por las mujeres. Quien va a definir la elecci\u00f3n en el pa\u00eds son las mujeres. Y la mayor resistencia, la mayor oposici\u00f3n es de las mujeres. Con la crisis del capitalismo, los capitalistas quieren que nosotrxs perdamos nuestros sue\u00f1os, nuestras utop\u00edas. Tenemos que mantener nuestros sue\u00f1os y nuestras utop\u00edas. La \u00fanica forma de que mujeres, negros y la poblaci\u00f3n m\u00e1s pobre gane autonom\u00eda es fuera del capitalismo. Nuestra mayor lucha no es una lucha de g\u00e9nero, no es una lucha racial, nuestra mayor lucha es una lucha de clase. La clase trabajadora se tiene que unir contra el capitalismo siguiendo el ejemplo de las mujeres, y colocando a las mujeres como protagonistas de la pol\u00edtica.<\/p>\n<p>&nbsp;<\/p>\n<p><strong>LDA \u2013 <\/strong>En este a\u00f1o electoral, tenemos m\u00e1s de 70 candidaturas de travestis y transexuales en todo Brasil, cuando en la \u00faltima elecci\u00f3n s\u00f3lo fueron 5. Hoy tener m\u00e1s de 70 significa que nuestros cuerpos est\u00e1n listos y preparados para ocupar esos espacios. Nuestros cuerpos trans, travestis, transexuales, nuestros cuerpos con deficiencia son puestos por la sociedad al margen. Entonces, nosotras estamos diciendo que \u201cno\u201d; mostramos que nosotras podemos ocupar los espacios de poder, los espacios institucionales. Y hacer de la pol\u00edtica algo que sea interesante, la pol\u00edtica es aburrida, fue hecha para serlo. Tiene un lenguaje que no es comprendido por todas las personas. Y nosotras estamos transformando eso, resignificando la pol\u00edtica, traduci\u00e9ndola, para que nuestros pares tomen inter\u00e9s por construir la pol\u00edtica. Entonces, logramos que m\u00e1s personas se conecten a nuestras construcciones. Y cuando encuentran una joven de 23 a\u00f1os, trans, deficiente, queriendo ocupar ese espacio; estamos abriendo camino para que otros cuerpos puedan ocupar esos espacios tambi\u00e9n.<\/p>\n<p><strong><img decoding=\"async\" class=\" wp-image-6658 alignleft\" src=\"https:\/\/zumbalaturba.com.ar\/wp-content\/uploads\/2018\/10\/LEANDRINHA-300x200.jpg\" alt=\"\" width=\"393\" height=\"262\" srcset=\"https:\/\/zumbalaturba.com.ar\/wp-content\/uploads\/2018\/10\/LEANDRINHA-300x200.jpg 300w, https:\/\/zumbalaturba.com.ar\/wp-content\/uploads\/2018\/10\/LEANDRINHA-768x512.jpg 768w, https:\/\/zumbalaturba.com.ar\/wp-content\/uploads\/2018\/10\/LEANDRINHA.jpg 1024w\" sizes=\"(max-width: 393px) 100vw, 393px\" \/><\/strong><\/p>\n<p>&nbsp;<\/p>\n<p><strong>ELM \u2013 La lista trans del PSOL es un hito hist\u00f3rico. Tanto por ser Duda Salabert la primera mujer trans disputando un senado en Am\u00e9rica Latina, como por lo joven de una mujer como Leandrinha Du Art que, adem\u00e1s de reivindicarse como trans, alza las banderas de los derechos de las personas con deficiencias. \u00bfC\u00f3mo viven este proceso de organizaci\u00f3n y visibilidad de sus y los cuerpos diversos? <\/strong><\/p>\n<p>&nbsp;<\/p>\n<p><strong>DS \u2013<\/strong> Soy la primera mujer trans candidata a un senado en Am\u00e9rica Latina. Tuvimos una senadora en Uruguay pero ella no disputo, ella era suplente. La cuesti\u00f3n de nosotras, las personas tras, las mujeres trans, es que nunca fuimos parte de las pol\u00edticas ni de derecha ni de izquierda. Siempre fuimos silenciadas y suprimidas, incluso de los movimientos sociales. Como el movimiento trans se organiz\u00f3, en la b\u00fasqueda de humanidad, porque en Brasil nuestra mayor lucha a\u00fan es por acceso a un ba\u00f1o, a\u00fan es por un nombre, a\u00fan es por identidad. Entendemos que es necesario ocupar la pol\u00edtica, no es confortable, recibimos muchos mensajes de odio. El propio Bolsonaro, que es un fascista, nos ataca cotidianamente. Pero es necesario estar en la pol\u00edtica. Si siempre estuvimos en un segundo plano, si siempre estuvimos en los m\u00e1rgenes, es hora de ocupar el centro e imprimir una nueva forma de hacer pol\u00edtica.<\/p>\n<p><strong>LDA \u2013<\/strong> Vivimos un momento hist\u00f3rico, un momento donde nuestros cuerpos marginalizados, muchas veces viviendo al margen, ellos quieren ocupar el parlamento, quieren ocupar las c\u00e1maras federales y estaduales, quieren ocupar la presidencia. Es lindo ver este proceso floreciendo, es lindo saber que nosotras tenemos la oportunidad de ser parte de este proceso. Y eso es lo que necesitamos. Y nosotrxs nos pudimos unir y empezar a elegir personas que ac\u00e1 en Brasil realmente nos representen, que lleven nuestras banderas para dentro del juego pol\u00edtico. All\u00ed la gente s\u00f3lo ve hombres blancos, heteros, la bancada del buey, la bala y la biblia; donde s\u00f3lo hacen pol\u00edtica para s\u00ed mismos, sin pensar en una construcci\u00f3n colectiva y m\u00e1s amplia. Es una victoria muy grande para nosotras, ahora empezar a elegir a esas personas tambi\u00e9n para que nos representen en esos espacios de poder.<\/p>\n<p><strong>ELM \u2013 Leandrinha Du Art, adem\u00e1s, sos comunicadora popular, integrante de Midia NINJA, un medio alternativo de alcance nacional. \u00bfQu\u00e9 lectura haces del papel de la comunicaci\u00f3n comunitaria y alternativa en esta coyuntura pol\u00edtica?<\/strong><\/p>\n<p><strong>LDA-<\/strong> Con mucha alegr\u00eda, hoy, tambi\u00e9n, represento a Midia NINJA. Ser parte de la construcci\u00f3n de un medio alternativo, de un medio de comunicaci\u00f3n transparente, sincero, en construcci\u00f3n colectiva con el pueblo, con las bases. En un momento en el cual la gente est\u00e1 viendo c\u00f3mo los medios de comunicaci\u00f3n tergiversan, distorsionan, los medios presentan una idea falsa de los que est\u00e1 aconteciendo. La poblaci\u00f3n brasilera muchas veces se ve alienada por esos medios blancos, heteronormativos, hecha por hombre y para hombres. Estar trabajando en un medio de comunicaci\u00f3n alternativo, es saber que estas trabajando en otra forma de hacer comunicaci\u00f3n, a donde las personas puedan leer, o\u00edr, o ver nuestro contenido sabiendo que es un contenido real, que es un contenido de la verdad, y es un contenido hecho por profesionales calificado, sin duda. Y llegar con nuevas perspectivas a las personas que acompa\u00f1an nuestro trabajo.<\/p>\n<p>Escucha aqu\u00ed los audios de la entrevista completa a Duda Salabert<\/p>\n<p><iframe src=\"https:\/\/ar.ivoox.com\/es\/player_ej_29008908_2_1.html?data=k56dkp2ddJmhhpywj5WYaZS1k5iah5yncZOhhpywj5WRaZi3jpWah5yncabi1dfS2M7XuMKfwpCx18nFb7TVzcbPx9fYcYarpJK_w8nNs4zO1tLPw5DQpYzI1tfPw5KJe6ShlQ..&amp;\" width=\"100%\" height=\"200\" frameborder=\"0\" scrolling=\"no\" allowfullscreen=\"allowfullscreen\"><\/iframe>Escucha aqu\u00ed los audios de la entrevista completa a Leandrihna Du Art<\/p>\n<p><iframe src=\"https:\/\/ar.ivoox.com\/es\/player_ej_29008877_2_1.html?data=k56dkp2ce5ihhpywj5WZaZS1k5qah5yncZOhhpywj5WRaZi3jpWah5yncabi1dfS2M7XuMKfwpC5x8bSqNPdz83Oj4qbh47GwsnW0ZC-uc7WwpDZw5C4udPWwpKSmaiReA..&amp;\" width=\"100%\" height=\"200\" frameborder=\"0\" scrolling=\"no\" allowfullscreen=\"allowfullscreen\"><\/iframe><\/p>\n<p><strong>La coyuntura de Brasil en la encrucijada electoral<\/strong><\/p>\n<p>El candidato a la presidencia con mayor\u00eda de votantes en intencionalidad de votos, Jair Bolsonaro, del Partido Social Liberal, obtendr\u00eda alrededor del 28,2% seg\u00fan la \u00faltima encuesta de IBOPE. Le sigue Fernando Haddad del Partido de los Trabajadores (PT) con un 25,2%. El ex intendente de Sao Pablo confirm\u00f3 su candidatura a menos de un mes de las elecciones, cuando finalmente Ignacio Lula da Silva no pudo participar a causa de la escandalosa condena en la causa Lava Jato, que lo tiene en la c\u00e1rcel, al menos, hasta que se resuelva su apelaci\u00f3n por parte del Tribual Supremo de Justicia. De una intencionalidad de voto que no llegaba a las dos cifras, creci\u00f3 r\u00e1pidamente, y hoy se ubica en un empate t\u00e9cnico con el candidato de derecha, que les llevar\u00e1 a una segunda vuelta el pr\u00f3ximo 28 de octubre. Les siguen en las encuestas otro candidato de derecha, Geraldo Alckmin del PSDB; de la izquierda Ciro Gomes en el Partido Democr\u00e1tico Laborista, y de centro izquierda Marina Silva, de la Red de Sustantabilidad.<\/p>\n<p>La lista Trans se inscribe en el Partido Socialismo y Libertad \u2013PSOL-. Esta fuerza pol\u00edtica desde los \u00faltimos 10 a\u00f1os crece como la alternativa de izquierda de los movimientos sociales, de trabajadorxs, las disidencias sexuales y cuerpos diversos, pueblos ind\u00edgenas y comunidades afrodescendientes. Aunque por detr\u00e1s en las encuestas, este partido tiene como candidato a la presidencia a Guillerme Boulos, un militante territorial del Movimiento de Trabajadores Sin Techo (MTST). Y para la vicepresidencia a la primera candidata de un pueblo naci\u00f3n ind\u00edgena: Sonia Guajajara, lideranza ind\u00edgena y luchadora contra el extractivismo en el noreste de Brasil.<\/p>\n<p>&nbsp;<\/p>\n<p><strong>*Cr\u00e9dito fotograf\u00edas: Midia Ninja<\/strong><\/p>\n<p>&nbsp;<\/p>\n<p>&nbsp;<\/p>\n<p>&nbsp;<\/p>\n<div class='share-to-whatsapp-wrapper'><div class='share-on-whsp'>Share on: <\/div><div class='clear '><\/div><\/div>","protected":false},"excerpt":{"rendered":"<p>Bajo la consigna #EleNao, m\u00e1s de un un mill\u00f3n de personas se moviliz\u00f3 en 260 ciudades de todos los estados de Brasil. En otras 50 de todo el mundo tambi\u00e9n manifestaron su apoyo al movimiento de mujeres contra el fascismo, que corporiza el candidato mayoritario a la presidencia de Brasil. La palabra de las candidatas [&hellip;]<\/p>\n","protected":false},"author":7,"featured_media":6659,"comment_status":"open","ping_status":"open","sticky":false,"template":"","format":"standard","meta":{"footnotes":""},"categories":[18,5],"tags":[59,405,12,66,400,7,449,1074,535],"class_list":["post-6657","post","type-post","status-publish","format-standard","has-post-thumbnail","hentry","category-elm","category-transfeminismos","tag-brasil","tag-comunicacion","tag-diversidad","tag-elecciones","tag-feminismo","tag-feminismos","tag-politica","tag-pt","tag-trans"],"_links":{"self":[{"href":"https:\/\/zumbalaturba.com.ar\/index.php?rest_route=\/wp\/v2\/posts\/6657","targetHints":{"allow":["GET"]}}],"collection":[{"href":"https:\/\/zumbalaturba.com.ar\/index.php?rest_route=\/wp\/v2\/posts"}],"about":[{"href":"https:\/\/zumbalaturba.com.ar\/index.php?rest_route=\/wp\/v2\/types\/post"}],"author":[{"embeddable":true,"href":"https:\/\/zumbalaturba.com.ar\/index.php?rest_route=\/wp\/v2\/users\/7"}],"replies":[{"embeddable":true,"href":"https:\/\/zumbalaturba.com.ar\/index.php?rest_route=%2Fwp%2Fv2%2Fcomments&post=6657"}],"version-history":[{"count":0,"href":"https:\/\/zumbalaturba.com.ar\/index.php?rest_route=\/wp\/v2\/posts\/6657\/revisions"}],"wp:featuredmedia":[{"embeddable":true,"href":"https:\/\/zumbalaturba.com.ar\/index.php?rest_route=\/wp\/v2\/media\/6659"}],"wp:attachment":[{"href":"https:\/\/zumbalaturba.com.ar\/index.php?rest_route=%2Fwp%2Fv2%2Fmedia&parent=6657"}],"wp:term":[{"taxonomy":"category","embeddable":true,"href":"https:\/\/zumbalaturba.com.ar\/index.php?rest_route=%2Fwp%2Fv2%2Fcategories&post=6657"},{"taxonomy":"post_tag","embeddable":true,"href":"https:\/\/zumbalaturba.com.ar\/index.php?rest_route=%2Fwp%2Fv2%2Ftags&post=6657"}],"curies":[{"name":"wp","href":"https:\/\/api.w.org\/{rel}","templated":true}]}}