{"id":6668,"date":"2018-10-07T05:14:37","date_gmt":"2018-10-07T05:14:37","guid":{"rendered":"http:\/\/zumbalaturba.com.ar\/?p=6668"},"modified":"2018-10-07T05:18:12","modified_gmt":"2018-10-07T05:18:12","slug":"la-musica-las-mascaras-y-los-vinculos","status":"publish","type":"post","link":"https:\/\/zumbalaturba.com.ar\/?p=6668","title":{"rendered":"La m\u00fasica, las m\u00e1scaras y los v\u00ednculos"},"content":{"rendered":"<p style=\"padding-left: 150px;\"><span style=\"font-size: 14pt;\">\u201c<em>Hay una bella foto que retrata a Lee Konitz y Warne Marsh tal como eran. Sentados sobre la hierba, entre las rocas domesticadas de un parque p\u00fablico, r\u00eden. Konitz a carcajadas, Marsh hacia adentro, porque es el autor de la broma, seguramente \u00e1cida. Ambos dejan reposar los instrumentos sobre las piernas. La foto es de William Claxton y fue hecha el 16 de junio de 1955. Es una imagen desahogada que aparece, adem\u00e1s, como portada de un disco extraordinario<\/em>\u201d. As\u00ed comenta <strong>Carlos Sampayo<\/strong> la imagen de este disco: <strong>Lee Konitz<\/strong> y <strong>Warne Marsh<\/strong>, a\u00f1o 1955, abren esta emisi\u00f3n de\u00a0<strong>La Nota Azul<\/strong>\u2026<\/span><\/p>\n<p><iframe id=\"audio_29136300\" style=\"border: 1px solid #EEE; box-sizing: border-box; width: 100%;\" src=\"https:\/\/ar.ivoox.com\/es\/player_ej_29136300_4_1.html?c1=ff6600\" width=\"300\" height=\"200\" frameborder=\"0\" scrolling=\"no\" allowfullscreen=\"allowfullscreen\"><\/iframe><\/p>\n<p><span style=\"font-size: 14pt;\">As\u00ed comenzaba este programa n\u00famero 148 de <strong>La Nota Azul<\/strong>, correspondiente al s\u00e1bado 6 de octubre de 2018. Por radio <strong>Zumba La Turba<\/strong>, en la FM 99.5 de C\u00f3rdoba, Argentina.<\/span><\/p>\n<p><span style=\"font-size: 14pt;\">El inicio musical del programa es con <strong>Lee Konitz<\/strong> <img fetchpriority=\"high\" decoding=\"async\" class=\"alignright size-medium wp-image-1942\" src=\"http:\/\/lanotaazul.com.ar\/wp-content\/uploads\/2018\/10\/lee-300x300.jpg\" alt=\"\" width=\"300\" height=\"300\" \/>y <strong>Warne Marsh<\/strong> desde el \u00e1lbum lanzado por <em>Atlantic<\/em> en el a\u00f1o 1955. Un disco de referencia que adem\u00e1s de <strong>Lee Konitz<\/strong> en saxo alto y <strong>Warne Marsh<\/strong> en saxo tenor, tiene a <strong>Sal Mosca<\/strong> en piano, <strong>Billy Bauer<\/strong> en guitarra, <strong>Kenny Clarke<\/strong> en bater\u00eda y <strong>Oscar Pettiford<\/strong> en contrabajo. La foto de la portada es de <strong>William Claxton<\/strong>, tomada el 16 de junio de 1955. Las palabras del comienzo, que reconstruyen de forma imaginada el momento captado por la foto, corresponden al libro <strong><em>Nuevas aventuras del ladr\u00f3n de discos<\/em><\/strong>, de <strong>Carlos Sampayo<\/strong>.<\/span><\/p>\n<p><span style=\"font-size: 14pt;\"><img decoding=\"async\" class=\"alignleft size-medium wp-image-1948\" src=\"http:\/\/lanotaazul.com.ar\/wp-content\/uploads\/2018\/10\/IMG-20181006-WA0008-240x300.jpg\" alt=\"\" width=\"240\" height=\"300\" \/>Recibimos la visita de <strong>M\u00e1ximo Endrek<\/strong> e <strong>Ignacio Roulet<\/strong> que presentan la m\u00fasica del \u00e1lbum recientemente lanzado, en formato casete, bajo el t\u00edtulo de <em><strong>SVA\u00a0CVIQVE PERSONA Vol. II sacrifice<\/strong><\/em>. El <em>Volumen II<\/em> remite a la formaci\u00f3n de d\u00fao con la que est\u00e1 graba la m\u00fasica, con <strong>M\u00e1ximo Endrek<\/strong> en contrabajo e <strong>Ignacio Roulet<\/strong> en saxo, alboka y electr\u00f3nica. <strong><em>SVA CVIQVE PERSONA<\/em><\/strong> fue grabado el 17 marzo de 2018 por Alcides Larrosa en <em>Una Casa<\/em>, en Ciudad de Buenos Aires, y masterizado por Carlos Herrera. La edici\u00f3n en casete fue realizada por el sello <em>ZZZ<\/em> de Francia.<\/span><\/p>\n<p><span style=\"font-size: 14pt;\"><strong>Roulet<\/strong> tiene en mente el lanzamiento de un nuevo trabajo, que tendr\u00e1 como t\u00edtulo <strong><em>Chuschagasta Opacitas<\/em><\/strong>, y que constituir\u00e1 el <em>Vol. I<\/em>, ya que lo tendr\u00e1 como actor en solitario. Parte de la m\u00fasica que integrar\u00e1 ese trabajo ser\u00e1 grabada el pr\u00f3ximo s\u00e1bado 13 de octubre en <em>La C\u00fapula<\/em> en C\u00f3rdoba, en un concierto que tambi\u00e9n oficiar\u00e1 como presentaci\u00f3n de <strong><em>SVA CVIQVE PERSONA<\/em><\/strong>, con <strong>M\u00e1ximo Endrek<\/strong>.<\/span><\/p>\n<p><img decoding=\"async\" class=\"aligncenter wp-image-1940\" src=\"http:\/\/lanotaazul.com.ar\/wp-content\/uploads\/2018\/10\/ENDREK-ROULET-1024x989.jpg\" alt=\"\" width=\"450\" height=\"435\" \/><\/p>\n<p>&nbsp;<\/p>\n<p><span style=\"font-size: 14pt;\">Conversamos adem\u00e1s con <strong>Carlos Cerignale<\/strong>,<a href=\"http:\/\/www.solocomoperromalo.com.ar\/\" target=\"_blank\" rel=\"noopener noreferrer\"><img loading=\"lazy\" decoding=\"async\" class=\"alignright wp-image-1949 size-medium\" src=\"http:\/\/lanotaazul.com.ar\/wp-content\/uploads\/2018\/10\/solo-como-perro-malo-300x200.jpg\" alt=\"\" width=\"300\" height=\"200\" \/><\/a> responsable del programa <em><strong>Solo como perro malo<\/strong><\/em>, que sale los martes a las 21 horas, y se puede escuchar desde <a href=\"http:\/\/www.solocomoperromalo.com.ar\/\" target=\"_blank\" rel=\"noopener noreferrer\">www.solocomoperromalo.com.ar<\/a>. Charlamos con <strong>Cerignale<\/strong> acerca de la radio, sobre algunos nuevos lanzamientos en el jazz y el panorama de la m\u00fasica creativa en Argentina, y por supuesto, tambi\u00e9n sobre su rol de m\u00fasico.<\/span><\/p>\n<p>&nbsp;<\/p>\n<p><span style=\"font-size: 14pt;\">Luego es el turno de un lanzamiento tambi\u00e9n de este a\u00f1o de la pianista rosarina <strong>Paula Shocron<\/strong>. Nos referimos a <strong><em>Los V\u00ednculos<\/em><\/strong>, obra basada en las <em>Variaciones Goldberg<\/em> de Bach e improvisaciones en piano solo. La obra est\u00e1 presentada como &#8220;<em>Di\u00e1logos entre la pr\u00e1ctica y la performance, entre el pasado y el presente<\/em>&#8221; y muestra justamente a Shocron conviviendo en distintas facetas temporales y creativas. Un trabajo por dem\u00e1s interesante con un resultado excelente.<\/span><\/p>\n<p><img loading=\"lazy\" decoding=\"async\" class=\"aligncenter wp-image-1944\" src=\"http:\/\/lanotaazul.com.ar\/wp-content\/uploads\/2018\/10\/PAULA-SHOCRON-1024x576.jpg\" alt=\"\" width=\"466\" height=\"262\" \/><\/p>\n<p>&nbsp;<\/p>\n<p><span style=\"font-size: 14pt;\">El \u00faltimo bloque corresponde al disco <strong><em>Drop Dogs<\/em><\/strong> del saxofonista <strong>Rodrigo Dom\u00ednguez<\/strong> con una formaci\u00f3n internacional que nuclea al norteamericano <strong>Mark Helias<\/strong> en el contrabajo y al baterista mexicano <strong>Hern\u00e1n Hecht<\/strong>.<\/span><\/p>\n<div id='gallery-1' class='gallery galleryid-6668 gallery-columns-2 gallery-size-medium'><figure class='gallery-item'>\n\t\t\t<div class='gallery-icon landscape'>\n\t\t\t\t<img loading=\"lazy\" decoding=\"async\" width=\"300\" height=\"300\" src=\"https:\/\/zumbalaturba.com.ar\/wp-content\/uploads\/2018\/10\/PAULA-SHOCRON-LOS-V\u00cdNCULOS-300x300.jpg\" class=\"attachment-medium size-medium\" alt=\"\" srcset=\"https:\/\/zumbalaturba.com.ar\/wp-content\/uploads\/2018\/10\/PAULA-SHOCRON-LOS-V\u00cdNCULOS-300x300.jpg 300w, https:\/\/zumbalaturba.com.ar\/wp-content\/uploads\/2018\/10\/PAULA-SHOCRON-LOS-V\u00cdNCULOS-768x768.jpg 768w, https:\/\/zumbalaturba.com.ar\/wp-content\/uploads\/2018\/10\/PAULA-SHOCRON-LOS-V\u00cdNCULOS-1024x1024.jpg 1024w, https:\/\/zumbalaturba.com.ar\/wp-content\/uploads\/2018\/10\/PAULA-SHOCRON-LOS-V\u00cdNCULOS.jpg 1200w\" sizes=\"(max-width: 300px) 100vw, 300px\" \/>\n\t\t\t<\/div><\/figure><figure class='gallery-item'>\n\t\t\t<div class='gallery-icon landscape'>\n\t\t\t\t<img loading=\"lazy\" decoding=\"async\" width=\"300\" height=\"300\" src=\"https:\/\/zumbalaturba.com.ar\/wp-content\/uploads\/2018\/10\/DROP-DOGS-300x300.jpg\" class=\"attachment-medium size-medium\" alt=\"\" srcset=\"https:\/\/zumbalaturba.com.ar\/wp-content\/uploads\/2018\/10\/DROP-DOGS-300x300.jpg 300w, https:\/\/zumbalaturba.com.ar\/wp-content\/uploads\/2018\/10\/DROP-DOGS.jpg 630w\" sizes=\"(max-width: 300px) 100vw, 300px\" \/>\n\t\t\t<\/div><\/figure>\n\t\t<\/div>\n\n<p>&nbsp;<\/p>\n<p><span style=\"font-size: 14pt;\">Todo eso y mucho m\u00e1s en dos horas de radio, m\u00fasica, jazz y otras formas libres&#8230;<\/span><\/p>\n<p>&nbsp;<\/p>\n<p style=\"text-align: center;\"><span style=\"font-size: 18pt;\"><a href=\"http:\/\/lanotaazul.com.ar\/programas\/la-musica-las-mascaras-y-los-vinculos\/\" target=\"_blank\" rel=\"noopener noreferrer\"><em><strong>ESCUCHALO TAMBI\u00c9N POR AC\u00c1<\/strong><\/em><\/a><\/span><\/p>\n<p>&nbsp;<\/p>\n<figure id=\"attachment_1946\" aria-describedby=\"caption-attachment-1946\" style=\"width: 640px\" class=\"wp-caption aligncenter\"><img loading=\"lazy\" decoding=\"async\" class=\"size-large wp-image-1946\" src=\"http:\/\/lanotaazul.com.ar\/wp-content\/uploads\/2018\/10\/43299328_300038763931323_4303633638060195840_n-1-1024x576.jpg\" alt=\"\" width=\"640\" height=\"360\" \/><figcaption id=\"caption-attachment-1946\" class=\"wp-caption-text\">M\u00e1ximo Endrek e Ignacio Roulet en La Nota Azul<\/figcaption><\/figure>\n<div class='share-to-whatsapp-wrapper'><div class='share-on-whsp'>Share on: <\/div><div class='clear '><\/div><\/div>","protected":false},"excerpt":{"rendered":"<p>\u201cHay una bella foto que retrata a Lee Konitz y Warne Marsh tal como eran. Sentados sobre la hierba, entre las rocas domesticadas de un parque p\u00fablico, r\u00eden. Konitz a carcajadas, Marsh hacia adentro, porque es el autor de la broma, seguramente \u00e1cida. Ambos dejan reposar los instrumentos sobre las piernas. La foto es de [&hellip;]<\/p>\n","protected":false},"author":14,"featured_media":6674,"comment_status":"open","ping_status":"open","sticky":false,"template":"","format":"standard","meta":{"footnotes":""},"categories":[261],"tags":[81,52,293,305,296,166],"class_list":["post-6668","post","type-post","status-publish","format-standard","has-post-thumbnail","hentry","category-la-nota-azul","tag-agenda-cultural","tag-cultura","tag-jazz","tag-jazz-federal-club","tag-la-nota-azul","tag-musica"],"_links":{"self":[{"href":"https:\/\/zumbalaturba.com.ar\/index.php?rest_route=\/wp\/v2\/posts\/6668","targetHints":{"allow":["GET"]}}],"collection":[{"href":"https:\/\/zumbalaturba.com.ar\/index.php?rest_route=\/wp\/v2\/posts"}],"about":[{"href":"https:\/\/zumbalaturba.com.ar\/index.php?rest_route=\/wp\/v2\/types\/post"}],"author":[{"embeddable":true,"href":"https:\/\/zumbalaturba.com.ar\/index.php?rest_route=\/wp\/v2\/users\/14"}],"replies":[{"embeddable":true,"href":"https:\/\/zumbalaturba.com.ar\/index.php?rest_route=%2Fwp%2Fv2%2Fcomments&post=6668"}],"version-history":[{"count":0,"href":"https:\/\/zumbalaturba.com.ar\/index.php?rest_route=\/wp\/v2\/posts\/6668\/revisions"}],"wp:featuredmedia":[{"embeddable":true,"href":"https:\/\/zumbalaturba.com.ar\/index.php?rest_route=\/wp\/v2\/media\/6674"}],"wp:attachment":[{"href":"https:\/\/zumbalaturba.com.ar\/index.php?rest_route=%2Fwp%2Fv2%2Fmedia&parent=6668"}],"wp:term":[{"taxonomy":"category","embeddable":true,"href":"https:\/\/zumbalaturba.com.ar\/index.php?rest_route=%2Fwp%2Fv2%2Fcategories&post=6668"},{"taxonomy":"post_tag","embeddable":true,"href":"https:\/\/zumbalaturba.com.ar\/index.php?rest_route=%2Fwp%2Fv2%2Ftags&post=6668"}],"curies":[{"name":"wp","href":"https:\/\/api.w.org\/{rel}","templated":true}]}}