{"id":6677,"date":"2018-10-18T15:06:13","date_gmt":"2018-10-18T18:06:13","guid":{"rendered":"http:\/\/zumbalaturba.com.ar\/?p=6677"},"modified":"2023-10-14T19:01:31","modified_gmt":"2023-10-14T22:01:31","slug":"la-salud-mental-esta-en-las-calles","status":"publish","type":"post","link":"https:\/\/zumbalaturba.com.ar\/?p=6677","title":{"rendered":"La salud mental est\u00e1 en las calles."},"content":{"rendered":"<p>En Enredando las Ma\u00f1anas, hablamos sobre una marcha que est\u00e1 programada para este viernes\u00a0 19 de octubre. El motivo de la movilizaci\u00f3n es la plena implementaci\u00f3n de las leyes nacional y provincial de Salud Mental, en medio de un contexto nacional de pleno ajuste y recorte en el sector de la salud. Se puede mencionar por ejemplo, que ahora no tenemos Ministerio de Salud, sino una Secretar\u00eda que depende del Ministerio de Desarrollo Social. Hace unos d\u00edas, adem\u00e1s, sali\u00f3 desde el Ejecutivo, una resoluci\u00f3n que implicaba que las personas ten\u00edan que ir a justificar su discapacidad para poder cobrar la pensi\u00f3n que les corresponde por dicho motivo.<\/p>\n<p>\u201cEn un contexto cr\u00edtico para el campo de la salud p\u00fablica en general, es necesario entonces, fortalecer el movimiento y darle visibilidad. Es as\u00ed que este a\u00f1o la consigna que nos une y atraviesa a lo largo de todo el pa\u00eds, se expresa en <em>la salud mental est\u00e1 en las calles\u201d <\/em>dice la p\u00e1gina de la 5\u00b0 Marcha por el Derecho a la Salud Mental.<\/p>\n<p>Para conocer m\u00e1s detalles de lo que suceder\u00e1 el viernes, nos comunicamos con Mart\u00edn Cagnani, referente del Hospital Neuropsiqui\u00e1trico Provincial de C\u00f3rdoba.<img fetchpriority=\"high\" decoding=\"async\" class=\"size-medium wp-image-6679 alignright\" src=\"https:\/\/zumbalaturba.com.ar\/wp-content\/uploads\/2018\/10\/5-300x199.jpg\" alt=\"\" width=\"300\" height=\"199\" srcset=\"https:\/\/zumbalaturba.com.ar\/wp-content\/uploads\/2018\/10\/5-300x199.jpg 300w, https:\/\/zumbalaturba.com.ar\/wp-content\/uploads\/2018\/10\/5-768x509.jpg 768w, https:\/\/zumbalaturba.com.ar\/wp-content\/uploads\/2018\/10\/5-1024x678.jpg 1024w, https:\/\/zumbalaturba.com.ar\/wp-content\/uploads\/2018\/10\/5.jpg 1232w\" sizes=\"(max-width: 300px) 100vw, 300px\" \/><\/p>\n<p>Cagnani comienza diciendo que <strong>\u201c<\/strong>salimos a las calles y nos movilizaremos para exigir pol\u00edticas p\u00fablicas integrales que puedan garantizar el derecho a la salud mental. Decimos basta de abandono, basta de recortes y basta de exclusi\u00f3n. El Gobierno se empe\u00f1a en ocultar lo que pasa detr\u00e1s de los muros en los hospitales\u201d. Esta invisibilizaci\u00f3n se funda en el tab\u00fa que recae socialmente sobre las personas que transitan los hospicios e instituciones e encierro. En este sentido lo que se busca es una intervenci\u00f3n inclusiva y art\u00edstica sobre las calles. \u201cLa situaci\u00f3n es cr\u00edtica, entonces nosotros estamos pidiendo una pol\u00edtica que no sea el abandono, el ajuste, la exclusi\u00f3n\u201d aclara el referente.<\/p>\n<p>Mart\u00edn pertenece a Abracadabra Creatividad, que es una asociaci\u00f3n civil que trabaja con t\u00e9cnicas art\u00edsticas y culturales, en la manzana de Salud Mental donde est\u00e1 el Hospital en barrio Juniors. Explica as\u00ed Cagnani: \u201cla asociaci\u00f3n trabaja hace casi 12 a\u00f1os y nos incorporamos a un grupo que tuvo que ver con la lucha por la sanci\u00f3n de la Ley de Salud Mental y desde hace 4 a\u00f1os organizamos en colectivo, junto con otras organizaciones, la Marcha por el Derecho a la Salud Mental. Nuestra marcha tiene una caracter\u00edstica, es una marcha creativa, una marcha de orgullo, este a\u00f1o vamos a desplegar las alas, hay sorpresas, intervenciones creativas y coloridas. Nosotros pensamos que desde la alegr\u00eda esperamos que se escuche nuestro canto\u201d.<img decoding=\"async\" class=\"size-medium wp-image-6680 alignleft\" src=\"https:\/\/zumbalaturba.com.ar\/wp-content\/uploads\/2018\/10\/1-300x212.jpg\" alt=\"\" width=\"300\" height=\"212\" srcset=\"https:\/\/zumbalaturba.com.ar\/wp-content\/uploads\/2018\/10\/1-300x212.jpg 300w, https:\/\/zumbalaturba.com.ar\/wp-content\/uploads\/2018\/10\/1-768x542.jpg 768w, https:\/\/zumbalaturba.com.ar\/wp-content\/uploads\/2018\/10\/1.jpg 800w\" sizes=\"(max-width: 300px) 100vw, 300px\" \/><\/p>\n<p>La movilizaci\u00f3n no solo ha tenido repercusi\u00f3n a nivel provincial y nacional, sino que ha sido replicada en distintos puntos del globo.\u00a0 Cagnani \u00a0plantea que \u00a0instalaron una consigna y \u00a0que eso\u00a0 fue tomado por colectivos que trabajan \u201cparalelamente y en simult\u00e1neo\u201d, en diversos lugares de nuestro pa\u00eds, en distintos puntos de Latinoam\u00e9rica y en Europa. \u201cSe hacen distintas actividades, este tema de protestar con alegr\u00eda y llevando el arte a las calles ha hecho de esta marcha una verdadera marcha del orgullo\u201d.<\/p>\n<p>Como se detalla en la entrevista, lo importante es que se sepa que la salud mental no es un problema de los manicomios y los hospitales. \u201c\u00bfD\u00f3nde est\u00e1 la salud mental?\u201d \u2013 se pregunta el referente y acto seguido se responde- \u00a0\u201cLa Salud Mental est\u00e1 en las calles, entonces tenemos que salir a pedir que el Estado se ponga las pilas, que cumpla con lo prometido, y por otro lado salimos a crear colectivamente, soluciones a los problemas que tienen que ver con la falta de trabajo, con la falta de esperanzas, con el consumo problem\u00e1tico de sustancias. \u201c<\/p>\n<p>Es importante visibilizar estas cuestiones,\u00a0 sobre todo en el marco de las claras intenciones de los sectores de poder para derogar la Ley Nacional de Salud Mental, en medio de convenios con laboratorios. Uno de los grandes puntos de inflexi\u00f3n que plantea esta ley es el padecimiento ps\u00edquico como condicionado por factores socioecon\u00f3micos. Es decir, la carencia de una vida digna, tambi\u00e9n incide sobre nuestra salud.\u00a0 En este sentido, desde la organizaci\u00f3n, se espera que la cantidad de gente que asista sea mucho mayor a los a\u00f1os anteriores.<img decoding=\"async\" class=\" wp-image-6681 alignright\" src=\"https:\/\/zumbalaturba.com.ar\/wp-content\/uploads\/2018\/10\/4-225x300.jpg\" alt=\"\" width=\"265\" height=\"353\" srcset=\"https:\/\/zumbalaturba.com.ar\/wp-content\/uploads\/2018\/10\/4-225x300.jpg 225w, https:\/\/zumbalaturba.com.ar\/wp-content\/uploads\/2018\/10\/4.jpg 720w\" sizes=\"(max-width: 265px) 100vw, 265px\" \/><\/p>\n<p>Reflexiona entonces Cagnani sobre el marco hist\u00f3rico que estamos viviendo: \u201cLo que observamos es que al mismo tiempo que hay pol\u00edticas de ajuste desde el Estado, tremendas, que en vez de promover salidas colectivas y comunitarias, promueven m\u00e1s encierro y manicomio. Pero al mismo tiempo, hay una organizaci\u00f3n, una concientizaci\u00f3n, de familiares, usuarios, de amigos, que van entendiendo que los problemas son problemas que o los arreglamos entre todos o no los arregla nadie. Entonces la participaci\u00f3n va aumentando, y es una cuesti\u00f3n que tiene que ser le\u00edda en su real dimensi\u00f3n, en un mundo que nos promueve a que las salidas sean individuales, que nos encerremos y vivamos con miedo a la calle, nosotros decimos que no\u201d. Hay otra forma\u00a0 posible de vivir la existencia, dice: \u201ctiene que ver con que la vida, la felicidad, inclusive el dolor se mitiga cuando es compartido, si se hace con otros. No hay posibilidad de felicidad individual, porque el ser humano es un ser con un cuerpo biol\u00f3gico, pero adem\u00e1s tiene un esp\u00edritu, una psique, una mentalidad, una subjetividad que lo impulsan a juntarse con otros, es social. El ser humano es un ser bio-psico-social, por eso luchamos por estas salidas colectivas. Los problemas de la salud no\u00a0 son problemas de los expertos de la salud, por eso la importancia de los usuarios, que son los que realmente saben y padecen y gozan cuando logran organizarse por sus derechos\u201d.<\/p>\n<p><img loading=\"lazy\" decoding=\"async\" class=\" wp-image-6682 aligncenter\" src=\"https:\/\/zumbalaturba.com.ar\/wp-content\/uploads\/2018\/10\/3-300x169.jpg\" alt=\"\" width=\"502\" height=\"283\" srcset=\"https:\/\/zumbalaturba.com.ar\/wp-content\/uploads\/2018\/10\/3-300x169.jpg 300w, https:\/\/zumbalaturba.com.ar\/wp-content\/uploads\/2018\/10\/3-768x432.jpg 768w, https:\/\/zumbalaturba.com.ar\/wp-content\/uploads\/2018\/10\/3.jpg 960w\" sizes=\"(max-width: 502px) 100vw, 502px\" \/><\/p>\n<p>El referente cierra\u00a0 planteando que \u201cestamos en la lucha eterna, de la utop\u00eda, de la esperanza, por los derechos en la salud mental\u201d.<\/p>\n<p>Ma\u00f1ana, viernes 19 de octubre \u201cla Salud Mental est\u00e1 en las calles\u201d; \u00a0en C\u00f3rdoba, parten desde Col\u00f3n y Ca\u00f1ada a las 17 horas y se dirigen hacia el Buen Pastor donde habr\u00e1 un cierre con un \u00a0festival de cierre con m\u00fasica y teatro.<\/p>\n<p>&nbsp;<\/p>\n<p>&nbsp;<\/p>\n<p><iframe src=\"https:\/\/ar.ivoox.com\/es\/player_ej_29272804_2_1.html?data=k56fmZecdJWhhpywj5WVaZS1k5Wah5yncZOhhpywj5aRaZi3jpWah5yncbTk0NmYl4qndoa2kZC6w9fHrMKf0dTfjcrQb6XZ08rQytSPpYzgwpDAw9HZqIzBxtPhw9GRaZi3jrfOxs7Tb63j1JC20MrXuMLWzcrgj4qbh46o&amp;\" width=\"100%\" height=\"200\" frameborder=\"0\" scrolling=\"no\" allowfullscreen=\"allowfullscreen\"><\/iframe><\/p>\n<div class='share-to-whatsapp-wrapper'><div class='share-on-whsp'>Share on: <\/div><div class='clear '><\/div><\/div>","protected":false},"excerpt":{"rendered":"<p>En Enredando las Ma\u00f1anas, hablamos sobre una marcha que est\u00e1 programada para este viernes\u00a0 19 de octubre. El motivo de la movilizaci\u00f3n es la plena implementaci\u00f3n de las leyes nacional y provincial de Salud Mental, en medio de un contexto nacional de pleno ajuste y recorte en el sector de la salud. Se puede mencionar [&hellip;]<\/p>\n","protected":false},"author":24,"featured_media":6678,"comment_status":"open","ping_status":"open","sticky":false,"template":"","format":"standard","meta":{"footnotes":""},"categories":[1241,18,15,1237],"tags":[872,449,115],"class_list":["post-6677","post","type-post","status-publish","format-standard","has-post-thumbnail","hentry","category-ddhh","category-elm","category-la-zumba","category-salud-mental","tag-derechos-humanos","tag-politica","tag-salud-mental"],"_links":{"self":[{"href":"https:\/\/zumbalaturba.com.ar\/index.php?rest_route=\/wp\/v2\/posts\/6677","targetHints":{"allow":["GET"]}}],"collection":[{"href":"https:\/\/zumbalaturba.com.ar\/index.php?rest_route=\/wp\/v2\/posts"}],"about":[{"href":"https:\/\/zumbalaturba.com.ar\/index.php?rest_route=\/wp\/v2\/types\/post"}],"author":[{"embeddable":true,"href":"https:\/\/zumbalaturba.com.ar\/index.php?rest_route=\/wp\/v2\/users\/24"}],"replies":[{"embeddable":true,"href":"https:\/\/zumbalaturba.com.ar\/index.php?rest_route=%2Fwp%2Fv2%2Fcomments&post=6677"}],"version-history":[{"count":0,"href":"https:\/\/zumbalaturba.com.ar\/index.php?rest_route=\/wp\/v2\/posts\/6677\/revisions"}],"wp:featuredmedia":[{"embeddable":true,"href":"https:\/\/zumbalaturba.com.ar\/index.php?rest_route=\/wp\/v2\/media\/6678"}],"wp:attachment":[{"href":"https:\/\/zumbalaturba.com.ar\/index.php?rest_route=%2Fwp%2Fv2%2Fmedia&parent=6677"}],"wp:term":[{"taxonomy":"category","embeddable":true,"href":"https:\/\/zumbalaturba.com.ar\/index.php?rest_route=%2Fwp%2Fv2%2Fcategories&post=6677"},{"taxonomy":"post_tag","embeddable":true,"href":"https:\/\/zumbalaturba.com.ar\/index.php?rest_route=%2Fwp%2Fv2%2Ftags&post=6677"}],"curies":[{"name":"wp","href":"https:\/\/api.w.org\/{rel}","templated":true}]}}