{"id":6711,"date":"2018-10-22T01:50:28","date_gmt":"2018-10-22T01:50:28","guid":{"rendered":"http:\/\/zumbalaturba.com.ar\/?p=6711"},"modified":"2018-10-22T01:50:28","modified_gmt":"2018-10-22T01:50:28","slug":"adelantamos-el-festival-internacional-de-jazz-de-cordoba-y-mucho-mas-en-la-nota-azul","status":"publish","type":"post","link":"https:\/\/zumbalaturba.com.ar\/?p=6711","title":{"rendered":"Adelantamos el Festival Internacional de Jazz de C\u00f3rdoba y mucho m\u00e1s en La Nota Azul"},"content":{"rendered":"<p style=\"padding-left: 150px;\"><em><span style=\"font-size: 14pt;\">No hay grito fascista posible, no hay misoginia, ni violencia ni racismo que puedan silenciar esta m\u00fasica de jazz\u2026 Con <\/span><\/em><span style=\"font-size: 14pt;\"><strong>Hermeto Pascoal<\/strong><\/span><em><span style=\"font-size: 14pt;\">, la m\u00fasica, abrimos <\/span><\/em><span style=\"font-size: 14pt;\"><strong>La Nota Azul<\/strong><\/span><em><span style=\"font-size: 14pt;\"> este p<\/span><span style=\"font-size: 14pt;\">rograma n\u00famero 149, correspondiente al s\u00e1bado 20 de octubre de 2018. Por radio <\/span><\/em><span style=\"font-size: 14pt;\"><strong>Zumba La Turba<\/strong><\/span><em><span style=\"font-size: 14pt;\">, en la FM 99.5 de C\u00f3rdoba, Argentina.<\/span><\/em><\/p>\n<p><iframe id=\"audio_29499401\" style=\"border: 1px solid #EEE; box-sizing: border-box; width: 100%;\" src=\"https:\/\/ar.ivoox.com\/es\/player_ej_29499401_4_1.html?c1=ff6600\" width=\"300\" height=\"200\" frameborder=\"0\" scrolling=\"no\" allowfullscreen=\"allowfullscreen\"><\/iframe><\/p>\n<p><span style=\"font-size: 14pt;\">Iniciamos el programa con una reivindicaci\u00f3n de la lucha del movimiento de mujeres de<img fetchpriority=\"high\" decoding=\"async\" class=\"alignright wp-image-1963\" src=\"http:\/\/lanotaazul.com.ar\/wp-content\/uploads\/2018\/10\/hermeto-montreux-1024x768.jpg\" alt=\"\" width=\"398\" height=\"299\" \/> Brasil que con el grito de <strong>#EleNao<\/strong> (\u00e9l no)\u00a0rechazan la pol\u00edtica\u00a0fascista y mis\u00f3gina del candidato Bolsonaro.<\/span><\/p>\n<p><span style=\"font-size: 14pt;\">El comienzo musical es con <strong>Hermeto Pascoal<\/strong> y el \u00e1lbum que registra su participaci\u00f3n en el <em><strong>Festival de Jazz de Montreux<\/strong><\/em> en el a\u00f1o 1979. Toda la m\u00fasica de este concierto es una explosi\u00f3n de creatividad, virtuosismo y versatilidad que proyectar\u00eda a Hermeto como una referencia en el jazz de vanguardia.<\/span><\/p>\n<p><span style=\"font-size: 14pt;\">Nos damos el lujo de adelantar algo de lo habr\u00e1 en el <em><strong>Festival Internacional de Jazz de C\u00f3rdoba<\/strong><\/em> en esta su d\u00e9cima edici\u00f3n este a\u00f1o 2018. Nos visita <strong>Mariano Barsotti<\/strong>, periodista de jazz, gran conocedor y miembro del equipo organizador del Festival, que anticipa algunos de los conciertos, los espacios y formatos en los que se desarrollar\u00e1 el evento este a\u00f1o.<\/span><\/p>\n<figure id=\"attachment_1954\" aria-describedby=\"caption-attachment-1954\" style=\"width: 521px\" class=\"wp-caption aligncenter\"><img decoding=\"async\" class=\"wp-image-1954\" src=\"http:\/\/lanotaazul.com.ar\/wp-content\/uploads\/2018\/10\/1-1024x576.jpeg\" alt=\"\" width=\"521\" height=\"293\" \/><figcaption id=\"caption-attachment-1954\" class=\"wp-caption-text\">Mariano Barsotti adelanta parte del Festival de Jazz en La Nota Azul<\/figcaption><\/figure>\n<p>&nbsp;<\/p>\n<p><span style=\"font-size: 14pt;\">El <em><strong>Festival Internacional de Jazz de C\u00f3rdoba<\/strong><\/em> se realizar\u00e1 del 14 al 19 de noviembre y contar\u00e1 con los circuitos habituales de conciertos en el teatro, al aire libre (este a\u00f1o en el Buen Pastor), el jazz club por la noche y el circuito provincial. En este programa compartimos con Barsotti los conciertos que tendr\u00e1n lugar en el espacio teatral, este a\u00f1o s\u00f3lo en el Teatro Real, debido al estado de refacci\u00f3n del Teatro del Libertador.<\/span><\/p>\n<p><span style=\"font-size: 14pt;\">Escuchamos a la pianista de Suiza <strong>Sylvie Courvoisier<\/strong> que ser\u00e1 parte del Festival con su tr\u00edo que integra a <strong>Kenny Wollesen<\/strong> en bater\u00eda y <strong>Drew Gress<\/strong> en contrabajo. Compartimos su \u00faltimo disco con el tr\u00edo, lanzado este a\u00f1o 2018 por el sello <em>Intakt, <strong>D&#8217;agala<\/strong><\/em>. Tambi\u00e9n escuchamos a la excelente cantante inglesa <strong>Norma Winstone<\/strong> que cerrar\u00e1 el Festival. Suena algo de su \u00e1lbum <em><strong>Descansado. Songs for Films<\/strong><\/em>, lanzado por <em>ECM<\/em> este a\u00f1o. <strong>Mariano Barsotti<\/strong> presenta tambi\u00e9n al baterista y percusionista <strong>Sonny Troup\u00e9<\/strong>, nacido en la Isla de Guadalupe, y al saxofonista italiano <strong>Stefano Di Battista<\/strong>, del que suena un trabajo que recrea las composiciones de Charlie Parker.<\/span><\/p>\n<div id='gallery-1' class='gallery galleryid-6711 gallery-columns-2 gallery-size-medium'><figure class='gallery-item'>\n\t\t\t<div class='gallery-icon landscape'>\n\t\t\t\t<img decoding=\"async\" width=\"300\" height=\"300\" src=\"https:\/\/zumbalaturba.com.ar\/wp-content\/uploads\/2018\/10\/Front-300x300.jpg\" class=\"attachment-medium size-medium\" alt=\"\" srcset=\"https:\/\/zumbalaturba.com.ar\/wp-content\/uploads\/2018\/10\/Front-300x300.jpg 300w, https:\/\/zumbalaturba.com.ar\/wp-content\/uploads\/2018\/10\/Front-768x768.jpg 768w, https:\/\/zumbalaturba.com.ar\/wp-content\/uploads\/2018\/10\/Front-1024x1024.jpg 1024w\" sizes=\"(max-width: 300px) 100vw, 300px\" \/>\n\t\t\t<\/div><\/figure><figure class='gallery-item'>\n\t\t\t<div class='gallery-icon landscape'>\n\t\t\t\t<img loading=\"lazy\" decoding=\"async\" width=\"300\" height=\"300\" src=\"https:\/\/zumbalaturba.com.ar\/wp-content\/uploads\/2018\/10\/Norma-Winstone-300x300.jpg\" class=\"attachment-medium size-medium\" alt=\"\" srcset=\"https:\/\/zumbalaturba.com.ar\/wp-content\/uploads\/2018\/10\/Norma-Winstone-300x300.jpg 300w, https:\/\/zumbalaturba.com.ar\/wp-content\/uploads\/2018\/10\/Norma-Winstone-768x768.jpg 768w, https:\/\/zumbalaturba.com.ar\/wp-content\/uploads\/2018\/10\/Norma-Winstone-1024x1024.jpg 1024w\" sizes=\"(max-width: 300px) 100vw, 300px\" \/>\n\t\t\t<\/div><\/figure><figure class='gallery-item'>\n\t\t\t<div class='gallery-icon landscape'>\n\t\t\t\t<img loading=\"lazy\" decoding=\"async\" width=\"300\" height=\"300\" src=\"https:\/\/zumbalaturba.com.ar\/wp-content\/uploads\/2018\/10\/Sonny-Troupe-300x300.jpeg\" class=\"attachment-medium size-medium\" alt=\"\" srcset=\"https:\/\/zumbalaturba.com.ar\/wp-content\/uploads\/2018\/10\/Sonny-Troupe-300x300.jpeg 300w, https:\/\/zumbalaturba.com.ar\/wp-content\/uploads\/2018\/10\/Sonny-Troupe.jpeg 600w\" sizes=\"(max-width: 300px) 100vw, 300px\" \/>\n\t\t\t<\/div><\/figure><figure class='gallery-item'>\n\t\t\t<div class='gallery-icon landscape'>\n\t\t\t\t<img loading=\"lazy\" decoding=\"async\" width=\"300\" height=\"300\" src=\"https:\/\/zumbalaturba.com.ar\/wp-content\/uploads\/2018\/10\/Stefano-300x300.jpeg\" class=\"attachment-medium size-medium\" alt=\"\" srcset=\"https:\/\/zumbalaturba.com.ar\/wp-content\/uploads\/2018\/10\/Stefano-300x300.jpeg 300w, https:\/\/zumbalaturba.com.ar\/wp-content\/uploads\/2018\/10\/Stefano.jpeg 500w\" sizes=\"(max-width: 300px) 100vw, 300px\" \/>\n\t\t\t<\/div><\/figure>\n\t\t<\/div>\n\n<p>&nbsp;<\/p>\n<p><span style=\"font-size: 14pt;\">La apertura del Festival, que tradicionalmente tiene la <img loading=\"lazy\" decoding=\"async\" class=\"alignright wp-image-1959\" src=\"http:\/\/lanotaazul.com.ar\/wp-content\/uploads\/2018\/10\/Richard-Nant-199x300.jpg\" alt=\"\" width=\"184\" height=\"277\" \/>costumbre\u00a0de recuperar y reivindicar el trabajo de alg\u00fan m\u00fasico cordob\u00e9s radicado afuera y ponerlo en el contexto de tocar con la orquesta sinf\u00f3nica y con peque\u00f1o combo de jazz, ser\u00e1 este a\u00f1o con el s\u00f3lido trompetista <strong>Richard Nant<\/strong>. Nant es de Camilo Aldao, al sureste de la provincia de C\u00f3rdoba, y tiene una larga trayectoria en la escena del jazz y otras m\u00fasicas en Argentina y en Estados Unidos, con una amplia variedad de proyectos art\u00edsticos. <strong>Richard Nant<\/strong> abrir\u00e1 el <em><strong>Festival Internacional de Jazz de C\u00f3rdoba<\/strong><\/em> el mi\u00e9rcoles 14 de noviembre en el Teatro Real.\u00a0<\/span><span style=\"font-size: 14pt;\">Escuchamos algo del \u00e1lbum <strong><em>Reflejos<\/em><\/strong> de la <strong>Big Nant<\/strong>.<\/span><\/p>\n<p><span style=\"font-size: 14pt;\">Tambi\u00e9n recibimos la visita del saxofonista de La Rioja <strong>Daniel Palacios<\/strong> que est\u00e1 en C\u00f3rdoba para presentar su \u00faltimo disco, el n\u00famero 19 de su prol\u00edfica carrera, titulado <strong><em>Camino al Coraz\u00f3n<\/em><\/strong>. El concierto de presentaci\u00f3n en <em>Lecole<\/em> cuenta con la participaci\u00f3n nada menos que de <strong>Agust\u00edn Waldheim<\/strong> en piano, <strong>Lucas S\u00e1nchez<\/strong> en contrabajo y <strong>Germ\u00e1n Siman<\/strong> en bater\u00eda. El evento es parte del ciclo llamado <strong><em>Jazz Station Plus<\/em><\/strong>, que cuenta con una extensa propuesta de dos semanas de recorrido musical en esta casa del jazz en C\u00f3rdoba que es el local de Ayacucho 333. De ello nos habla <strong>Mateo Marengo<\/strong>, m\u00fasico encargado de la <em>jam<\/em> del ciclo.<\/span><\/p>\n<figure id=\"attachment_1956\" aria-describedby=\"caption-attachment-1956\" style=\"width: 562px\" class=\"wp-caption aligncenter\"><img loading=\"lazy\" decoding=\"async\" class=\" wp-image-1956\" src=\"http:\/\/lanotaazul.com.ar\/wp-content\/uploads\/2018\/10\/3-1024x576.jpeg\" alt=\"\" width=\"562\" height=\"316\" \/><figcaption id=\"caption-attachment-1956\" class=\"wp-caption-text\">Daniel Palacios en La Nota Azul<\/figcaption><\/figure>\n<p>&nbsp;<\/p>\n<p><span style=\"font-size: 14pt;\">Y el cierre llega con la m\u00fasica de <strong>Mart\u00edn Dellavedova<\/strong> apenas antes de su concierto doble en el <em>Centro Cultural C\u00f3rdoba<\/em> con <strong>Eduardo Elia<\/strong>, donde presenta m\u00fasica nueva que ser\u00e1 parte de un pr\u00f3ximo trabajo discogr\u00e1fico.<\/span><\/p>\n<p><span style=\"font-size: 14pt;\">Todo eso y mucho m\u00e1s en dos horas de jazz, m\u00fasica y radio.<\/span><\/p>\n<p>&nbsp;<\/p>\n<p style=\"text-align: center;\"><span style=\"font-size: 18pt;\"><a href=\"http:\/\/lanotaazul.com.ar\/programas\/adelantamos-el-festival-internacional-de-jazz-de-cordoba-y-mucho-mas-en-la-nota-azul\/\" target=\"_blank\" rel=\"noopener noreferrer\"><em><strong>ESCUCHALO TAMBI\u00c9N POR AC\u00c1<\/strong><\/em><\/a><\/span><\/p>\n<div class='share-to-whatsapp-wrapper'><div class='share-on-whsp'>Share on: <\/div><div class='clear '><\/div><\/div>","protected":false},"excerpt":{"rendered":"<p>No hay grito fascista posible, no hay misoginia, ni violencia ni racismo que puedan silenciar esta m\u00fasica de jazz\u2026 Con Hermeto Pascoal, la m\u00fasica, abrimos La Nota Azul este programa n\u00famero 149, correspondiente al s\u00e1bado 20 de octubre de 2018. Por radio Zumba La Turba, en la FM 99.5 de C\u00f3rdoba, Argentina. Iniciamos el programa [&hellip;]<\/p>\n","protected":false},"author":14,"featured_media":6715,"comment_status":"open","ping_status":"open","sticky":false,"template":"","format":"standard","meta":{"footnotes":""},"categories":[261],"tags":[81,52,293,305,296,166],"class_list":["post-6711","post","type-post","status-publish","format-standard","has-post-thumbnail","hentry","category-la-nota-azul","tag-agenda-cultural","tag-cultura","tag-jazz","tag-jazz-federal-club","tag-la-nota-azul","tag-musica"],"_links":{"self":[{"href":"https:\/\/zumbalaturba.com.ar\/index.php?rest_route=\/wp\/v2\/posts\/6711","targetHints":{"allow":["GET"]}}],"collection":[{"href":"https:\/\/zumbalaturba.com.ar\/index.php?rest_route=\/wp\/v2\/posts"}],"about":[{"href":"https:\/\/zumbalaturba.com.ar\/index.php?rest_route=\/wp\/v2\/types\/post"}],"author":[{"embeddable":true,"href":"https:\/\/zumbalaturba.com.ar\/index.php?rest_route=\/wp\/v2\/users\/14"}],"replies":[{"embeddable":true,"href":"https:\/\/zumbalaturba.com.ar\/index.php?rest_route=%2Fwp%2Fv2%2Fcomments&post=6711"}],"version-history":[{"count":0,"href":"https:\/\/zumbalaturba.com.ar\/index.php?rest_route=\/wp\/v2\/posts\/6711\/revisions"}],"wp:featuredmedia":[{"embeddable":true,"href":"https:\/\/zumbalaturba.com.ar\/index.php?rest_route=\/wp\/v2\/media\/6715"}],"wp:attachment":[{"href":"https:\/\/zumbalaturba.com.ar\/index.php?rest_route=%2Fwp%2Fv2%2Fmedia&parent=6711"}],"wp:term":[{"taxonomy":"category","embeddable":true,"href":"https:\/\/zumbalaturba.com.ar\/index.php?rest_route=%2Fwp%2Fv2%2Fcategories&post=6711"},{"taxonomy":"post_tag","embeddable":true,"href":"https:\/\/zumbalaturba.com.ar\/index.php?rest_route=%2Fwp%2Fv2%2Ftags&post=6711"}],"curies":[{"name":"wp","href":"https:\/\/api.w.org\/{rel}","templated":true}]}}