{"id":6722,"date":"2018-10-29T14:23:31","date_gmt":"2018-10-29T14:23:31","guid":{"rendered":"http:\/\/zumbalaturba.com.ar\/?p=6722"},"modified":"2018-10-29T14:23:31","modified_gmt":"2018-10-29T14:23:31","slug":"festival-de-jazz-novedades-y-musica-de-sobrevivencia","status":"publish","type":"post","link":"https:\/\/zumbalaturba.com.ar\/?p=6722","title":{"rendered":"Festival de jazz, novedades y m\u00fasica de sobrevivencia"},"content":{"rendered":"<p style=\"padding-left: 150px;\"><span style=\"font-size: 14pt;\"><em>Una zona productiva en la que confluyen las vueltas por el mundo y el acento de origen. \u00bfQu\u00e9 otra cosa es el jazz? \u00bfQu\u00e9 otra cosa es la m\u00fasica?&#8230;\u00a0Suena <strong>Argentos<\/strong>, uno de los proyectos de <\/em><strong>Richard Nant<\/strong><em>, para comenzar esta edici\u00f3n n\u00famero 150 de <\/em><strong>La Nota Azul<\/strong><em>,\u00a0correspondiente al s\u00e1bado 27 de octubre de 2018. Por radio <\/em><strong>Zumba La Turba<\/strong><em>, en la FM 99.5 de C\u00f3rdoba, Argentina.<\/em><\/span><\/p>\n<p><iframe id=\"audio_29662593\" style=\"border: 1px solid #EEE; box-sizing: border-box; width: 100%;\" src=\"https:\/\/ar.ivoox.com\/es\/player_ej_29662593_4_1.html?c1=0047ff\" width=\"300\" height=\"200\" frameborder=\"0\" scrolling=\"no\" allowfullscreen=\"allowfullscreen\"><\/iframe><\/p>\n<p><span style=\"font-size: 14pt;\">Comenzamos musicalmente el<img fetchpriority=\"high\" decoding=\"async\" class=\"alignright wp-image-1984\" src=\"http:\/\/lanotaazul.com.ar\/wp-content\/uploads\/2018\/10\/Richard-Nant-Argentos.jpg\" alt=\"\" width=\"320\" height=\"320\" \/> programa\u00a0con <strong>Argentos,<\/strong> uno de los proyectos que lidera <strong>Richard Nant<\/strong>, quien ser\u00e1 protagonista de la apertura del <strong>Festival Internacional de Jazz de C\u00f3rdoba<\/strong> en su d\u00e9cima edici\u00f3n este a\u00f1o 2018. Escuchamos el \u00e1lbum <strong><em>70s<\/em><\/strong> que apareci\u00f3 a comienzos de 2017 y en el que se re\u00fanen <strong>Mat\u00edas M\u00e9ndez<\/strong> en bajo, <strong>\u00c1lvaro Torres<\/strong> en piano y teclados, <strong>Alan Plachta<\/strong> en guitarra, <strong>Carto Brand\u00e1n<\/strong> en bateria, <strong>Gabriel Juncos<\/strong> en flauta y por supuesto <strong>Richard Nant<\/strong> en trompeta, percusi\u00f3n y composici\u00f3n.<\/span><\/p>\n<p><span style=\"font-size: 14pt;\">Oriundo de Camilo Aldao, al sureste de la provincia de C\u00f3rdoba, <strong>Richard Nant<\/strong> es due\u00f1o de una trayectoria consolidada que lo ha llevado a sostener distintos proyectos en Estados Unidos y a ser una figura destacada dentro de la escena del jazz argentino. Abrir\u00e1 el <a href=\"http:\/\/cordobajazzfestival.com.ar\/2018\/\" target=\"_blank\" rel=\"noopener noreferrer\"><strong>Festival Internacional de Jazz de C\u00f3rdoba<\/strong><\/a> el mi\u00e9rcoles 14 de noviembre en un <a href=\"http:\/\/cordobajazzfestival.com.ar\/2018\/artistas\/richard-nant-banda-sinfonica-de-la-provincia-de-cordoba\/\" target=\"_blank\" rel=\"noopener noreferrer\">concierto<\/a> que lo reunir\u00e1 con la banda sinf\u00f3nica de la provincia y lo ubicar\u00e1 tambi\u00e9n en el lugar de tocar con peque\u00f1o combo de jazz.<\/span><\/p>\n<p><span style=\"font-size: 14pt;\">Nos damos el lujo de recibir nuevamente la visita de <strong>Mariano Barsotti<\/strong> para anticipar los n\u00fameros que ser\u00e1n parte del <strong>Festival de Jazz<\/strong>, esta vez en el circuito de conciertos que tendr\u00e1n lugar en <em>Cocina de Culturas<\/em>. En primer lugar escuchamos al destacado pianista norteamericano <strong>David Kikoski<\/strong>, que se presentar\u00e1 junto con el <strong>Tano Tr\u00edo<\/strong> formado por <strong>Juan Chiavassa<\/strong> en bater\u00eda, <strong>Daniele Germani<\/strong> en saxo alto y <strong>Stefano Battaflia<\/strong> en contrabajo, <a href=\"http:\/\/cordobajazzfestival.com.ar\/2018\/artistas\/david-kikoski-tano-trio\/\" target=\"_blank\" rel=\"noopener noreferrer\">la noche del jueves 15 de noviembre<\/a>. Lo que suena es del disco <em><strong>Consequences,<\/strong><\/em> de 2012, con <strong>Christian McBride<\/strong> en contrabajo y <strong>Jeff &#8220;Tain&#8221; Watts<\/strong> en bater\u00eda.<\/span><\/p>\n<p><span style=\"font-size: 14pt;\">El Viernes 16 en el circuito <a href=\"http:\/\/cordobajazzfestival.com.ar\/2018\/event-category\/jazz-club\/\" target=\"_blank\" rel=\"noopener noreferrer\"><strong><em>Jazz Club<\/em> <\/strong><\/a>del Festival, en <em>Cocina de Culturas<\/em>, <a href=\"http:\/\/cordobajazzfestival.com.ar\/2018\/artistas\/david-becker-quartet\/\" target=\"_blank\" rel=\"noopener noreferrer\">se presentar\u00e1 el <strong>David Becker Quartet<\/strong><\/a>, con <strong>David Becker<\/strong> y <strong>Juampy Ju\u00e1rez<\/strong> en guitarras, <strong>Milton Arias<\/strong> en bajo y <strong>Lucas Ram\u00edrez<\/strong> en bater\u00eda.<\/span><\/p>\n<p><span style=\"font-size: 14pt;\">Luego es el turno de escuchar al saxofonista brasile\u00f1o <strong>Marcelo Coelho<\/strong> que se presentar\u00e1 con su grupo <strong>McLav-In<\/strong>, con <strong>Saulo Martins<\/strong> en piano el\u00e9ctrico, <strong>Gl\u00e9cio Nascimento<\/strong> en bajo y <strong>Abner Paul<\/strong> en bater\u00eda. El <a href=\"http:\/\/cordobajazzfestival.com.ar\/2018\/artistas\/marcelo-coelho-mclav-in\/\" target=\"_blank\" rel=\"noopener noreferrer\">concierto ser\u00e1 el s\u00e1bado 17 de noviembre<\/a> desde las 22:30 en el <em>Jazz Club del Festival<\/em>. Lo que suena es algo de su \u00e1lbum <strong><em>Colagens,<\/em><\/strong> del a\u00f1o 2008.<\/span><\/p>\n<p><span style=\"font-size: 14pt;\">El domingo 18 el escenario del <em>Jazz Club del Festival<\/em> ser\u00e1 del saxofonista franc\u00e9s <a href=\"http:\/\/cordobajazzfestival.com.ar\/2018\/artistas\/eric-seva-quartet\/\" target=\"_blank\" rel=\"noopener noreferrer\"><strong>\u00c9ric Sev\u00e1<\/strong><\/a> junto a un grupo extraordinario que re\u00fane a <strong>Felipe Cabrera<\/strong> en el contrabajo, <strong>Javier Girotto<\/strong> en saxos, <strong>Minino Garay<\/strong> en bater\u00eda percusi\u00f3n y la participaci\u00f3n como invitado de <strong>Lionel Su\u00e1rez<\/strong> en acorde\u00f3n. Lo que escuchamos es algo del \u00e1lbum de <strong>\u00c9ric Sev\u00e1<\/strong>, <strong><em>Folklores Imaginaires<\/em><\/strong>, lanzado en 2005.<\/span><\/p>\n<div id='gallery-1' class='gallery galleryid-6722 gallery-columns-3 gallery-size-medium'><figure class='gallery-item'>\n\t\t\t<div class='gallery-icon landscape'>\n\t\t\t\t<img decoding=\"async\" width=\"300\" height=\"297\" src=\"https:\/\/zumbalaturba.com.ar\/wp-content\/uploads\/2018\/10\/Kikoski-300x297.jpg\" class=\"attachment-medium size-medium\" alt=\"\" srcset=\"https:\/\/zumbalaturba.com.ar\/wp-content\/uploads\/2018\/10\/Kikoski-300x297.jpg 300w, https:\/\/zumbalaturba.com.ar\/wp-content\/uploads\/2018\/10\/Kikoski-768x760.jpg 768w, https:\/\/zumbalaturba.com.ar\/wp-content\/uploads\/2018\/10\/Kikoski-1024x1014.jpg 1024w, https:\/\/zumbalaturba.com.ar\/wp-content\/uploads\/2018\/10\/Kikoski.jpg 1423w\" sizes=\"(max-width: 300px) 100vw, 300px\" \/>\n\t\t\t<\/div><\/figure><figure class='gallery-item'>\n\t\t\t<div class='gallery-icon landscape'>\n\t\t\t\t<img decoding=\"async\" width=\"300\" height=\"300\" src=\"https:\/\/zumbalaturba.com.ar\/wp-content\/uploads\/2018\/10\/Marcelo-Coelho-300x300.jpg\" class=\"attachment-medium size-medium\" alt=\"\" srcset=\"https:\/\/zumbalaturba.com.ar\/wp-content\/uploads\/2018\/10\/Marcelo-Coelho-300x300.jpg 300w, https:\/\/zumbalaturba.com.ar\/wp-content\/uploads\/2018\/10\/Marcelo-Coelho-768x768.jpg 768w, https:\/\/zumbalaturba.com.ar\/wp-content\/uploads\/2018\/10\/Marcelo-Coelho-1024x1024.jpg 1024w, https:\/\/zumbalaturba.com.ar\/wp-content\/uploads\/2018\/10\/Marcelo-Coelho.jpg 1280w\" sizes=\"(max-width: 300px) 100vw, 300px\" \/>\n\t\t\t<\/div><\/figure><figure class='gallery-item'>\n\t\t\t<div class='gallery-icon landscape'>\n\t\t\t\t<img loading=\"lazy\" decoding=\"async\" width=\"300\" height=\"300\" src=\"https:\/\/zumbalaturba.com.ar\/wp-content\/uploads\/2018\/10\/Eric-Seva-300x300.jpg\" class=\"attachment-medium size-medium\" alt=\"\" srcset=\"https:\/\/zumbalaturba.com.ar\/wp-content\/uploads\/2018\/10\/Eric-Seva-300x300.jpg 300w, https:\/\/zumbalaturba.com.ar\/wp-content\/uploads\/2018\/10\/Eric-Seva.jpg 600w\" sizes=\"(max-width: 300px) 100vw, 300px\" \/>\n\t\t\t<\/div><\/figure>\n\t\t<\/div>\n\n<figure id=\"attachment_1988\" aria-describedby=\"caption-attachment-1988\" style=\"width: 313px\" class=\"wp-caption alignleft\"><img loading=\"lazy\" decoding=\"async\" class=\" wp-image-1988\" src=\"http:\/\/lanotaazul.com.ar\/wp-content\/uploads\/2018\/10\/Felipe-Cabrera.jpg\" alt=\"\" width=\"313\" height=\"313\" \/><figcaption id=\"caption-attachment-1988\" class=\"wp-caption-text\">Felipe Cabrera<\/figcaption><\/figure>\n<p><span style=\"font-size: 14pt;\">El cierre del festival en el escenario de <em>Cocina de Culturas<\/em> ser\u00e1 el <a href=\"http:\/\/cordobajazzfestival.com.ar\/2018\/artistas\/felipe-cabrera-latin-jam-de-cba\/\" target=\"_blank\" rel=\"noopener noreferrer\">lunes 19 con el concierto del contrabajista cubano <strong>Felipe Cabrera<\/strong><\/a> junto a la agrupaci\u00f3n <strong>Latin Jam<\/strong> de C\u00f3rdoba, en la que participan <strong>Diego Tercel<\/strong> en congas, <strong>Lucas Millicay<\/strong> en timbal, <strong>Mart\u00edn Barroso<\/strong> en piano y <strong>Fede Seimandi<\/strong> en bajo. Lo que suena es <strong>Felipe Cabrera<\/strong> en parte de sus trabajos con <strong>Gonzalo Rubalcaba<\/strong>.<\/span><\/p>\n<p><span style=\"font-size: 14pt;\"><strong>Mariano Barsotti<\/strong> adem\u00e1s anuncia lo que ser\u00e1 el <a href=\"http:\/\/cordobajazzfestival.com.ar\/2018\/event-category\/aire-libre\/\" target=\"_blank\" rel=\"noopener noreferrer\">circuito del jazz aire libre<\/a>, que este a\u00f1o tendr\u00e1 lugar en el <em>Paseo del Buen Pastor<\/em>.<\/span><\/p>\n<p>&nbsp;<\/p>\n<p><span style=\"font-size: 14pt;\">El programa contin\u00faa con la presentaci\u00f3n\u00a0de\u00a0una\u00a0novedad extrema: lo nuevo del baterista<strong>Hern\u00e1n Mandelman<\/strong> con su sexteto que re\u00fane a<img loading=\"lazy\" decoding=\"async\" class=\"alignright wp-image-1976\" src=\"http:\/\/lanotaazul.com.ar\/wp-content\/uploads\/2018\/10\/image-2.png\" alt=\"\" width=\"369\" height=\"329\" \/> <strong>Juan Cruz de Urquiza<\/strong> en trompeta, <strong>Natalio Sued<\/strong> en saxo tenor, <strong>Rodrigo Dom\u00ednguez<\/strong> en saxo alto, <strong>Francisco Lo Vuolo<\/strong> en piano, <strong>Sebasti\u00e1n de Urquiza<\/strong>\u00a0en contrabajo, adem\u00e1s, claro, del propio<\/span><span style=\"font-size: 14pt;\">\u00a0<strong>Hern\u00e1n Mandelman<\/strong>\u00a0en bater\u00eda y composici\u00f3n. E<\/span><span style=\"font-size: 14pt;\">l \u00e1lbum <em><strong>Memoria,<\/strong><\/em> que ser\u00e1 editado por <em>Blue Art Records<\/em>, es el tercero con su firma como l\u00edder, luego de <strong><em>Detr\u00e1s de esa puerta<\/em><\/strong> de 2010 y <em><strong>Reflexiones en verano<\/strong><\/em> de 2015. Conversamos con <strong>Hern\u00e1n Mandelman<\/strong> acerca de su trabajo como compositor y de las ideas musicales que rigen esta nueva producci\u00f3n discogr\u00e1fica.<\/span><\/p>\n<p><span style=\"font-size: 14pt;\">Y como si esto fuera poco, tambi\u00e9n nos entrevistamos con el fenomenal contrabajista y compositor <strong>Gustavo Lorenzatti<\/strong> para anunciar las nuevas presentaciones de su proyecto <a href=\"https:\/\/www.facebook.com\/musicadesobrevivencia\/?ref=br_rs\" target=\"_blank\" rel=\"noopener noreferrer\"><em><strong>M\u00fasica de Sobrevivencia<\/strong><\/em><\/a>, que lo re\u00fane con <strong>Santiago Bartolom\u00e9<\/strong> en trompeta, electr\u00f3nica y efectos. Por su trabajo como m\u00fasico y como formador, <strong>Gustavo Lorenzatti<\/strong> es responsable de gran parte de la m\u00fasica creativa que suena en C\u00f3rdoba. Conversamos sobre el car\u00e1cter musical del proyecto <strong><em>M\u00fasica de Sobrevivencia<\/em><\/strong>, en el que confluyen composici\u00f3n e improvisaci\u00f3n en tiempo real, y sobre la intenci\u00f3n de ser un aporte m\u00e1s en la lucha por la defensa del bosque nativo en C\u00f3rdoba.\u00a0<\/span><\/p>\n<p style=\"text-align: center;\"><span style=\"font-size: 14pt;\"><a href=\"http:\/\/www.argentjazz.com.ar\/musica-a-favor-de-la-vida\/\" target=\"_blank\" rel=\"noopener noreferrer\"><strong><em>[Una excelente rese\u00f1a sobre M\u00fasica de Sobrevivencia puede leerse aqu\u00ed en la revista ArgentJazz]<\/em><\/strong><\/a><\/span><\/p>\n<p><span style=\"font-size: 14pt;\"><em><strong>M\u00fasica de Sobrevivencia<\/strong><\/em> tiene pr\u00f3ximas presentaciones el s\u00e1bado 3 de noviembre en <em>Monta\u00f1itas<\/em> en R\u00edo Ceballos y el viernes 9 en el <em>Club Social<\/em> de Agua de Oro. Adem\u00e1s el nuevo v\u00eddeo producido por el d\u00fao se va a estar proyectando en el <em>Festival Latinoamericano de Cortometrajes Cort\u00f3polis<\/em> 2018 en el <em>Centro Cultural Espa\u00f1a C\u00f3rdoba<\/em>.<\/span><\/p>\n<figure id=\"attachment_1975\" aria-describedby=\"caption-attachment-1975\" style=\"width: 441px\" class=\"wp-caption aligncenter\"><img loading=\"lazy\" decoding=\"async\" class=\"wp-image-1975\" src=\"http:\/\/lanotaazul.com.ar\/wp-content\/uploads\/2018\/10\/Gustavo-Lorenzatti-1024x576.jpg\" alt=\"\" width=\"441\" height=\"248\" \/><figcaption id=\"caption-attachment-1975\" class=\"wp-caption-text\">Gustavo Lorenzatti<\/figcaption><\/figure>\n<p>&nbsp;<\/p>\n<p><span style=\"font-size: 14pt;\">Todo eso y mucho m\u00e1s en dos horas de radio, m\u00fasica, jazz, y otras formas libres.<\/span><\/p>\n<p>&nbsp;<\/p>\n<p style=\"text-align: center;\"><span style=\"font-size: 18pt;\"><a href=\"http:\/\/lanotaazul.com.ar\/programas\/festival-de-jazz-novedades-y-musica-de-sobrevivencia\/\" target=\"_blank\" rel=\"noopener noreferrer\"><strong><em>ESCUCHALO TAMBI\u00c9N\u00a0POR AC\u00c1<\/em><\/strong><\/a><\/span><\/p>\n<p>&nbsp;<\/p>\n<figure id=\"attachment_1986\" aria-describedby=\"caption-attachment-1986\" style=\"width: 640px\" class=\"wp-caption aligncenter\"><img loading=\"lazy\" decoding=\"async\" class=\"size-large wp-image-1986\" src=\"http:\/\/lanotaazul.com.ar\/wp-content\/uploads\/2018\/10\/Con-Barsotti-1024x576.jpeg\" alt=\"\" width=\"640\" height=\"360\" \/><figcaption id=\"caption-attachment-1986\" class=\"wp-caption-text\">Marat y Mariano Barsotti en La Nota Azul<\/figcaption><\/figure>\n<div class='share-to-whatsapp-wrapper'><div class='share-on-whsp'>Share on: <\/div><div class='clear '><\/div><\/div>","protected":false},"excerpt":{"rendered":"<p>Una zona productiva en la que confluyen las vueltas por el mundo y el acento de origen. \u00bfQu\u00e9 otra cosa es el jazz? \u00bfQu\u00e9 otra cosa es la m\u00fasica?&#8230;\u00a0Suena Argentos, uno de los proyectos de Richard Nant, para comenzar esta edici\u00f3n n\u00famero 150 de La Nota Azul,\u00a0correspondiente al s\u00e1bado 27 de octubre de 2018. Por [&hellip;]<\/p>\n","protected":false},"author":14,"featured_media":6726,"comment_status":"open","ping_status":"open","sticky":false,"template":"","format":"standard","meta":{"footnotes":""},"categories":[261],"tags":[81,52,293,305,296,166],"class_list":["post-6722","post","type-post","status-publish","format-standard","has-post-thumbnail","hentry","category-la-nota-azul","tag-agenda-cultural","tag-cultura","tag-jazz","tag-jazz-federal-club","tag-la-nota-azul","tag-musica"],"_links":{"self":[{"href":"https:\/\/zumbalaturba.com.ar\/index.php?rest_route=\/wp\/v2\/posts\/6722","targetHints":{"allow":["GET"]}}],"collection":[{"href":"https:\/\/zumbalaturba.com.ar\/index.php?rest_route=\/wp\/v2\/posts"}],"about":[{"href":"https:\/\/zumbalaturba.com.ar\/index.php?rest_route=\/wp\/v2\/types\/post"}],"author":[{"embeddable":true,"href":"https:\/\/zumbalaturba.com.ar\/index.php?rest_route=\/wp\/v2\/users\/14"}],"replies":[{"embeddable":true,"href":"https:\/\/zumbalaturba.com.ar\/index.php?rest_route=%2Fwp%2Fv2%2Fcomments&post=6722"}],"version-history":[{"count":0,"href":"https:\/\/zumbalaturba.com.ar\/index.php?rest_route=\/wp\/v2\/posts\/6722\/revisions"}],"wp:featuredmedia":[{"embeddable":true,"href":"https:\/\/zumbalaturba.com.ar\/index.php?rest_route=\/wp\/v2\/media\/6726"}],"wp:attachment":[{"href":"https:\/\/zumbalaturba.com.ar\/index.php?rest_route=%2Fwp%2Fv2%2Fmedia&parent=6722"}],"wp:term":[{"taxonomy":"category","embeddable":true,"href":"https:\/\/zumbalaturba.com.ar\/index.php?rest_route=%2Fwp%2Fv2%2Fcategories&post=6722"},{"taxonomy":"post_tag","embeddable":true,"href":"https:\/\/zumbalaturba.com.ar\/index.php?rest_route=%2Fwp%2Fv2%2Ftags&post=6722"}],"curies":[{"name":"wp","href":"https:\/\/api.w.org\/{rel}","templated":true}]}}