{"id":6738,"date":"2018-11-04T22:39:21","date_gmt":"2018-11-04T22:39:21","guid":{"rendered":"http:\/\/zumbalaturba.com.ar\/?p=6738"},"modified":"2018-11-04T22:39:21","modified_gmt":"2018-11-04T22:39:21","slug":"jazz-la-palabra-que-abriga-la-musica","status":"publish","type":"post","link":"https:\/\/zumbalaturba.com.ar\/?p=6738","title":{"rendered":"Jazz: la palabra que abriga la m\u00fasica"},"content":{"rendered":"<p style=\"padding-left: 150px;\"><em><span style=\"font-size: 14pt;\">Un lenguaje propio que se construye sobre profundas ra\u00edces y apunta siempre hacia adelante. En su crecimiento y la ampliaci\u00f3n de su referencia, \u201cla palabra jazz comenz\u00f3 a funcionar como un abrigo, como una simplificaci\u00f3n\u201d. Es lo que dice la nota de <\/span><\/em><span style=\"font-size: 14pt;\">Mariano Barsotti<\/span><em><span style=\"font-size: 14pt;\"> para presentar a la pianista suiza <\/span><\/em><span style=\"font-size: 14pt;\"><strong>Sylvie Courvoisier<\/strong><\/span><em><span style=\"font-size: 14pt;\">, que visitar\u00e1 C\u00f3rdoba para participar en el Festival Internacional de Jazz este a\u00f1o\u2026 Con la m\u00fasica de <\/span><\/em><span style=\"font-size: 14pt;\"><strong>Sylvie Courvoisier Trio<\/strong><\/span><em><span style=\"font-size: 14pt;\">\u00a0abrimos este programa n\u00famero 151 de\u00a0<\/span><\/em><span style=\"font-size: 14pt;\"><strong>La Nota Azul<\/strong><\/span><em><span style=\"font-size: 14pt;\">,\u00a0<\/span><span style=\"font-size: 14pt;\">correspondiente al s\u00e1bado 03 de noviembre de 2018. Por radio <\/span><\/em><span style=\"font-size: 14pt;\"><strong>Zumba La Turba<\/strong><\/span><em><span style=\"font-size: 14pt;\">, en la FM 99.5 de C\u00f3rdoba, Argentina.<\/span><\/em><\/p>\n<p><iframe id=\"audio_29825117\" style=\"border: 1px solid #EEE; box-sizing: border-box; width: 100%;\" src=\"https:\/\/ar.ivoox.com\/es\/player_ej_29825117_4_1.html?c1=ff6600\" width=\"300\" height=\"200\" frameborder=\"0\" scrolling=\"no\" allowfullscreen=\"allowfullscreen\"><\/iframe><\/p>\n<p><span style=\"font-size: 14pt;\">Comenzamos con la m\u00fasica de la pianista suiza<img fetchpriority=\"high\" decoding=\"async\" class=\"size-full wp-image-1998 alignright\" src=\"http:\/\/lanotaazul.com.ar\/wp-content\/uploads\/2018\/11\/Courvoisier-Trio.jpg\" alt=\"\" width=\"264\" height=\"191\" \/> <strong>Sylvie Courvoisier<\/strong> que visitar\u00e1 C\u00f3rdoba con su tr\u00edo para participar en el <strong>Festival Internacional de Jazz<\/strong>. Escuchamos el disco <strong><em>D&#8217;agala<\/em><\/strong>, lanzado este a\u00f1o 2018 por el sello <em>Intakt.<\/em> Con <strong>Drew Gress<\/strong> en el contrabajo y <strong>Kenny Wollesen<\/strong> en la bater\u00eda. Adem\u00e1s tambi\u00e9n suena el disco <strong><em>Unspeakable<\/em><\/strong> de <strong>Bill Frisell<\/strong>, que tiene tambi\u00e9n a <strong>Wollesen<\/strong> en la bater\u00eda.<\/span><\/p>\n<p><span style=\"font-size: 14pt;\">Vuelva a sonar en <strong>La Nota Azul<\/strong> el nuevo disco de <strong>Hern\u00e1n Mandelman<\/strong>, titulado <strong><em>Memoria,<\/em><\/strong> que acaba de lanzar el sello <em>Blue Art Records<\/em>. Es el tercer disco de <strong>Mandelman<\/strong> como l\u00edder y en \u00e9l re\u00fane nuevamente a su sexteto que tiene a <strong>Juan Cruz de Urquiza<\/strong> en trompeta, <strong>Natalio Sued<\/strong> en saxo tenor, <strong>Rodrigo Dom\u00ednguez<\/strong> en saxo alto, <strong>Francisco Lo Vuolo<\/strong> en piano, <strong>Sebasti\u00e1n de Urquiza<\/strong> en contrabajo y al propio <strong>Hern\u00e1n Mandelman<\/strong> en bater\u00eda y composici\u00f3n.<\/span><\/p>\n<div id='gallery-1' class='gallery galleryid-6738 gallery-columns-3 gallery-size-medium'><figure class='gallery-item'>\n\t\t\t<div class='gallery-icon landscape'>\n\t\t\t\t<img decoding=\"async\" width=\"300\" height=\"300\" src=\"https:\/\/zumbalaturba.com.ar\/wp-content\/uploads\/2018\/11\/Courvoisier-Trio-Dagala-300x300.jpg\" class=\"attachment-medium size-medium\" alt=\"\" srcset=\"https:\/\/zumbalaturba.com.ar\/wp-content\/uploads\/2018\/11\/Courvoisier-Trio-Dagala-300x300.jpg 300w, https:\/\/zumbalaturba.com.ar\/wp-content\/uploads\/2018\/11\/Courvoisier-Trio-Dagala-768x768.jpg 768w, https:\/\/zumbalaturba.com.ar\/wp-content\/uploads\/2018\/11\/Courvoisier-Trio-Dagala-1024x1024.jpg 1024w, https:\/\/zumbalaturba.com.ar\/wp-content\/uploads\/2018\/11\/Courvoisier-Trio-Dagala.jpg 1200w\" sizes=\"(max-width: 300px) 100vw, 300px\" \/>\n\t\t\t<\/div><\/figure><figure class='gallery-item'>\n\t\t\t<div class='gallery-icon landscape'>\n\t\t\t\t<img decoding=\"async\" width=\"300\" height=\"231\" src=\"https:\/\/zumbalaturba.com.ar\/wp-content\/uploads\/2018\/11\/Bill-Frisell-300x231.jpg\" class=\"attachment-medium size-medium\" alt=\"\" srcset=\"https:\/\/zumbalaturba.com.ar\/wp-content\/uploads\/2018\/11\/Bill-Frisell-300x231.jpg 300w, https:\/\/zumbalaturba.com.ar\/wp-content\/uploads\/2018\/11\/Bill-Frisell-90x68.jpg 90w, https:\/\/zumbalaturba.com.ar\/wp-content\/uploads\/2018\/11\/Bill-Frisell-768x590.jpg 768w, https:\/\/zumbalaturba.com.ar\/wp-content\/uploads\/2018\/11\/Bill-Frisell-1024x787.jpg 1024w, https:\/\/zumbalaturba.com.ar\/wp-content\/uploads\/2018\/11\/Bill-Frisell.jpg 1600w\" sizes=\"(max-width: 300px) 100vw, 300px\" \/>\n\t\t\t<\/div><\/figure><figure class='gallery-item'>\n\t\t\t<div class='gallery-icon landscape'>\n\t\t\t\t<img loading=\"lazy\" decoding=\"async\" width=\"300\" height=\"268\" src=\"https:\/\/zumbalaturba.com.ar\/wp-content\/uploads\/2018\/11\/image-2-300x268.png\" class=\"attachment-medium size-medium\" alt=\"\" srcset=\"https:\/\/zumbalaturba.com.ar\/wp-content\/uploads\/2018\/11\/image-2-300x268.png 300w, https:\/\/zumbalaturba.com.ar\/wp-content\/uploads\/2018\/11\/image-2.png 552w\" sizes=\"(max-width: 300px) 100vw, 300px\" \/>\n\t\t\t<\/div><\/figure>\n\t\t<\/div>\n\n<p><img loading=\"lazy\" decoding=\"async\" class=\"alignleft  wp-image-6742\" src=\"https:\/\/zumbalaturba.com.ar\/wp-content\/uploads\/2018\/11\/Lucas-monz\u00f3n-tapa-300x283.jpg\" alt=\"\" width=\"331\" height=\"312\" srcset=\"https:\/\/zumbalaturba.com.ar\/wp-content\/uploads\/2018\/11\/Lucas-monz\u00f3n-tapa-300x283.jpg 300w, https:\/\/zumbalaturba.com.ar\/wp-content\/uploads\/2018\/11\/Lucas-monz\u00f3n-tapa-768x725.jpg 768w, https:\/\/zumbalaturba.com.ar\/wp-content\/uploads\/2018\/11\/Lucas-monz\u00f3n-tapa.jpg 950w\" sizes=\"(max-width: 331px) 100vw, 331px\" \/><\/p>\n<p><span style=\"font-size: 14pt;\">Presentamos adem\u00e1s el nuevo disco del acordeonista chaque\u00f1o <strong>Lucas Monz\u00f3n<\/strong> que, con el t\u00edtulo de <strong><em>Franco<\/em><\/strong> en referencia a su hermano, vuelve a mostrar su creatividad como compositor y su amor por la m\u00fasica del litoral. Conversamos con Lucas acerca de su trabajo, sus fuentes musicales y la actualidad y la tradici\u00f3n del chamam\u00e9. <strong>Lucas Monz\u00f3n<\/strong> presentar\u00e1 el disco <strong><em>Franco<\/em><\/strong> en vivo en Buenos Aires el jueves 8 de noviembre a las 21:00 Hs en <em>Caf\u00e9 Vinilo<\/em> y luego en provincia del Chaco el s\u00e1bado 24 de noviembre en el Ce.Cu.Al en Resistencia.<\/span><\/p>\n<p><span style=\"font-size: 14pt;\">Retomamos luego parte de la trayectoria musical de <strong>Gustavo Lorenzatti<\/strong> y escuchamos <strong>Golpe de Calor<\/strong>, grupo que form\u00f3 en los 90 y que integraron adem\u00e1s de <strong>Lorenzatti<\/strong> en el contrabajo, <strong>Esteban Guti\u00e9rrez<\/strong> en percusi\u00f3n, <strong>Dar\u00edo Albano<\/strong> en saxos, flauta y clarinete y <strong>Sergio Menem<\/strong> en guitarra. Suena el disco del a\u00f1o 1994 <strong><em>Hasta las manos<\/em><\/strong>.<\/span><\/p>\n<p><span style=\"font-size: 14pt;\">Tambi\u00e9n escuchamos al <strong>Tr\u00edo Desatanudos<\/strong> desde el \u00e1lbum <em><strong>El Rey de las Palabras<\/strong><\/em>, con <strong>Gustavo Lorenzatti<\/strong> en el contrabajo, <strong>Dar\u00edo Iscaro<\/strong> en guitarra y <strong>Fernando Caballero<\/strong> en la bater\u00eda.<\/span><\/p>\n<div id='gallery-2' class='gallery galleryid-6738 gallery-columns-2 gallery-size-medium'><figure class='gallery-item'>\n\t\t\t<div class='gallery-icon landscape'>\n\t\t\t\t<img loading=\"lazy\" decoding=\"async\" width=\"300\" height=\"232\" src=\"https:\/\/zumbalaturba.com.ar\/wp-content\/uploads\/2018\/11\/golpe-de-calor-300x232.jpeg\" class=\"attachment-medium size-medium\" alt=\"\" srcset=\"https:\/\/zumbalaturba.com.ar\/wp-content\/uploads\/2018\/11\/golpe-de-calor-300x232.jpeg 300w, https:\/\/zumbalaturba.com.ar\/wp-content\/uploads\/2018\/11\/golpe-de-calor-768x595.jpeg 768w, https:\/\/zumbalaturba.com.ar\/wp-content\/uploads\/2018\/11\/golpe-de-calor-1024x793.jpeg 1024w, https:\/\/zumbalaturba.com.ar\/wp-content\/uploads\/2018\/11\/golpe-de-calor.jpeg 1280w\" sizes=\"(max-width: 300px) 100vw, 300px\" \/>\n\t\t\t<\/div><\/figure><figure class='gallery-item'>\n\t\t\t<div class='gallery-icon landscape'>\n\t\t\t\t<img loading=\"lazy\" decoding=\"async\" width=\"300\" height=\"213\" src=\"https:\/\/zumbalaturba.com.ar\/wp-content\/uploads\/2018\/11\/TR\u00cdO-DESATANUDOS-300x213.jpg\" class=\"attachment-medium size-medium\" alt=\"\" srcset=\"https:\/\/zumbalaturba.com.ar\/wp-content\/uploads\/2018\/11\/TR\u00cdO-DESATANUDOS-300x213.jpg 300w, https:\/\/zumbalaturba.com.ar\/wp-content\/uploads\/2018\/11\/TR\u00cdO-DESATANUDOS-768x545.jpg 768w, https:\/\/zumbalaturba.com.ar\/wp-content\/uploads\/2018\/11\/TR\u00cdO-DESATANUDOS-1024x727.jpg 1024w, https:\/\/zumbalaturba.com.ar\/wp-content\/uploads\/2018\/11\/TR\u00cdO-DESATANUDOS.jpg 1600w\" sizes=\"(max-width: 300px) 100vw, 300px\" \/>\n\t\t\t<\/div><\/figure>\n\t\t<\/div>\n\n<p><span style=\"font-size: 14pt;\"><img loading=\"lazy\" decoding=\"async\" class=\"alignleft wp-image-2009\" src=\"http:\/\/lanotaazul.com.ar\/wp-content\/uploads\/2018\/11\/FKJ-300x300.jpg\" alt=\"\" width=\"205\" height=\"205\" \/>Luego llega el turno del multiinstrumentista franc\u00e9s <strong>Vincent Fenton<\/strong>, conocido como <strong>French Kiwi Juice<\/strong> o <strong>FKJ<\/strong>, responsable de una m\u00fasica que incorpora elementos del funk, el soul, el jazz y el rhythm and blues para derivar en un estilo que llaman <em>french house<\/em>.<\/span><\/p>\n<p>&nbsp;<\/p>\n<p><span style=\"font-size: 14pt;\">Cerramos el programa con la m\u00fasica de <strong>Roy Hargrove<\/strong> muerto este mismo d\u00eda a sus escasos 49 a\u00f1os. Suena el cl\u00e1sico de Dizzy Gillespie y Chano Pozo <em><strong>Tin Tin Deo<\/strong><\/em>. Y as\u00ed entonces, queda sonando la m\u00fasica de <strong>Roy Hargrove<\/strong>.<\/span><\/p>\n<figure id=\"attachment_2004\" aria-describedby=\"caption-attachment-2004\" style=\"width: 433px\" class=\"wp-caption aligncenter\"><img loading=\"lazy\" decoding=\"async\" class=\" wp-image-2004\" src=\"http:\/\/lanotaazul.com.ar\/wp-content\/uploads\/2018\/11\/Roy-Hargrove-1024x739.jpeg\" alt=\"\" width=\"433\" height=\"313\" \/><figcaption id=\"caption-attachment-2004\" class=\"wp-caption-text\">Roy Hargrove<\/figcaption><\/figure>\n<p>&nbsp;<\/p>\n<p><span style=\"font-size: 14pt;\">Todo eso y mucho m\u00e1s en dos horas de jazz, m\u00fasica y radio&#8230;<\/span><\/p>\n<p>&nbsp;<\/p>\n<p style=\"text-align: center;\"><span style=\"font-size: 18pt;\"><a href=\"http:\/\/lanotaazul.com.ar\/programas\/jazz-la-palabra-que-abriga-la-musica\/\" target=\"_blank\" rel=\"noopener noreferrer\"><em><strong>ESCUCHALO TAMBI\u00c9N POR AC\u00c1<\/strong><\/em><\/a><\/span><\/p>\n<div class='share-to-whatsapp-wrapper'><div class='share-on-whsp'>Share on: <\/div><div class='clear '><\/div><\/div>","protected":false},"excerpt":{"rendered":"<p>Un lenguaje propio que se construye sobre profundas ra\u00edces y apunta siempre hacia adelante. En su crecimiento y la ampliaci\u00f3n de su referencia, \u201cla palabra jazz comenz\u00f3 a funcionar como un abrigo, como una simplificaci\u00f3n\u201d. Es lo que dice la nota de Mariano Barsotti para presentar a la pianista suiza Sylvie Courvoisier, que visitar\u00e1 C\u00f3rdoba [&hellip;]<\/p>\n","protected":false},"author":14,"featured_media":6745,"comment_status":"open","ping_status":"open","sticky":false,"template":"","format":"standard","meta":{"footnotes":""},"categories":[261],"tags":[81,52,293,305,296,166],"class_list":["post-6738","post","type-post","status-publish","format-standard","has-post-thumbnail","hentry","category-la-nota-azul","tag-agenda-cultural","tag-cultura","tag-jazz","tag-jazz-federal-club","tag-la-nota-azul","tag-musica"],"_links":{"self":[{"href":"https:\/\/zumbalaturba.com.ar\/index.php?rest_route=\/wp\/v2\/posts\/6738","targetHints":{"allow":["GET"]}}],"collection":[{"href":"https:\/\/zumbalaturba.com.ar\/index.php?rest_route=\/wp\/v2\/posts"}],"about":[{"href":"https:\/\/zumbalaturba.com.ar\/index.php?rest_route=\/wp\/v2\/types\/post"}],"author":[{"embeddable":true,"href":"https:\/\/zumbalaturba.com.ar\/index.php?rest_route=\/wp\/v2\/users\/14"}],"replies":[{"embeddable":true,"href":"https:\/\/zumbalaturba.com.ar\/index.php?rest_route=%2Fwp%2Fv2%2Fcomments&post=6738"}],"version-history":[{"count":0,"href":"https:\/\/zumbalaturba.com.ar\/index.php?rest_route=\/wp\/v2\/posts\/6738\/revisions"}],"wp:featuredmedia":[{"embeddable":true,"href":"https:\/\/zumbalaturba.com.ar\/index.php?rest_route=\/wp\/v2\/media\/6745"}],"wp:attachment":[{"href":"https:\/\/zumbalaturba.com.ar\/index.php?rest_route=%2Fwp%2Fv2%2Fmedia&parent=6738"}],"wp:term":[{"taxonomy":"category","embeddable":true,"href":"https:\/\/zumbalaturba.com.ar\/index.php?rest_route=%2Fwp%2Fv2%2Fcategories&post=6738"},{"taxonomy":"post_tag","embeddable":true,"href":"https:\/\/zumbalaturba.com.ar\/index.php?rest_route=%2Fwp%2Fv2%2Ftags&post=6738"}],"curies":[{"name":"wp","href":"https:\/\/api.w.org\/{rel}","templated":true}]}}