{"id":6748,"date":"2018-11-13T03:59:40","date_gmt":"2018-11-13T03:59:40","guid":{"rendered":"http:\/\/zumbalaturba.com.ar\/?p=6748"},"modified":"2018-11-13T03:59:40","modified_gmt":"2018-11-13T03:59:40","slug":"una-pasion-que-persiste-discos-de-jazz-abasto-homenaje-y-novedades-en-la-nota-azul","status":"publish","type":"post","link":"https:\/\/zumbalaturba.com.ar\/?p=6748","title":{"rendered":"Una pasi\u00f3n que persiste: discos de jazz, abasto, homenaje y novedades en La Nota Azul"},"content":{"rendered":"<p style=\"padding-left: 150px;\"><em><span style=\"font-size: 14pt;\">Suena <\/span><\/em><span style=\"font-size: 14pt;\"><strong>Pepper Adams<\/strong><\/span><em><span style=\"font-size: 14pt;\"> en el comienzo musical de este p<\/span><span style=\"font-size: 14pt;\">rograma n\u00famero 152 de <\/span><\/em><span style=\"font-size: 14pt;\"><strong>La Nota Azul<\/strong><\/span><em><span style=\"font-size: 14pt;\">, correspondiente al s\u00e1bado 10 de noviembre de 2018. Por radio <\/span><\/em><span style=\"font-size: 14pt;\"><strong>Zumba La Turba<\/strong><\/span><em><span style=\"font-size: 14pt;\">, en la FM 99.5 de C\u00f3rdoba, Argentina.<\/span><\/em><\/p>\n<p><iframe id=\"audio_30011337\" style=\"border: 1px solid #EEE; box-sizing: border-box; width: 100%;\" src=\"https:\/\/ar.ivoox.com\/es\/player_ej_30011337_4_1.html?c1=ff6600\" width=\"300\" height=\"200\" frameborder=\"0\" scrolling=\"no\" allowfullscreen=\"allowfullscreen\"><\/iframe><\/p>\n<p><span style=\"font-size: 14pt;\">Comenzamos con la m\u00fasica de <strong><img fetchpriority=\"high\" decoding=\"async\" class=\"alignright wp-image-2030 \" src=\"http:\/\/lanotaazul.com.ar\/wp-content\/uploads\/2018\/11\/Pepper-Adams-Reflectory.jpg\" alt=\"\" width=\"373\" height=\"373\" \/>Pepper Adams<\/strong>, uno de los saxofonistas bar\u00edtonos m\u00e1s\u00a0importantes del hardbop.\u00a0Nacido en 1930 en plena crisis econ\u00f3mica, su familia iba a pasar mud\u00e1ndose por distintas ciudades durante algunos a\u00f1os. As\u00ed tambi\u00e9n, en la escuela, su formaci\u00f3n musical empezar\u00eda por la trompeta para cambiar despu\u00e9s al clarinete, estudiar piano y saxo tenor y luego destacarse en el saxo bar\u00edtono.\u00a0<\/span><span style=\"font-size: 14pt;\">Su estilo, m\u00e1s oscuro y hot, contrasta con el de Gerry Mulligan y su sonido cuasi ronco y afilado lo liga a uno de sus referentes, Harry Carney, el prolongado compa\u00f1ero de Duke Ellington. El disco con el que comenzamos es <strong><em>Reflectory,<\/em><\/strong> editado en 1978 por el sello <em>Muse Records<\/em>. Al saxo bar\u00edtono de <strong>Pepper Adams<\/strong> acompa\u00f1an <strong>Roland Hanna<\/strong> en piano, <strong>Billy Hart<\/strong> en bater\u00eda y <strong>George Mraz<\/strong> en contrabajo.<\/span><\/p>\n<p><span style=\"font-size: 14pt;\"><img decoding=\"async\" class=\"alignleft wp-image-2015 \" src=\"http:\/\/lanotaazul.com.ar\/wp-content\/uploads\/2018\/11\/Abasto-Records-300x300.jpg\" alt=\"\" width=\"274\" height=\"274\" \/>Al disco lo conseguimos en <a href=\"https:\/\/www.facebook.com\/AbastoRecords\/\" target=\"_blank\" rel=\"noopener noreferrer\"><strong><em>Abasto Records<\/em><\/strong><\/a>, ese hermoso refugio musical situado en barrio Alberdi que est\u00e1 a cargo de <strong>Pablo Brega<\/strong>. El propio Pablo nos visita, conversamos sobre la disquer\u00eda, la pasi\u00f3n por los discos, la m\u00fasica y el jazz. Y por supuesto, trajo m\u00fasica para compartir.<\/span><\/p>\n<p><span style=\"font-size: 14pt;\">De su selecci\u00f3n, escuchamos a <strong>Teddy Edwards<\/strong> desde el \u00e1lbum <strong><em>Sunset Eyes<\/em><\/strong>; a <strong>Rahsaan Roland Kirk<\/strong> desde <strong><em>Natural Black Inventions: Root Strata<\/em><\/strong>; y al <strong>Kenny Drew Trio<\/strong> con <strong>Curley Russell<\/strong> y <strong>Art Blakey<\/strong>.<\/span><\/p>\n<div id='gallery-1' class='gallery galleryid-6748 gallery-columns-3 gallery-size-medium'><figure class='gallery-item'>\n\t\t\t<div class='gallery-icon landscape'>\n\t\t\t\t<img decoding=\"async\" width=\"300\" height=\"295\" src=\"https:\/\/zumbalaturba.com.ar\/wp-content\/uploads\/2018\/11\/teddy-edwards-300x295.jpg\" class=\"attachment-medium size-medium\" alt=\"\" srcset=\"https:\/\/zumbalaturba.com.ar\/wp-content\/uploads\/2018\/11\/teddy-edwards-300x295.jpg 300w, https:\/\/zumbalaturba.com.ar\/wp-content\/uploads\/2018\/11\/teddy-edwards-768x755.jpg 768w, https:\/\/zumbalaturba.com.ar\/wp-content\/uploads\/2018\/11\/teddy-edwards-1024x1006.jpg 1024w, https:\/\/zumbalaturba.com.ar\/wp-content\/uploads\/2018\/11\/teddy-edwards.jpg 1093w\" sizes=\"(max-width: 300px) 100vw, 300px\" \/>\n\t\t\t<\/div><\/figure><figure class='gallery-item'>\n\t\t\t<div class='gallery-icon landscape'>\n\t\t\t\t<img loading=\"lazy\" decoding=\"async\" width=\"300\" height=\"292\" src=\"https:\/\/zumbalaturba.com.ar\/wp-content\/uploads\/2018\/11\/roland-kirk-300x292.jpg\" class=\"attachment-medium size-medium\" alt=\"\" srcset=\"https:\/\/zumbalaturba.com.ar\/wp-content\/uploads\/2018\/11\/roland-kirk-300x292.jpg 300w, https:\/\/zumbalaturba.com.ar\/wp-content\/uploads\/2018\/11\/roland-kirk-768x748.jpg 768w, https:\/\/zumbalaturba.com.ar\/wp-content\/uploads\/2018\/11\/roland-kirk-1024x997.jpg 1024w, https:\/\/zumbalaturba.com.ar\/wp-content\/uploads\/2018\/11\/roland-kirk.jpg 1500w\" sizes=\"(max-width: 300px) 100vw, 300px\" \/>\n\t\t\t<\/div><\/figure><figure class='gallery-item'>\n\t\t\t<div class='gallery-icon landscape'>\n\t\t\t\t<img loading=\"lazy\" decoding=\"async\" width=\"300\" height=\"298\" src=\"https:\/\/zumbalaturba.com.ar\/wp-content\/uploads\/2018\/11\/kenny-300x298.jpg\" class=\"attachment-medium size-medium\" alt=\"\" srcset=\"https:\/\/zumbalaturba.com.ar\/wp-content\/uploads\/2018\/11\/kenny-300x298.jpg 300w, https:\/\/zumbalaturba.com.ar\/wp-content\/uploads\/2018\/11\/kenny-768x763.jpg 768w, https:\/\/zumbalaturba.com.ar\/wp-content\/uploads\/2018\/11\/kenny-1024x1018.jpg 1024w, https:\/\/zumbalaturba.com.ar\/wp-content\/uploads\/2018\/11\/kenny.jpg 1280w\" sizes=\"(max-width: 300px) 100vw, 300px\" \/>\n\t\t\t<\/div><\/figure>\n\t\t<\/div>\n\n<p><span style=\"font-size: 14pt;\">Luego estrenamos el disco de <strong>Hern\u00e1n Cassibba<\/strong>, bajista, compositor, arreglador, director, que est\u00e1 presentando su disco debut como l\u00edder: <strong><em>Homenaje<\/em><\/strong>. El t\u00edtulo se debe justamente a que est\u00e1 dedicado a todas las personas que lo han acompa\u00f1ado durante toda su vida. En la m\u00fasica de este disco, <strong>Hern\u00e1n Cassibba<\/strong> est\u00e1 al frente de su sexteto con <strong>Lucas Goicoechea<\/strong> en saxo alto, <strong>Gonzalo Rodr\u00edguez Vicente<\/strong> en saxo tenor, <strong>Nahuel Bracchitta<\/strong> en la guitarra, <strong>Leonel Duck<\/strong> en piano y rhodes, <strong>Axel Filip<\/strong> en bater\u00eda y el mismo Cassibba en contrabajo y composici\u00f3n y en la direcci\u00f3n de cuerdas en uno de los temas.<\/span><\/p>\n<figure id=\"attachment_2031\" aria-describedby=\"caption-attachment-2031\" style=\"width: 550px\" class=\"wp-caption aligncenter\"><img loading=\"lazy\" decoding=\"async\" class=\"wp-image-2031\" src=\"http:\/\/lanotaazul.com.ar\/wp-content\/uploads\/2018\/11\/hernan-cassibba-homenaje.png\" alt=\"\" width=\"550\" height=\"310\" \/><figcaption id=\"caption-attachment-2031\" class=\"wp-caption-text\">Hern\u00e1n Cassibba: Homenaje<\/figcaption><\/figure>\n<figure id=\"attachment_2021\" aria-describedby=\"caption-attachment-2021\" style=\"width: 291px\" class=\"wp-caption alignright\"><img loading=\"lazy\" decoding=\"async\" class=\"wp-image-2021\" src=\"http:\/\/lanotaazul.com.ar\/wp-content\/uploads\/2018\/11\/hern\u00e1n-cassibba-3.jpg\" alt=\"\" width=\"291\" height=\"248\" \/><figcaption id=\"caption-attachment-2021\" class=\"wp-caption-text\">Hern\u00e1n Cassibba<\/figcaption><\/figure>\n<p><span style=\"font-size: 14pt;\">Conversamos con <strong>Hern\u00e1n Cassibba<\/strong> sobre su disco, su trabajo de compositor, el momento de una generaci\u00f3n en el jazz argentino y la importancia de la organizaci\u00f3n de los m\u00fasicos. Una exquisita entrevista con un artista que tiene claro lo que quiere y trabaja para conseguirlo.<\/span><\/p>\n<p>&nbsp;<\/p>\n<p><span style=\"font-size: 14pt;\">A continuaci\u00f3n volvemos a rastrear a <strong>Sylvie Courvoisier<\/strong>\u00a0que se presentar\u00e1 con\u00a0su tr\u00edo, en el\u00a0<strong>Festival de Jazz de C\u00f3rdoba<\/strong>. Escuchamos esta vez a Courvoisier formando parte de otro proyecto, con <strong>Herb Rorbertson<\/strong> y su grupo<strong> NY Downtown AllStars<\/strong>, con <strong>Tim Berne<\/strong> en saxo alto, <strong>Mark Dresser<\/strong> en contrabajo y <strong>Tom Rainey<\/strong> en bater\u00eda.<\/span><\/p>\n<p><span style=\"font-size: 14pt;\"><strong>Drew Gress<\/strong>, contrabajista que es parte del tr\u00edo de <strong>Sylvie Courvoisier<\/strong>, con el que participar\u00e1 en el Festival, suena aqu\u00ed integrando <strong>The Claudia Quintet<\/strong>, agrupaci\u00f3n que dirige el baterista <strong>John Hollenbeck<\/strong>. El disco, <strong>The Claudia Quintet +1<\/strong>: <em><strong>What is the Beautiful<\/strong><\/em>, editado en 2011 por el ello <em>Cuneiform Records<\/em>.<\/span><\/p>\n<p><span style=\"font-size: 14pt;\">Cerramos nada menos que con <strong>Barry Altschul<\/strong> con su tr\u00edo, formado por <strong>Ray Anderson<\/strong> y <strong>Mark Helias<\/strong>, desde el disco <strong><em>Brahma,<\/em><\/strong> grabado en Nueva York en 1980.<\/span><\/p>\n<div id='gallery-2' class='gallery galleryid-6748 gallery-columns-3 gallery-size-medium'><figure class='gallery-item'>\n\t\t\t<div class='gallery-icon landscape'>\n\t\t\t\t<img loading=\"lazy\" decoding=\"async\" width=\"300\" height=\"300\" src=\"https:\/\/zumbalaturba.com.ar\/wp-content\/uploads\/2018\/11\/herb-robertson-2-300x300.jpg\" class=\"attachment-medium size-medium\" alt=\"\" srcset=\"https:\/\/zumbalaturba.com.ar\/wp-content\/uploads\/2018\/11\/herb-robertson-2-300x300.jpg 300w, https:\/\/zumbalaturba.com.ar\/wp-content\/uploads\/2018\/11\/herb-robertson-2.jpg 600w\" sizes=\"(max-width: 300px) 100vw, 300px\" \/>\n\t\t\t<\/div><\/figure><figure class='gallery-item'>\n\t\t\t<div class='gallery-icon landscape'>\n\t\t\t\t<img loading=\"lazy\" decoding=\"async\" width=\"300\" height=\"300\" src=\"https:\/\/zumbalaturba.com.ar\/wp-content\/uploads\/2018\/11\/Claudia-Quintet-300x300.jpg\" class=\"attachment-medium size-medium\" alt=\"\" srcset=\"https:\/\/zumbalaturba.com.ar\/wp-content\/uploads\/2018\/11\/Claudia-Quintet-300x300.jpg 300w, https:\/\/zumbalaturba.com.ar\/wp-content\/uploads\/2018\/11\/Claudia-Quintet-768x768.jpg 768w, https:\/\/zumbalaturba.com.ar\/wp-content\/uploads\/2018\/11\/Claudia-Quintet-1024x1024.jpg 1024w, https:\/\/zumbalaturba.com.ar\/wp-content\/uploads\/2018\/11\/Claudia-Quintet.jpg 1200w\" sizes=\"(max-width: 300px) 100vw, 300px\" \/>\n\t\t\t<\/div><\/figure><figure class='gallery-item'>\n\t\t\t<div class='gallery-icon landscape'>\n\t\t\t\t<img loading=\"lazy\" decoding=\"async\" width=\"300\" height=\"284\" src=\"https:\/\/zumbalaturba.com.ar\/wp-content\/uploads\/2018\/11\/Barry-Altschul-tapa-300x284.jpg\" class=\"attachment-medium size-medium\" alt=\"\" srcset=\"https:\/\/zumbalaturba.com.ar\/wp-content\/uploads\/2018\/11\/Barry-Altschul-tapa-300x284.jpg 300w, https:\/\/zumbalaturba.com.ar\/wp-content\/uploads\/2018\/11\/Barry-Altschul-tapa-768x727.jpg 768w, https:\/\/zumbalaturba.com.ar\/wp-content\/uploads\/2018\/11\/Barry-Altschul-tapa-1024x969.jpg 1024w, https:\/\/zumbalaturba.com.ar\/wp-content\/uploads\/2018\/11\/Barry-Altschul-tapa.jpg 1106w\" sizes=\"(max-width: 300px) 100vw, 300px\" \/>\n\t\t\t<\/div><\/figure>\n\t\t<\/div>\n\n<p><span style=\"font-size: 14pt;\">Todo eso y mucho m\u00e1s en dos horas y algunos minutos plet\u00f3ricos de jazz, m\u00fasica y radio&#8230;<\/span><\/p>\n<p>&nbsp;<\/p>\n<p style=\"text-align: center;\"><span style=\"font-size: 18pt;\"><a href=\"http:\/\/lanotaazul.com.ar\/programas\/una-pasion-que-persiste-discos-de-jazz-abasto-homenaje-y-novedades-en-la-nota-azul\/\" target=\"_blank\" rel=\"noopener noreferrer\"><em><strong>ESCUCHALO TAMBI\u00c9N POR AC\u00c1<\/strong><\/em><\/a><\/span><\/p>\n<div class='share-to-whatsapp-wrapper'><div class='share-on-whsp'>Share on: <\/div><div class='clear '><\/div><\/div>","protected":false},"excerpt":{"rendered":"<p>Suena Pepper Adams en el comienzo musical de este programa n\u00famero 152 de La Nota Azul, correspondiente al s\u00e1bado 10 de noviembre de 2018. Por radio Zumba La Turba, en la FM 99.5 de C\u00f3rdoba, Argentina. Comenzamos con la m\u00fasica de Pepper Adams, uno de los saxofonistas bar\u00edtonos m\u00e1s\u00a0importantes del hardbop.\u00a0Nacido en 1930 en plena [&hellip;]<\/p>\n","protected":false},"author":14,"featured_media":6755,"comment_status":"open","ping_status":"open","sticky":false,"template":"","format":"standard","meta":{"footnotes":""},"categories":[261],"tags":[81,52,293,305,296,166],"class_list":["post-6748","post","type-post","status-publish","format-standard","has-post-thumbnail","hentry","category-la-nota-azul","tag-agenda-cultural","tag-cultura","tag-jazz","tag-jazz-federal-club","tag-la-nota-azul","tag-musica"],"_links":{"self":[{"href":"https:\/\/zumbalaturba.com.ar\/index.php?rest_route=\/wp\/v2\/posts\/6748","targetHints":{"allow":["GET"]}}],"collection":[{"href":"https:\/\/zumbalaturba.com.ar\/index.php?rest_route=\/wp\/v2\/posts"}],"about":[{"href":"https:\/\/zumbalaturba.com.ar\/index.php?rest_route=\/wp\/v2\/types\/post"}],"author":[{"embeddable":true,"href":"https:\/\/zumbalaturba.com.ar\/index.php?rest_route=\/wp\/v2\/users\/14"}],"replies":[{"embeddable":true,"href":"https:\/\/zumbalaturba.com.ar\/index.php?rest_route=%2Fwp%2Fv2%2Fcomments&post=6748"}],"version-history":[{"count":0,"href":"https:\/\/zumbalaturba.com.ar\/index.php?rest_route=\/wp\/v2\/posts\/6748\/revisions"}],"wp:featuredmedia":[{"embeddable":true,"href":"https:\/\/zumbalaturba.com.ar\/index.php?rest_route=\/wp\/v2\/media\/6755"}],"wp:attachment":[{"href":"https:\/\/zumbalaturba.com.ar\/index.php?rest_route=%2Fwp%2Fv2%2Fmedia&parent=6748"}],"wp:term":[{"taxonomy":"category","embeddable":true,"href":"https:\/\/zumbalaturba.com.ar\/index.php?rest_route=%2Fwp%2Fv2%2Fcategories&post=6748"},{"taxonomy":"post_tag","embeddable":true,"href":"https:\/\/zumbalaturba.com.ar\/index.php?rest_route=%2Fwp%2Fv2%2Ftags&post=6748"}],"curies":[{"name":"wp","href":"https:\/\/api.w.org\/{rel}","templated":true}]}}