{"id":6799,"date":"2018-11-25T23:24:05","date_gmt":"2018-11-25T23:24:05","guid":{"rendered":"http:\/\/zumbalaturba.com.ar\/?p=6799"},"modified":"2018-11-25T23:24:05","modified_gmt":"2018-11-25T23:24:05","slug":"crear-no-revivir-ruido-y-pianos-en-la-nota-azul-con-la-visita-de-eduardo-elia","status":"publish","type":"post","link":"https:\/\/zumbalaturba.com.ar\/?p=6799","title":{"rendered":"Crear, no revivir: ruido y pianos en La Nota Azul, con la visita de Eduardo Elia."},"content":{"rendered":"<p style=\"padding-left: 150px;\"><em><span style=\"font-size: 14pt;\">\u201cEn el arte, la tradici\u00f3n es crear, no revivir\u201d. Es lo primero que se lee en las notas de este disco, grabado por <\/span><\/em><span style=\"font-size: 14pt;\"><strong>Ken Vandermark<\/strong><\/span><em><span style=\"font-size: 14pt;\">, <\/span><\/em><span style=\"font-size: 14pt;\"><strong>Nate Wolley<\/strong><\/span><em><span style=\"font-size: 14pt;\">, <\/span><\/em><span style=\"font-size: 14pt;\"><strong>Sylvie Courvoisier<\/strong><\/span><em><span style=\"font-size: 14pt;\"> y <\/span><\/em><span style=\"font-size: 14pt;\"><strong>Tom Rainey<\/strong><\/span><em><span style=\"font-size: 14pt;\">, una verdadera contracumbre musical que puede tapar el ruido de cualquier reuni\u00f3n de presidentes y superar con el arte y la creaci\u00f3n cualquier intento repetidor de la historia. <strong>Noise of Our Time<\/strong>, el ruido de nuestro tiempo, suena en el comienzo de este p<\/span><span style=\"font-size: 14pt;\">rograma n\u00famero 153 de <\/span><\/em><span style=\"font-size: 14pt;\"><strong>La Nota Azul<\/strong><\/span><em><span style=\"font-size: 14pt;\">, correspondiente al s\u00e1bado 24 de noviembre de 2018. Por radio <\/span><\/em><span style=\"font-size: 14pt;\"><strong>Zumba La Turba<\/strong><\/span><em><span style=\"font-size: 14pt;\">\u00a0en la FM 99.5 de C\u00f3rdoba, Argentina.<\/span><\/em><\/p>\n<p><iframe id=\"audio_30307486\" style=\"border: 1px solid #EEE; box-sizing: border-box; width: 100%;\" src=\"https:\/\/ar.ivoox.com\/es\/player_ej_30307486_4_1.html?c1=ff6600\" width=\"300\" height=\"200\" frameborder=\"0\" scrolling=\"no\" allowfullscreen=\"allowfullscreen\"><\/iframe><\/p>\n<p><span style=\"font-size: 14pt;\">La m\u00fasica de <strong>Ken Vandermark<\/strong>, <strong>Nate Wooley<\/strong>,<strong> <img fetchpriority=\"high\" decoding=\"async\" class=\"alignright size-medium wp-image-2045\" src=\"http:\/\/lanotaazul.com.ar\/wp-content\/uploads\/2018\/11\/Noise-Of-Our-Time-300x298.jpg\" alt=\"\" width=\"300\" height=\"298\" \/>Sylvie Courvoisier<\/strong> y <strong>Tom Rainey<\/strong>\u00a0abre el programa con el disco <strong><em>Noise of Our Time<\/em><\/strong>, lanzado hace un par de meses por el sello <em>Intakt.<\/em> Este primer registro de este cuarteto que firma con las iniciales de los apellidos <strong>VWCR<\/strong> se gu\u00eda por un principio rector que marcan las notas del disco: \u201c<em>Crear, no revivir, como una forma de evolucionar y seguir avanzando en todas direcciones<\/em>\u201d.<\/span><\/p>\n<p><span style=\"font-size: 14pt;\">Recibimos la visita de <strong>Eduardo Elia<\/strong> para invitar al doble concierto de d\u00fao de pianos que se realizar\u00e1 en <em>Cocina de Culturas<\/em>. Una convocatoria inusual que tendr\u00e1 como protagonista el viernes 30 de noviembre al propio <strong>Eduardo Elia<\/strong> con <strong>Ernesto Jodos<\/strong> y el s\u00e1bado 1 de diciembre a <strong>Germ\u00e1n N\u00e1ger<\/strong> y <strong>Juan Carlos Tolosa<\/strong>. Elia y Jodos adem\u00e1s se presentar\u00e1n a d\u00fao el jueves 29 de noviembre en el Conservatorio Superior de M\u00fasica Felipe Boero de Villa Mar\u00eda.\u00a0<\/span><\/p>\n<div id='gallery-1' class='gallery galleryid-6799 gallery-columns-2 gallery-size-medium'><figure class='gallery-item'>\n\t\t\t<div class='gallery-icon landscape'>\n\t\t\t\t<img decoding=\"async\" width=\"300\" height=\"146\" src=\"https:\/\/zumbalaturba.com.ar\/wp-content\/uploads\/2018\/11\/Elia-Jodos-29-11-en-Villa-Mar\u00eda-300x146.jpg\" class=\"attachment-medium size-medium\" alt=\"\" srcset=\"https:\/\/zumbalaturba.com.ar\/wp-content\/uploads\/2018\/11\/Elia-Jodos-29-11-en-Villa-Mar\u00eda-300x146.jpg 300w, https:\/\/zumbalaturba.com.ar\/wp-content\/uploads\/2018\/11\/Elia-Jodos-29-11-en-Villa-Mar\u00eda.jpg 480w\" sizes=\"(max-width: 300px) 100vw, 300px\" \/>\n\t\t\t<\/div><\/figure><figure class='gallery-item'>\n\t\t\t<div class='gallery-icon landscape'>\n\t\t\t\t<img decoding=\"async\" width=\"300\" height=\"244\" src=\"https:\/\/zumbalaturba.com.ar\/wp-content\/uploads\/2018\/11\/Elia-Jodos-30-11-en-C\u00f3rdoba-300x244.jpg\" class=\"attachment-medium size-medium\" alt=\"\" srcset=\"https:\/\/zumbalaturba.com.ar\/wp-content\/uploads\/2018\/11\/Elia-Jodos-30-11-en-C\u00f3rdoba-300x244.jpg 300w, https:\/\/zumbalaturba.com.ar\/wp-content\/uploads\/2018\/11\/Elia-Jodos-30-11-en-C\u00f3rdoba.jpg 480w\" sizes=\"(max-width: 300px) 100vw, 300px\" \/>\n\t\t\t<\/div><\/figure>\n\t\t<\/div>\n\n<p><span style=\"font-size: 14pt;\">Conversamos con <strong>Eduardo Elia<\/strong> acerca de su relaci\u00f3n con <strong>Ernesto Jodos<\/strong> y sobre la propuesta musical que se podr\u00e1 escuchar en su concierto a d\u00fao. Suenan el disco <strong><em>Solo<\/em><\/strong> de <strong>Eduardo Elia<\/strong> y <strong><em>Actividades constructivas<\/em><\/strong> de <strong>Ernesto Jodos<\/strong>, ambos \u00e1lbumes de piano solo.<\/span><\/p>\n<p><span style=\"font-size: 14pt;\">Adem\u00e1s Elia nos adelanta c\u00f3mo ser\u00e1 su pr\u00f3ximo disco, que saldr\u00e1 editado el a\u00f1o que viene por <em>Blue Art<\/em> y llevar\u00e1 el t\u00edtulo de &#8220;<strong><em>Cuando sea necesario<\/em><\/strong>&#8220;. La m\u00fasica del disco, escrita por <strong>Eduardo Elia<\/strong>, ha sido grabada por un tr\u00edo que lo re\u00fane con <strong>Sergio Verdinelli<\/strong> en bater\u00eda y <strong>Rodrigo Dom\u00ednguez<\/strong> en saxo. Escuchamos, en referencia a ello, el \u00e1lbum <strong><em>Relojeros (ya no quedan)<\/em> <\/strong>en el que se puede escuchar a Verdinelli y Dom\u00ednguez con Jodos justamente y con Javier Moreno en el contrabajo.<\/span><\/p>\n<div id='gallery-2' class='gallery galleryid-6799 gallery-columns-3 gallery-size-medium'><figure class='gallery-item'>\n\t\t\t<div class='gallery-icon landscape'>\n\t\t\t\t<img loading=\"lazy\" decoding=\"async\" width=\"300\" height=\"300\" src=\"https:\/\/zumbalaturba.com.ar\/wp-content\/uploads\/2018\/11\/Eduardo-Elia-Solo-300x300.jpg\" class=\"attachment-medium size-medium\" alt=\"\" srcset=\"https:\/\/zumbalaturba.com.ar\/wp-content\/uploads\/2018\/11\/Eduardo-Elia-Solo-300x300.jpg 300w, https:\/\/zumbalaturba.com.ar\/wp-content\/uploads\/2018\/11\/Eduardo-Elia-Solo-768x766.jpg 768w, https:\/\/zumbalaturba.com.ar\/wp-content\/uploads\/2018\/11\/Eduardo-Elia-Solo-1024x1021.jpg 1024w, https:\/\/zumbalaturba.com.ar\/wp-content\/uploads\/2018\/11\/Eduardo-Elia-Solo.jpg 1421w\" sizes=\"(max-width: 300px) 100vw, 300px\" \/>\n\t\t\t<\/div><\/figure><figure class='gallery-item'>\n\t\t\t<div class='gallery-icon landscape'>\n\t\t\t\t<img loading=\"lazy\" decoding=\"async\" width=\"300\" height=\"300\" src=\"https:\/\/zumbalaturba.com.ar\/wp-content\/uploads\/2018\/11\/Jodos-Actividades-constructivas-300x300.jpg\" class=\"attachment-medium size-medium\" alt=\"\" srcset=\"https:\/\/zumbalaturba.com.ar\/wp-content\/uploads\/2018\/11\/Jodos-Actividades-constructivas-300x300.jpg 300w, https:\/\/zumbalaturba.com.ar\/wp-content\/uploads\/2018\/11\/Jodos-Actividades-constructivas-768x768.jpg 768w, https:\/\/zumbalaturba.com.ar\/wp-content\/uploads\/2018\/11\/Jodos-Actividades-constructivas.jpg 1000w\" sizes=\"(max-width: 300px) 100vw, 300px\" \/>\n\t\t\t<\/div><\/figure><figure class='gallery-item'>\n\t\t\t<div class='gallery-icon landscape'>\n\t\t\t\t<img loading=\"lazy\" decoding=\"async\" width=\"300\" height=\"271\" src=\"https:\/\/zumbalaturba.com.ar\/wp-content\/uploads\/2018\/11\/Relojeros-300x271.jpg\" class=\"attachment-medium size-medium\" alt=\"\" srcset=\"https:\/\/zumbalaturba.com.ar\/wp-content\/uploads\/2018\/11\/Relojeros-300x271.jpg 300w, https:\/\/zumbalaturba.com.ar\/wp-content\/uploads\/2018\/11\/Relojeros-768x693.jpg 768w, https:\/\/zumbalaturba.com.ar\/wp-content\/uploads\/2018\/11\/Relojeros.jpg 960w\" sizes=\"(max-width: 300px) 100vw, 300px\" \/>\n\t\t\t<\/div><\/figure>\n\t\t<\/div>\n\n<p><span style=\"font-size: 14pt;\"><a href=\"https:\/\/www.facebook.com\/events\/2118944954837690\/\" target=\"_blank\" rel=\"noopener noreferrer\"><img loading=\"lazy\" decoding=\"async\" class=\"alignleft wp-image-2046\" src=\"http:\/\/lanotaazul.com.ar\/wp-content\/uploads\/2018\/11\/nosiempre-experimental-en-lecole.jpg\" alt=\"\" width=\"255\" height=\"361\" \/><\/a>Suena tambi\u00e9n el d\u00fao de <strong>Ignacio Roulet<\/strong> con <strong>M\u00e1ximo Endrek<\/strong>, desde las grabaciones de <em><strong>Sva Cviqve Persona Vol. II sacrifice<\/strong><\/em>, \u00e1lbum editado este a\u00f1o. Con esta m\u00fasica invitamos al ciclo <em>Nosiempre (serie experimental)<\/em> que se desarrollar\u00e1 desde el mi\u00e9rcoles 28 de noviembre hasta el domingo 2 de diciembre en <em>Lecole<\/em> (Ayacucho 333). Precisamente el d\u00eda s\u00e1bado 2, la fecha es de <strong>M\u00e1ximo Endrek<\/strong> con <strong>Ignacio Roulet<\/strong> y <strong>Constanza Pellicci<\/strong>.<\/span><\/p>\n<p>&nbsp;<\/p>\n<p><span style=\"font-size: 14pt;\">Como cierre nos damos otro gusto. Presentamos el nuevo disco del <strong>Dami\u00e1n Torres Quinteto<\/strong>, un \u00e1lbum doble titulado <strong><em>Ritmo de ciudad<\/em><\/strong>, en el que uno de los CDs est\u00e1 dedicado a composiciones instrumentales y el otro se reserva para piezas cantadas. Suena para el final el tema que da t\u00edtulo al disco y en el que participa como invitado Daniel Pipi Piazzolla.<\/span><\/p>\n<div id='gallery-3' class='gallery galleryid-6799 gallery-columns-2 gallery-size-medium'><figure class='gallery-item'>\n\t\t\t<div class='gallery-icon landscape'>\n\t\t\t\t<img loading=\"lazy\" decoding=\"async\" width=\"300\" height=\"300\" src=\"https:\/\/zumbalaturba.com.ar\/wp-content\/uploads\/2018\/11\/dami\u00e1n-torres-300x300.jpg\" class=\"attachment-medium size-medium\" alt=\"\" srcset=\"https:\/\/zumbalaturba.com.ar\/wp-content\/uploads\/2018\/11\/dami\u00e1n-torres-300x300.jpg 300w, https:\/\/zumbalaturba.com.ar\/wp-content\/uploads\/2018\/11\/dami\u00e1n-torres-768x768.jpg 768w, https:\/\/zumbalaturba.com.ar\/wp-content\/uploads\/2018\/11\/dami\u00e1n-torres-1024x1024.jpg 1024w, https:\/\/zumbalaturba.com.ar\/wp-content\/uploads\/2018\/11\/dami\u00e1n-torres.jpg 1400w\" sizes=\"(max-width: 300px) 100vw, 300px\" \/>\n\t\t\t<\/div><\/figure><figure class='gallery-item'>\n\t\t\t<div class='gallery-icon landscape'>\n\t\t\t\t<img loading=\"lazy\" decoding=\"async\" width=\"300\" height=\"300\" src=\"https:\/\/zumbalaturba.com.ar\/wp-content\/uploads\/2018\/11\/Dami\u00e1n-torres-ritmo-de-ciudad-300x300.jpg\" class=\"attachment-medium size-medium\" alt=\"\" srcset=\"https:\/\/zumbalaturba.com.ar\/wp-content\/uploads\/2018\/11\/Dami\u00e1n-torres-ritmo-de-ciudad-300x300.jpg 300w, https:\/\/zumbalaturba.com.ar\/wp-content\/uploads\/2018\/11\/Dami\u00e1n-torres-ritmo-de-ciudad-768x768.jpg 768w, https:\/\/zumbalaturba.com.ar\/wp-content\/uploads\/2018\/11\/Dami\u00e1n-torres-ritmo-de-ciudad-1024x1024.jpg 1024w\" sizes=\"(max-width: 300px) 100vw, 300px\" \/>\n\t\t\t<\/div><\/figure>\n\t\t<\/div>\n\n<p><span style=\"font-size: 14pt;\">Todo eso y mucho m\u00e1s en dos horas de m\u00fasica, radio, jazz y otras formas libres.<\/span><\/p>\n<p>&nbsp;<\/p>\n<p style=\"text-align: center;\"><span style=\"font-size: 18pt;\"><a href=\"http:\/\/lanotaazul.com.ar\/programas\/crear-no-revivir-ruido-y-pianos-en-la-nota-azul-con-la-visita-de-eduardo-elia\/\" target=\"_blank\" rel=\"noopener noreferrer\"><strong><em>ESCUCHALO TAMBI\u00c9N POR AC\u00c1<\/em><\/strong><\/a><\/span><\/p>\n<p>&nbsp;<\/p>\n<p style=\"text-align: center;\"><a href=\"http:\/\/lanotaazul.com.ar\/programas\/crear-no-revivir-ruido-y-pianos-en-la-nota-azul-con-la-visita-de-eduardo-elia\/\" target=\"_blank\" rel=\"noopener\"><img loading=\"lazy\" decoding=\"async\" class=\"aligncenter wp-image-2049\" src=\"http:\/\/lanotaazul.com.ar\/wp-content\/uploads\/2018\/11\/WhatsApp-Image-2018-11-24-at-8.49.12-PM.jpeg\" alt=\"\" width=\"612\" height=\"345\" \/><\/a><\/p>\n<div class='share-to-whatsapp-wrapper'><div class='share-on-whsp'>Share on: <\/div><div class='clear '><\/div><\/div>","protected":false},"excerpt":{"rendered":"<p>\u201cEn el arte, la tradici\u00f3n es crear, no revivir\u201d. Es lo primero que se lee en las notas de este disco, grabado por Ken Vandermark, Nate Wolley, Sylvie Courvoisier y Tom Rainey, una verdadera contracumbre musical que puede tapar el ruido de cualquier reuni\u00f3n de presidentes y superar con el arte y la creaci\u00f3n cualquier [&hellip;]<\/p>\n","protected":false},"author":14,"featured_media":6800,"comment_status":"open","ping_status":"open","sticky":false,"template":"","format":"standard","meta":{"footnotes":""},"categories":[261],"tags":[81,52,293,305,296,166],"class_list":["post-6799","post","type-post","status-publish","format-standard","has-post-thumbnail","hentry","category-la-nota-azul","tag-agenda-cultural","tag-cultura","tag-jazz","tag-jazz-federal-club","tag-la-nota-azul","tag-musica"],"_links":{"self":[{"href":"https:\/\/zumbalaturba.com.ar\/index.php?rest_route=\/wp\/v2\/posts\/6799","targetHints":{"allow":["GET"]}}],"collection":[{"href":"https:\/\/zumbalaturba.com.ar\/index.php?rest_route=\/wp\/v2\/posts"}],"about":[{"href":"https:\/\/zumbalaturba.com.ar\/index.php?rest_route=\/wp\/v2\/types\/post"}],"author":[{"embeddable":true,"href":"https:\/\/zumbalaturba.com.ar\/index.php?rest_route=\/wp\/v2\/users\/14"}],"replies":[{"embeddable":true,"href":"https:\/\/zumbalaturba.com.ar\/index.php?rest_route=%2Fwp%2Fv2%2Fcomments&post=6799"}],"version-history":[{"count":0,"href":"https:\/\/zumbalaturba.com.ar\/index.php?rest_route=\/wp\/v2\/posts\/6799\/revisions"}],"wp:featuredmedia":[{"embeddable":true,"href":"https:\/\/zumbalaturba.com.ar\/index.php?rest_route=\/wp\/v2\/media\/6800"}],"wp:attachment":[{"href":"https:\/\/zumbalaturba.com.ar\/index.php?rest_route=%2Fwp%2Fv2%2Fmedia&parent=6799"}],"wp:term":[{"taxonomy":"category","embeddable":true,"href":"https:\/\/zumbalaturba.com.ar\/index.php?rest_route=%2Fwp%2Fv2%2Fcategories&post=6799"},{"taxonomy":"post_tag","embeddable":true,"href":"https:\/\/zumbalaturba.com.ar\/index.php?rest_route=%2Fwp%2Fv2%2Ftags&post=6799"}],"curies":[{"name":"wp","href":"https:\/\/api.w.org\/{rel}","templated":true}]}}