{"id":6824,"date":"2018-12-02T20:30:31","date_gmt":"2018-12-02T20:30:31","guid":{"rendered":"http:\/\/zumbalaturba.com.ar\/?p=6824"},"modified":"2018-12-02T20:30:31","modified_gmt":"2018-12-02T20:30:31","slug":"jazz-revisitado-colectivo-y-experimental","status":"publish","type":"post","link":"https:\/\/zumbalaturba.com.ar\/?p=6824","title":{"rendered":"Jazz: revisitado, colectivo y experimental"},"content":{"rendered":"<p style=\"padding-left: 150px;\"><em><span style=\"font-size: 14pt;\">Sacudir las cadenas y golpear los tambores, la forma m\u00e1s primigenia de liberarse es hacer m\u00fasica. Y puede ser una forma tan radical que hasta es capaz de dar vuelta el signo de la conquista. Entre tanta cumbre de saqueo y coloniaje, es bueno revisitar un poco a alguien que fue a conquistarlos\u2026 <strong>Gato Barbieri Revisitado<\/strong> nada menos que por <\/span><\/em><strong><span style=\"font-size: 14pt;\">Pablo Ledesma<\/span><\/strong><em><span style=\"font-size: 14pt;\">, <\/span><\/em><strong><span style=\"font-size: 14pt;\">Pepe Angelillo<\/span><\/strong><span style=\"font-size: 14pt;\">,<\/span><strong><span style=\"font-size: 14pt;\"> Mono Hurtado<\/span><\/strong><span style=\"font-size: 14pt;\"> y<\/span><strong><span style=\"font-size: 14pt;\"> Carto Brand\u00e1n<\/span><\/strong><span style=\"font-size: 14pt;\">, con<\/span> <strong><em><span style=\"font-size: 14pt;\">La guerra del cerdo <\/span><\/em><\/strong><span style=\"font-size: 14pt;\">abren este p<\/span><span style=\"font-size: 14pt;\">rograma n\u00famero 154 de<\/span> <strong><span style=\"font-size: 14pt;\">La Nota Azul<\/span><\/strong><span style=\"font-size: 14pt;\">, correspondiente al s\u00e1bado 1 de diciembre de 2018. Por radio <strong>Zumba La Turba<\/strong>, en la FM 99.5 de C\u00f3rdoba, Argentina.<\/span><\/p>\n<p><iframe id=\"audio_30481034\" style=\"border: 1px solid #EEE; box-sizing: border-box; width: 100%;\" src=\"https:\/\/ar.ivoox.com\/es\/player_ej_30481034_4_1.html?c1=ff6600\" width=\"300\" height=\"200\" frameborder=\"0\" scrolling=\"no\" allowfullscreen=\"allowfullscreen\"><\/iframe><\/p>\n<p><span style=\"font-size: 14pt;\">Comenzamos con la m\u00fasica de <strong><em>Gato <img fetchpriority=\"high\" decoding=\"async\" class=\"alignright wp-image-2062\" src=\"http:\/\/lanotaazul.com.ar\/wp-content\/uploads\/2018\/12\/Gato-Barbieri-Revisitado-TAPA-1024x1024.jpg\" alt=\"\" width=\"377\" height=\"377\" \/>Barbieri Revisitado<\/em><\/strong>, \u00e1lbum que se acaba de editar por <em>Discos ICM<\/em> y que tiene como protagonistas a <strong>Pablo Ledesma<\/strong> en saxos alto y soprano, <strong>Pepe Angelillo<\/strong> en piano, <strong>Horacio Mono Hurtado<\/strong> en contrabajo y <strong>Carto Brand\u00e1n<\/strong> en bater\u00eda. El disco, que oficia de homenaje a la m\u00fasica y la figura del Gato Barbieri, fue grabado el 18 de septiembre de 2017 y est\u00e1 integrado por cuatro composiciones del Gato Barbieri, una de Pepe Angelillo y tres de Pablo Ledesma. El \u00e1lbum sali\u00f3 editado el 11 de julio de este a\u00f1o por el sello <a href=\"https:\/\/discosicm.bandcamp.com\/\" target=\"_blank\" rel=\"noopener noreferrer\"><em>Discos ICM<\/em><\/a>, ligado al grupo <em>Improvisaci\u00f3n Colectiva Mar Del Plata<\/em>. El cat\u00e1logo del sello se puede encontrar en su p\u00e1gina de internet: www.discosicm.com.<\/span><\/p>\n<p><span style=\"font-size: 14pt;\"><a href=\"http:\/\/www.icmdp.org\/\" target=\"_blank\" rel=\"noopener noreferrer\"><strong>Improvisaci\u00f3n Colectiva Mar del Plata<\/strong><\/a> (ICM) es un colectivo sin fines de lucro que se encarga de fomentar el desarrollo del jazz y la m\u00fasica improvisada en la ciudad de Mar del Plata. Su actividad es diversificada y muy intensa y adem\u00e1s del sello discogr\u00e1fico cuentan con un espacio de ense\u00f1anza musical, colaboraciones en la<img decoding=\"async\" class=\"alignleft wp-image-2065\" src=\"http:\/\/lanotaazul.com.ar\/wp-content\/uploads\/2018\/12\/Nicol\u00e1s-Pasetti-2-679x1024.jpg\" alt=\"\" width=\"277\" height=\"418\" \/> edici\u00f3n bibliogr\u00e1fica y organizan hace ocho a\u00f1os el <a href=\"https:\/\/www.mardelplatajazz.com\/\" target=\"_blank\" rel=\"noopener noreferrer\">Festival Mar del Plata Jazz<\/a>, entre muchas otras iniciativas.<\/span><\/p>\n<p><span style=\"font-size: 14pt;\">Conversamos con <strong>Nicol\u00e1s Pasetti<\/strong>, contrabajista y miembro de <em>Improvisaci\u00f3n Colectiva Mar del Plata<\/em>. Adem\u00e1s de comentar el trabajo que realiza la organizaci\u00f3n, <strong>Nicol\u00e1s Pasetti<\/strong> cuenta c\u00f3mo ser\u00e1 esta <a href=\"https:\/\/www.facebook.com\/events\/269617387071452\/\" target=\"_blank\" rel=\"noopener noreferrer\">octava edici\u00f3n del Festival Mar del Plata Jazz<\/a>. El VIII Festival se desarrollar\u00e1 del 5 al 9 de diciembre en distintos espacios de la ciudad con una grilla que incluye adem\u00e1s de conciertos, talleres, espacios de cine y una actividad nutrida y diversa. Entre los m\u00fasicos que participar\u00e1n del festival figuran el saxofonista norteamericano Ken Vandermark y la contrabajista francesa\u00a0Jo\u00eblle L\u00e9andre, adem\u00e1s de muchos otros destacad\u00edsimos m\u00fasicos de la escena nacional e internacional.<\/span><\/p>\n<p style=\"text-align: center;\"><span style=\"font-size: 14pt;\">&gt; <a href=\"https:\/\/www.mardelplatajazz.com\/#intro\" target=\"_blank\" rel=\"noopener noreferrer\"><strong><em>CONSULT\u00c1 AC\u00c1 LA PROGRAMACI\u00d3N COMPLETA<\/em><\/strong><\/a> &lt;<\/span><\/p>\n<p><a href=\"https:\/\/www.facebook.com\/events\/269617387071452\/\" target=\"_blank\" rel=\"noopener noreferrer\"><img decoding=\"async\" class=\"aligncenter wp-image-2061\" src=\"http:\/\/lanotaazul.com.ar\/wp-content\/uploads\/2018\/12\/Festival-Mar-del-Plata-Jazz-JPG.jpg\" alt=\"\" width=\"558\" height=\"314\" \/><\/a><\/p>\n<p><span style=\"font-size: 14pt;\">El d\u00eda s\u00e1bado 8 de diciembre, en el Teatro Col\u00f3n de Mar del Plata, la misma noche que actuar\u00e1 <strong>Ken Vandermark<\/strong> con su grupo <strong><em>Made to Break<\/em><\/strong>, se presentar\u00e1 como parte del Festival, el contrabajista y compositor <strong>Juan Pablo Navarro<\/strong> con su septeto. <strong>Juan Pablo Navarro<\/strong> acaba de lanzar por el <em>Club del Disco<\/em> su \u00e1lbum <strong><em>Tangos de la posverdad<\/em><\/strong>. Y es lo que suena tambi\u00e9n aqu\u00ed en este segmento del programa.<\/span><\/p>\n<p><img loading=\"lazy\" decoding=\"async\" class=\"aligncenter wp-image-2063\" src=\"http:\/\/lanotaazul.com.ar\/wp-content\/uploads\/2018\/12\/Juan-Pablo-Navarro-tapa-1024x1024.jpg\" alt=\"\" width=\"361\" height=\"361\" \/><\/p>\n<p>&nbsp;<\/p>\n<p><span style=\"font-size: 14pt;\">Adem\u00e1s, escuchamos el disco <em><strong>Alien Huddler<\/strong><\/em> a cargo de la saxofonista danesa <strong>Lotte Anker<\/strong>, con <strong>Ikue Mori en electr\u00f3nica<\/strong>\u00a0y<strong> Sylvie Courvoisier<\/strong> en el piano,\u00a0editado por el sello <em>Intakt<\/em> en 2006 y grabado nade menos que por Jamie Saft.<\/span><\/p>\n<figure id=\"attachment_2064\" aria-describedby=\"caption-attachment-2064\" style=\"width: 412px\" class=\"wp-caption aligncenter\"><img loading=\"lazy\" decoding=\"async\" class=\"wp-image-2064 \" src=\"http:\/\/lanotaazul.com.ar\/wp-content\/uploads\/2018\/12\/Lotte_Anker_by_Peter_Gannushkin-Color-1024x768.jpg\" alt=\"\" width=\"412\" height=\"309\" \/><figcaption id=\"caption-attachment-2064\" class=\"wp-caption-text\">Lotte Anker<\/figcaption><\/figure>\n<p><span style=\"font-size: 14pt;\">Desde el mi\u00e9rcoles 28 de noviembre y hasta el domingo 02 de diciembre se est\u00e1 desarrollando un ciclo de m\u00fasica experimental de 5 noches consecutivas en <em>L&#8217;ecole Bon Appetit<\/em> (Ayacucho 333), llamado <strong><a href=\"https:\/\/www.facebook.com\/events\/2118944954837690\/?event_time_id=2118944981504354\" target=\"_blank\" rel=\"noopener noreferrer\">Nosiempre 28 | 02 (Serie experimental)<\/a><\/strong>. El cierre del ciclo estar\u00e1 a cargo de <strong>Cayote D\u00fao<\/strong>, integrado por <strong>Ives Romero<\/strong> y <strong>Federico Ragessi<\/strong>, con la participaci\u00f3n de <strong>Enrico Barbizi<\/strong> y <strong>Guillermo Rebosolan<\/strong>.<\/span><\/p>\n<figure id=\"attachment_2069\" aria-describedby=\"caption-attachment-2069\" style=\"width: 269px\" class=\"wp-caption alignleft\"><img loading=\"lazy\" decoding=\"async\" class=\"wp-image-2069\" src=\"http:\/\/lanotaazul.com.ar\/wp-content\/uploads\/2018\/12\/WhatsApp-Image-2018-12-01-at-8.27.26-PM-768x1024.jpeg\" alt=\"\" width=\"269\" height=\"358\" \/><figcaption id=\"caption-attachment-2069\" class=\"wp-caption-text\">Cayote D\u00fao: Fragmentos ap\u00f3crifos<\/figcaption><\/figure>\n<p><span style=\"font-size: 14pt;\">Suena el disco <strong><em>Fragmentos ap\u00f3crifos<\/em><\/strong> del <strong>Cayote D\u00fao<\/strong>,\u00a0que grabaron con una serie de invitados en distintas sesiones de improvisaci\u00f3n durante varios domingos en <em>Estudio InB<\/em> de Mendiolaza. Escuchamos algo de lo que grabaron con <strong>Nicol\u00e1s Mazza<\/strong> en saxo tenor, clarinete bajo y arpa de piano y <strong>Mat\u00edas Romero<\/strong> en vibr\u00e1fono, y un corte con <strong>Basilio del Boca<\/strong> en piano y <strong>Ova Brizuela<\/strong> en guitarra.<\/span><\/p>\n<p>&nbsp;<\/p>\n<p><span style=\"font-size: 14pt;\">Cerramos con la m\u00fasica de <strong>La Caracter\u00edstica Orquesta<\/strong>, grupo cordob\u00e9s conformado por <strong>Marcelo Arg\u00fcello<\/strong> en acorde\u00f3n, <strong>Emmanuel Lower<\/strong> en piano, <strong>Guillermo Villanueva<\/strong> en guitarra y <strong>Luciano Maro<\/strong> en contrabajo. El grupo surge en el a\u00f1o 2013 bajo la direcci\u00f3n del acordeonista <strong>Marcelo Arg\u00fcello<\/strong>. El proyecto rescata el repertorio cl\u00e1sico de las orquestas t\u00edpicas y caracter\u00edsticas, intentando conservar las sonoridades de aquella \u00e9poca sin perder el estilo propio del grupo. Acaban de presentar el disco, <strong><em>Guardia Vieja<\/em><\/strong>, una recopilaci\u00f3n de obras cl\u00e1sicas del repertorio de las orquestas de las d\u00e9cadas del &#8217;30 y &#8217;40.<\/span><\/p>\n<p><span style=\"font-size: 14pt;\">Con eso terminamos el programa y damos cierre a estas dos horas de radio, m\u00fasica, jazz y formas libres varias&#8230;<\/span><\/p>\n<p>&nbsp;<\/p>\n<p style=\"text-align: center;\"><span style=\"font-size: 18pt;\"><a href=\"http:\/\/lanotaazul.com.ar\/programas\/jazz-revisitado-colectivo-y-experimental\/\" target=\"_blank\" rel=\"noopener noreferrer\"><em><strong>ESCUCHALO TAMBI\u00c9N POR AC\u00c1<\/strong><\/em><\/a><\/span><\/p>\n<div class='share-to-whatsapp-wrapper'><div class='share-on-whsp'>Share on: <\/div><div class='clear '><\/div><\/div>","protected":false},"excerpt":{"rendered":"<p>Sacudir las cadenas y golpear los tambores, la forma m\u00e1s primigenia de liberarse es hacer m\u00fasica. Y puede ser una forma tan radical que hasta es capaz de dar vuelta el signo de la conquista. Entre tanta cumbre de saqueo y coloniaje, es bueno revisitar un poco a alguien que fue a conquistarlos\u2026 Gato Barbieri [&hellip;]<\/p>\n","protected":false},"author":14,"featured_media":6825,"comment_status":"open","ping_status":"open","sticky":false,"template":"","format":"standard","meta":{"footnotes":""},"categories":[261],"tags":[81,52,293,305,296,166],"class_list":["post-6824","post","type-post","status-publish","format-standard","has-post-thumbnail","hentry","category-la-nota-azul","tag-agenda-cultural","tag-cultura","tag-jazz","tag-jazz-federal-club","tag-la-nota-azul","tag-musica"],"_links":{"self":[{"href":"https:\/\/zumbalaturba.com.ar\/index.php?rest_route=\/wp\/v2\/posts\/6824","targetHints":{"allow":["GET"]}}],"collection":[{"href":"https:\/\/zumbalaturba.com.ar\/index.php?rest_route=\/wp\/v2\/posts"}],"about":[{"href":"https:\/\/zumbalaturba.com.ar\/index.php?rest_route=\/wp\/v2\/types\/post"}],"author":[{"embeddable":true,"href":"https:\/\/zumbalaturba.com.ar\/index.php?rest_route=\/wp\/v2\/users\/14"}],"replies":[{"embeddable":true,"href":"https:\/\/zumbalaturba.com.ar\/index.php?rest_route=%2Fwp%2Fv2%2Fcomments&post=6824"}],"version-history":[{"count":0,"href":"https:\/\/zumbalaturba.com.ar\/index.php?rest_route=\/wp\/v2\/posts\/6824\/revisions"}],"wp:featuredmedia":[{"embeddable":true,"href":"https:\/\/zumbalaturba.com.ar\/index.php?rest_route=\/wp\/v2\/media\/6825"}],"wp:attachment":[{"href":"https:\/\/zumbalaturba.com.ar\/index.php?rest_route=%2Fwp%2Fv2%2Fmedia&parent=6824"}],"wp:term":[{"taxonomy":"category","embeddable":true,"href":"https:\/\/zumbalaturba.com.ar\/index.php?rest_route=%2Fwp%2Fv2%2Fcategories&post=6824"},{"taxonomy":"post_tag","embeddable":true,"href":"https:\/\/zumbalaturba.com.ar\/index.php?rest_route=%2Fwp%2Fv2%2Ftags&post=6824"}],"curies":[{"name":"wp","href":"https:\/\/api.w.org\/{rel}","templated":true}]}}