{"id":6828,"date":"2018-12-17T17:19:31","date_gmt":"2018-12-17T17:19:31","guid":{"rendered":"http:\/\/zumbalaturba.com.ar\/?p=6828"},"modified":"2018-12-17T17:19:31","modified_gmt":"2018-12-17T17:19:31","slug":"la-bronca-el-paisaje-los-vientos-y-la-musica-que-no-deja-de-sonar","status":"publish","type":"post","link":"https:\/\/zumbalaturba.com.ar\/?p=6828","title":{"rendered":"La bronca, el paisaje, los vientos y la m\u00fasica que no deja de sonar"},"content":{"rendered":"<p style=\"padding-left: 150px;\"><em><span style=\"font-size: 14pt;\">Cuando alguien habla salta la bronca de todos contra la lacra cotidiana del abuso, la explotaci\u00f3n y la represi\u00f3n\u2026 As\u00ed, con la m\u00fasica de <\/span><\/em><strong><span style=\"font-size: 14pt;\">Jorge L\u00f3pez Ruiz<\/span><em><span style=\"font-size: 14pt;\">, <\/span><\/em><\/strong><em><span style=\"font-size: 14pt;\">el final de <strong>Bronca Buenos Aires<\/strong>, y las <strong>Soledades permanentes<\/strong> con las que el <\/span><\/em><span style=\"font-size: 14pt;\"><strong>Ensamble KUAI<\/strong><\/span><em><span style=\"font-size: 14pt;\"> lo ha homenajeado este mismo a\u00f1o, as\u00ed comenzamos <\/span><\/em><span style=\"font-size: 14pt;\"><strong>La Nota Azul<\/strong><\/span><em><span style=\"font-size: 14pt;\"> en esta emisi\u00f3n n\u00famero 156, correspondiente a<\/span><\/em><em><span style=\"font-size: 14pt;\">l s\u00e1bado 15 de diciembre de 2018. Por radio <\/span><\/em><span style=\"font-size: 14pt;\"><strong>Zumba La Turba<\/strong><\/span><em><span style=\"font-size: 14pt;\">, en la FM 99.5 de C\u00f3rdoba, Argentina.<\/span><\/em><\/p>\n<p><iframe id=\"audio_30846312\" style=\"border: 1px solid #EEE; box-sizing: border-box; width: 100%;\" src=\"https:\/\/ar.ivoox.com\/es\/player_ej_30846312_4_1.html?c1=ff6600\" width=\"300\" height=\"200\" frameborder=\"0\" scrolling=\"no\" allowfullscreen=\"allowfullscreen\"><\/iframe><\/p>\n<p><span style=\"font-size: 14pt;\">Una doble apertura musical\u00a0da\u00a0inicio al\u00a0programa\u00a0y\u00a0tiene que ver con la p\u00e9rdida de la semana, la muerte de <strong>Jorge L\u00f3pez Ruiz<\/strong>. La m\u00fasica del propio <strong>Jorge L\u00f3pez Ruiz<\/strong> con\u00a0el final de <strong><em>Bronca Buenos Aires<\/em><\/strong> se pega al disco <strong><em>Soledades permanentes<\/em><\/strong>,\u00a0el homenaje a esa obra que este a\u00f1o se edit\u00f3 bajo la firma del\u00a0<strong>Ensamble KUAI<\/strong>. Adem\u00e1s, ese fragmento del comienzo, recitado por <strong>Jos\u00e9 Tcherkaski<\/strong> , que es el cierre de <strong><em>Bronca Buenos Aires<\/em><\/strong>, no pod\u00eda ser m\u00e1s pertinente para los hechos de esta semana: alguien se anim\u00f3 y luego se animaron todas. \u201c<em>Y salt\u00f3 la bronca, carajo!<\/em>\u201d.<\/span><\/p>\n<p><span style=\"font-size: 14pt;\">Cuando conversamos este a\u00f1o con <strong>Juan Bay\u00f3n<\/strong> en el programa, le preguntamos tambi\u00e9n sobre este proyecto: el <strong>Ensamble KUAI<\/strong>, derivado del grupo que forman con el sello <em>KUAI Music<\/em>. <em><strong>Soledades permanentes<\/strong><\/em>, disco que editaron este a\u00f1o con el Ensamble, es un homenaje original a la obra <strong><em>Bronca Buenos Aires<\/em><\/strong> de <strong>Jorge L\u00f3pez Ruiz<\/strong>. El disco, escrito de forma colaborativa entre <strong>Jazm\u00edn Prodan<\/strong>, <strong>Andr\u00e9s Elstein<\/strong>, <strong>Damien Poots<\/strong> y <strong>Juan Bay\u00f3n<\/strong>, est\u00e1 compuesto por una introducci\u00f3n y luego cuatro partes ligadas a los distintos momentos de la obra original. Una de las grandes producciones discogr\u00e1ficas del a\u00f1o.<\/span><\/p>\n<div id='gallery-1' class='gallery galleryid-6828 gallery-columns-2 gallery-size-medium'><figure class='gallery-item'>\n\t\t\t<div class='gallery-icon landscape'>\n\t\t\t\t<img fetchpriority=\"high\" decoding=\"async\" width=\"300\" height=\"300\" src=\"https:\/\/zumbalaturba.com.ar\/wp-content\/uploads\/2018\/12\/Bronca-Buenos-Aires_LP_Trova-300x300.jpg\" class=\"attachment-medium size-medium\" alt=\"\" srcset=\"https:\/\/zumbalaturba.com.ar\/wp-content\/uploads\/2018\/12\/Bronca-Buenos-Aires_LP_Trova-300x300.jpg 300w, https:\/\/zumbalaturba.com.ar\/wp-content\/uploads\/2018\/12\/Bronca-Buenos-Aires_LP_Trova.jpg 545w\" sizes=\"(max-width: 300px) 100vw, 300px\" \/>\n\t\t\t<\/div><\/figure><figure class='gallery-item'>\n\t\t\t<div class='gallery-icon portrait'>\n\t\t\t\t<img decoding=\"async\" width=\"300\" height=\"300\" src=\"https:\/\/zumbalaturba.com.ar\/wp-content\/uploads\/2018\/12\/Soledades-Permanentes-300x300.jpg\" class=\"attachment-medium size-medium\" alt=\"\" srcset=\"https:\/\/zumbalaturba.com.ar\/wp-content\/uploads\/2018\/12\/Soledades-Permanentes-300x300.jpg 300w, https:\/\/zumbalaturba.com.ar\/wp-content\/uploads\/2018\/12\/Soledades-Permanentes-768x769.jpg 768w, https:\/\/zumbalaturba.com.ar\/wp-content\/uploads\/2018\/12\/Soledades-Permanentes-1024x1024.jpg 1024w, https:\/\/zumbalaturba.com.ar\/wp-content\/uploads\/2018\/12\/Soledades-Permanentes.jpg 1199w\" sizes=\"(max-width: 300px) 100vw, 300px\" \/>\n\t\t\t<\/div><\/figure>\n\t\t<\/div>\n\n<p><span style=\"font-size: 14pt;\">A continuaci\u00f3n adelantamos lo que ser\u00e1 el pr\u00f3ximo lanzamiento de <em>La Croqueta Records<\/em>. Nos referimos al disco <strong><em>La di\u00e1spora del paisaje<\/em><\/strong>, que tiene como protagonistas a cuatro m\u00fasicos al piano: <strong>Tom\u00e1s Fares<\/strong>, <strong>Santiago Bird<\/strong>, <strong>Ramiro Flores<\/strong> y <strong>Hern\u00e1n Jacinto<\/strong>. Grabado el 18 de julio y el 25 de agosto del 2015 en el estudio Magma con un piano Yamaha C108 y producido por <em>La Croqueta Records<\/em> (Pocho Sabogal y Pablo Sabogal),<a href=\"https:\/\/www.facebook.com\/events\/357906621452865\/\" target=\"_blank\" rel=\"noopener noreferrer\"> el disco est\u00e1 a punto de ser lanzado el pr\u00f3ximo 22 de diciembre. La presentaci\u00f3n ser\u00e1 en <em>Caf\u00e9 Vinilo<\/em> en Buenos Aires.<\/a><\/span><\/p>\n<p><img decoding=\"async\" class=\"aligncenter size-full wp-image-2083\" src=\"http:\/\/lanotaazul.com.ar\/wp-content\/uploads\/2018\/12\/La-di\u00e1spora-del-paisaje.jpg\" alt=\"\" width=\"960\" height=\"425\" \/><\/p>\n<p><span style=\"font-size: 14pt;\">Conversamos con <strong>Pocho Sabogal<\/strong>, responsable de <em>La Croqueta Records<\/em>, que nos comenta el proceso de grabaci\u00f3n y producci\u00f3n del \u00e1lbum y los planes y proyectos del sello, con todas las actividades culturales que realiza. Adem\u00e1s nos adelanta c\u00f3mo ser\u00e1 el nuevo disco del tr\u00edo que integra junto a <strong>Tom\u00e1s Uriburu<\/strong> y <strong>Christian Erik Dolberg<\/strong>, que llavar\u00e1 como t\u00edtulo <strong><em>\u00bfQu\u00e9 quieren hacer?<\/em><\/strong>.<\/span><\/p>\n<p><span style=\"font-size: 14pt;\"><a href=\"https:\/\/lacroquetarecords.bandcamp.com\/album\/la-di-spora-del-paisaje\" target=\"_blank\" rel=\"noopener noreferrer\">El \u00e1lbum <em><strong>La Di\u00e1spora del paisaje. Obras para piano<\/strong><\/em> ya est\u00e1 en pre-venta digital con algunos temas de avance que se pueden escuchar<\/a>. El disco est\u00e1 integrado por 8 composiciones, dos de cada pianista. Escuchamos <em>Paisaje<\/em> de <strong>Tom\u00e1s Fares<\/strong>, <em>Gris del <img loading=\"lazy\" decoding=\"async\" class=\"wp-image-2089 alignright\" src=\"http:\/\/lanotaazul.com.ar\/wp-content\/uploads\/2018\/12\/Gustavo-Obligado.jpeg\" alt=\"\" width=\"276\" height=\"476\" \/>alba<\/em> de <strong>Santiago Bird<\/strong> y <em>Fantas\u00edas de Ruan<\/em> de <strong>Hern\u00e1n Jacinto<\/strong>.<\/span><\/p>\n<p><span style=\"font-size: 14pt;\">Tambi\u00e9n tenemos m\u00f3vil en vivo desde Buenos Aires con <strong>Julio Kaegi<\/strong>, que estuvo participando del trabajo de tesis de posgrado de <strong>Gustavo Obligado<\/strong>, gran m\u00fasico, saxofonista e improvisador. La investigaci\u00f3n de Obligado para su trabajo de posgrado en m\u00fasica expandida gir\u00f3 en tormo a los vientos (la sudestada, el zonda, el pampero y el k\u00f3shkil) y para su presentaci\u00f3n form\u00f3 un ensamble de vientos en el que participaron <strong>Julio Kaegi<\/strong> y <strong>Vero Flores<\/strong>, que viajaron desde C\u00f3rdoba, adem\u00e1s de muchos otros m\u00fasicos improvisadores. La presentaci\u00f3n fue registrada en video, que luego ser\u00e1 publicado junto con el trabajo de investigaci\u00f3n.<\/span><\/p>\n<p><span style=\"font-size: 14pt;\">Luego el turno es de <strong>Mike Stern<\/strong> a quien escuchamos desde dos discos: <strong><em>All Over The Place<\/em><\/strong> de 2012 y <em><strong>Jigsaw<\/strong><\/em> de 1989. All\u00ed escuchamos a tres m\u00fasicos que visitaron C\u00f3rdoba en la semana: el bajista <strong>Victor Wooten<\/strong>, el saxofonista <strong>Bob Franceschini<\/strong> y el baterista <strong>Dennis Chambers<\/strong>.<\/span><\/p>\n<div id='gallery-2' class='gallery galleryid-6828 gallery-columns-2 gallery-size-medium'><figure class='gallery-item'>\n\t\t\t<div class='gallery-icon landscape'>\n\t\t\t\t<img loading=\"lazy\" decoding=\"async\" width=\"300\" height=\"297\" src=\"https:\/\/zumbalaturba.com.ar\/wp-content\/uploads\/2018\/12\/mike-stern-jigsaw-300x297.jpg\" class=\"attachment-medium size-medium\" alt=\"\" srcset=\"https:\/\/zumbalaturba.com.ar\/wp-content\/uploads\/2018\/12\/mike-stern-jigsaw-300x297.jpg 300w, https:\/\/zumbalaturba.com.ar\/wp-content\/uploads\/2018\/12\/mike-stern-jigsaw-768x759.jpg 768w, https:\/\/zumbalaturba.com.ar\/wp-content\/uploads\/2018\/12\/mike-stern-jigsaw-1024x1012.jpg 1024w, https:\/\/zumbalaturba.com.ar\/wp-content\/uploads\/2018\/12\/mike-stern-jigsaw.jpg 1395w\" sizes=\"(max-width: 300px) 100vw, 300px\" \/>\n\t\t\t<\/div><\/figure><figure class='gallery-item'>\n\t\t\t<div class='gallery-icon landscape'>\n\t\t\t\t<img loading=\"lazy\" decoding=\"async\" width=\"300\" height=\"300\" src=\"https:\/\/zumbalaturba.com.ar\/wp-content\/uploads\/2018\/12\/mike-stern-all-over-the-place-300x300.jpg\" class=\"attachment-medium size-medium\" alt=\"\" srcset=\"https:\/\/zumbalaturba.com.ar\/wp-content\/uploads\/2018\/12\/mike-stern-all-over-the-place-300x300.jpg 300w, https:\/\/zumbalaturba.com.ar\/wp-content\/uploads\/2018\/12\/mike-stern-all-over-the-place-768x767.jpg 768w, https:\/\/zumbalaturba.com.ar\/wp-content\/uploads\/2018\/12\/mike-stern-all-over-the-place-1024x1022.jpg 1024w, https:\/\/zumbalaturba.com.ar\/wp-content\/uploads\/2018\/12\/mike-stern-all-over-the-place.jpg 1050w\" sizes=\"(max-width: 300px) 100vw, 300px\" \/>\n\t\t\t<\/div><\/figure>\n\t\t<\/div>\n\n<p><span style=\"font-size: 14pt;\">Cerramos el programa con otro adelanto: algo que formar\u00e1 parte del nuevo disco del <strong>Ramiro Barrios Tr\u00edo<\/strong>, que integran <strong>Ramiro Barrios<\/strong> en guitarra, <strong>Andr\u00e9s Rotmistrowsky<\/strong> en bajo y <strong>Diego Alejandro<\/strong> en bater\u00eda. El disco fue grabado el 20 de julio en en el estudio de Luis Bacque en New Jersey en Estados Unidos, y va a ser editado pr\u00f3ximamente. Lo que suena es el arreglo de <strong>Ramiro Barrios<\/strong> del tema de Charly Garc\u00eda <em>Raros peinados nuevos<\/em>.<\/span><\/p>\n<figure id=\"attachment_2087\" aria-describedby=\"caption-attachment-2087\" style=\"width: 533px\" class=\"wp-caption aligncenter\"><img loading=\"lazy\" decoding=\"async\" class=\" wp-image-2087\" src=\"http:\/\/lanotaazul.com.ar\/wp-content\/uploads\/2018\/12\/Ramiro-Barrios-1024x576.jpg\" alt=\"\" width=\"533\" height=\"300\" \/><figcaption id=\"caption-attachment-2087\" class=\"wp-caption-text\">Ramiro Barrios<\/figcaption><\/figure>\n<p><span style=\"font-size: 14pt;\">Todo eso y mucho m\u00e1s en dos horas de radio, m\u00fasica, jazz y otras formas libres&#8230;<\/span><\/p>\n<p>&nbsp;<\/p>\n<p style=\"text-align: center;\"><span style=\"font-size: 18pt;\"><a href=\"http:\/\/lanotaazul.com.ar\/programas\/la-bronca-el-paisaje-los-vientos-y-la-musica-que-no-deja-de-sonar\/\" target=\"_blank\" rel=\"noopener noreferrer\"><em><strong>ESCUCHALO TAMBI\u00c9N POR AC\u00c1<\/strong><\/em><\/a><\/span><\/p>\n<div class='share-to-whatsapp-wrapper'><div class='share-on-whsp'>Share on: <\/div><div class='clear '><\/div><\/div>","protected":false},"excerpt":{"rendered":"<p>Cuando alguien habla salta la bronca de todos contra la lacra cotidiana del abuso, la explotaci\u00f3n y la represi\u00f3n\u2026 As\u00ed, con la m\u00fasica de Jorge L\u00f3pez Ruiz, el final de Bronca Buenos Aires, y las Soledades permanentes con las que el Ensamble KUAI lo ha homenajeado este mismo a\u00f1o, as\u00ed comenzamos La Nota Azul en [&hellip;]<\/p>\n","protected":false},"author":14,"featured_media":6830,"comment_status":"open","ping_status":"open","sticky":false,"template":"","format":"standard","meta":{"footnotes":""},"categories":[261],"tags":[81,52,293,305,296,166],"class_list":["post-6828","post","type-post","status-publish","format-standard","has-post-thumbnail","hentry","category-la-nota-azul","tag-agenda-cultural","tag-cultura","tag-jazz","tag-jazz-federal-club","tag-la-nota-azul","tag-musica"],"_links":{"self":[{"href":"https:\/\/zumbalaturba.com.ar\/index.php?rest_route=\/wp\/v2\/posts\/6828","targetHints":{"allow":["GET"]}}],"collection":[{"href":"https:\/\/zumbalaturba.com.ar\/index.php?rest_route=\/wp\/v2\/posts"}],"about":[{"href":"https:\/\/zumbalaturba.com.ar\/index.php?rest_route=\/wp\/v2\/types\/post"}],"author":[{"embeddable":true,"href":"https:\/\/zumbalaturba.com.ar\/index.php?rest_route=\/wp\/v2\/users\/14"}],"replies":[{"embeddable":true,"href":"https:\/\/zumbalaturba.com.ar\/index.php?rest_route=%2Fwp%2Fv2%2Fcomments&post=6828"}],"version-history":[{"count":0,"href":"https:\/\/zumbalaturba.com.ar\/index.php?rest_route=\/wp\/v2\/posts\/6828\/revisions"}],"wp:featuredmedia":[{"embeddable":true,"href":"https:\/\/zumbalaturba.com.ar\/index.php?rest_route=\/wp\/v2\/media\/6830"}],"wp:attachment":[{"href":"https:\/\/zumbalaturba.com.ar\/index.php?rest_route=%2Fwp%2Fv2%2Fmedia&parent=6828"}],"wp:term":[{"taxonomy":"category","embeddable":true,"href":"https:\/\/zumbalaturba.com.ar\/index.php?rest_route=%2Fwp%2Fv2%2Fcategories&post=6828"},{"taxonomy":"post_tag","embeddable":true,"href":"https:\/\/zumbalaturba.com.ar\/index.php?rest_route=%2Fwp%2Fv2%2Ftags&post=6828"}],"curies":[{"name":"wp","href":"https:\/\/api.w.org\/{rel}","templated":true}]}}