{"id":6835,"date":"2018-12-24T18:16:14","date_gmt":"2018-12-24T18:16:14","guid":{"rendered":"http:\/\/zumbalaturba.com.ar\/?p=6835"},"modified":"2018-12-24T18:16:14","modified_gmt":"2018-12-24T18:16:14","slug":"jazz-libertad-y-un-remolino-musical-en-la-nota-azul-repasamos-el-festival-de-jazz-algunos-discos-del-ano-y-lecturas-para-el-verano","status":"publish","type":"post","link":"https:\/\/zumbalaturba.com.ar\/?p=6835","title":{"rendered":"Jazz, libertad y un remolino musical en La Nota Azul: repasamos el Festival de Jazz, algunos discos del a\u00f1o y lecturas para el verano"},"content":{"rendered":"<p style=\"padding-left: 150px;\"><span style=\"font-size: 14pt;\"><em>En este \u00faltimo programa del a\u00f1o\u00a0de <\/em><strong>La Nota Azul<\/strong><em>, correspondiente al s\u00e1bado 22 de diciembre de 2018, repasamos algunos discos del a\u00f1o, nos detenemos en alg\u00fan libro recomendado y revisitamos el Festival Internacional de Jazz con algo de todo lo que dej\u00f3 esta d\u00e9cima edici\u00f3n. Por supuesto, por radio <\/em><strong>Zumba La Turba<\/strong><em>, en la FM 99.5 de C\u00f3rdoba, Argentina.<\/em><\/span><\/p>\n<p><iframe id=\"audio_31008278\" style=\"border: 1px solid #EEE; box-sizing: border-box; width: 100%;\" src=\"https:\/\/ar.ivoox.com\/es\/player_ej_31008278_4_1.html?c1=ff6600\" width=\"300\" height=\"200\" frameborder=\"0\" scrolling=\"no\" allowfullscreen=\"allowfullscreen\"><\/iframe><\/p>\n<p><span style=\"font-size: 14pt;\">El fragmento inicial de <strong><em>En el Maelstr\u00f6m<\/em><\/strong> de <img fetchpriority=\"high\" decoding=\"async\" class=\"alignright wp-image-2119\" src=\"http:\/\/lanotaazul.com.ar\/wp-content\/uploads\/2018\/12\/David-Toop.jpg\" alt=\"\" width=\"268\" height=\"369\" \/><strong>David Toop<\/strong> da comienzo a esta emisi\u00f3n del programa y sirve como introducci\u00f3n para la m\u00fasica del tr\u00edo de <strong>Evan Parker<\/strong>, <strong>Barry Guy<\/strong> y <strong>Paul Lytton<\/strong>. El libro de Toop, que lleva como subt\u00edtulo &#8220;<em>M\u00fasica, improvisaci\u00f3n y el sue\u00f1o de libertad antes de 1970<\/em>&#8220;, acaba de ser editado en castellano por <em>Caja Negra Editora<\/em> y promete ser el primer tomo de dos que versan sobre la improvisaci\u00f3n musical en sus m\u00faltiples variantes.<\/span><\/p>\n<p><span style=\"font-size: 14pt;\">El disco con el que comenzamos, que lleva la firma del saxofonista <strong>Evan Parker<\/strong>, el contrabajista <strong>Barry Guy<\/strong> y el baterista <strong>Paul Lytton<\/strong>, se titula <em>Music for David Mossman. Live at Vortex London<\/em>, y como se indica la m\u00fasica est\u00e1 dedicada al responsable e impulsor del club. <img decoding=\"async\" class=\"alignleft wp-image-2121\" src=\"http:\/\/lanotaazul.com.ar\/wp-content\/uploads\/2018\/12\/evan-parker-guy-lytton-1024x1024.jpg\" alt=\"\" width=\"275\" height=\"275\" \/>El \u00e1lbum fue editado en febrero de este a\u00f1o por el sello <em>Intakt<\/em> y re\u00fane las grabaciones del tr\u00edo en el <em>Vortex Jazz Club<\/em> de Londres durante el 14 de julio del a\u00f1o 2016.<\/span><\/p>\n<p><span style=\"font-size: 14pt;\">Cumplimos la promesa hecha al amigo Osvaldo Mealla, luchador, militante, cronista y periodista especializado en pol\u00edtica, que nos visit\u00f3 en calidad de hincha de River y campe\u00f3n de Am\u00e9rica. Suena para \u00e9l <em>La Gallardeta<\/em>, por <strong>Daniel Pipi Piazzolla<\/strong>.<\/span><\/p>\n<p><span style=\"font-size: 14pt;\">Tenemos adem\u00e1s el honor de recibir la visita de <strong>Mariano Barsotti<\/strong> con quien evaluamos c\u00f3mo fue la edici\u00f3n del <strong><em>Festival Internacional de Jazz de C\u00f3rdoba<\/em><\/strong>\u00a0de este a\u00f1o. Recorremos algo de lo que dej\u00f3 el Festival con material exclusivo que agradecemos al se\u00f1or Gustavo Yapura.<\/span><\/p>\n<p><span style=\"font-size: 14pt;\"><strong>Mariano Barsotti<\/strong> presenta la m\u00fasica que interpret\u00f3 <strong>Norma Winstonte<\/strong> la noche del domingo 18 de noviembre en el Teatro Real. Tambi\u00e9n escuchamos algo de lo que fue la presentaci\u00f3n del <strong>Sonny Troup\u00e9 Quartet Add 2<\/strong>, tratando de revivir un concierto que result\u00f3 excitante para todos los presentes.<\/span><\/p>\n<figure id=\"attachment_2132\" aria-describedby=\"caption-attachment-2132\" style=\"width: 640px\" class=\"wp-caption aligncenter\"><img decoding=\"async\" class=\"size-large wp-image-2132\" src=\"http:\/\/lanotaazul.com.ar\/wp-content\/uploads\/2018\/12\/Mariano-Barsotti-1024x512.jpeg\" alt=\"\" width=\"640\" height=\"320\" \/><figcaption id=\"caption-attachment-2132\" class=\"wp-caption-text\">Mariano Barsotti en La Nota Azul<\/figcaption><\/figure>\n<p><span style=\"font-size: 14pt;\">Presentamos adem\u00e1s el disco reciente de la pianista <strong>Roc\u00edo Gim\u00e9nez L\u00f3pez<\/strong>, quien es se\u00f1alada como una revelaci\u00f3n del jazz de Rosario. El disco <em><strong>Deseos m\u00faltiples<\/strong><\/em>, uno de los \u00faltimos lanzamientos del sello <em>Blue Art<\/em>, re\u00fane a <strong>Emilio Madeo<\/strong> en contrabajo, <strong>Francisco Mart\u00ed<\/strong> en bater\u00eda, <strong>Milton M\u00e9ndez<\/strong> en tromb\u00f3n y por supuesto a <strong>Roc\u00edo Gim\u00e9nez L\u00f3pez<\/strong> en el piano.<\/span><\/p>\n<p><span style=\"font-size: 14pt;\">El momento del ruido llega con el m\u00fasico japon\u00e9s <strong>Keiji Haino<\/strong> desde un disco editado este a\u00f1o 2018 junto a la agrupaci\u00f3n canadiense-estadounidense <strong>Sumac:<\/strong> <em><strong>American Dollar Bill<\/strong><\/em>.<\/span><\/p>\n<div id='gallery-1' class='gallery galleryid-6835 gallery-columns-2 gallery-size-medium'><figure class='gallery-item'>\n\t\t\t<div class='gallery-icon landscape'>\n\t\t\t\t<img loading=\"lazy\" decoding=\"async\" width=\"300\" height=\"268\" src=\"https:\/\/zumbalaturba.com.ar\/wp-content\/uploads\/2018\/12\/tapargl-300x268.jpeg\" class=\"attachment-medium size-medium\" alt=\"\" srcset=\"https:\/\/zumbalaturba.com.ar\/wp-content\/uploads\/2018\/12\/tapargl-300x268.jpeg 300w, https:\/\/zumbalaturba.com.ar\/wp-content\/uploads\/2018\/12\/tapargl-768x685.jpeg 768w, https:\/\/zumbalaturba.com.ar\/wp-content\/uploads\/2018\/12\/tapargl-1024x914.jpeg 1024w, https:\/\/zumbalaturba.com.ar\/wp-content\/uploads\/2018\/12\/tapargl.jpeg 1651w\" sizes=\"(max-width: 300px) 100vw, 300px\" \/>\n\t\t\t<\/div><\/figure><figure class='gallery-item'>\n\t\t\t<div class='gallery-icon landscape'>\n\t\t\t\t<img loading=\"lazy\" decoding=\"async\" width=\"300\" height=\"300\" src=\"https:\/\/zumbalaturba.com.ar\/wp-content\/uploads\/2018\/12\/keiji-haino-300x300.jpg\" class=\"attachment-medium size-medium\" alt=\"\" srcset=\"https:\/\/zumbalaturba.com.ar\/wp-content\/uploads\/2018\/12\/keiji-haino-300x300.jpg 300w, https:\/\/zumbalaturba.com.ar\/wp-content\/uploads\/2018\/12\/keiji-haino-768x768.jpg 768w, https:\/\/zumbalaturba.com.ar\/wp-content\/uploads\/2018\/12\/keiji-haino-1024x1024.jpg 1024w, https:\/\/zumbalaturba.com.ar\/wp-content\/uploads\/2018\/12\/keiji-haino.jpg 1200w\" sizes=\"(max-width: 300px) 100vw, 300px\" \/>\n\t\t\t<\/div><\/figure>\n\t\t<\/div>\n\n<p><span style=\"font-size: 14pt;\">Tambi\u00e9n escuchamos al <strong>Erik Truffaz Quartet<\/strong> desde el \u00e1lbum <strong><em>Doni Doni<\/em><\/strong>, editado en 2016. Y cerramos con el flautista <strong>Sam Most<\/strong> y su disco <strong><em>From The Attic of My Mind<\/em><\/strong> del a\u00f1o 1980. De all\u00ed suena, para terminar, el tema <em><strong>Keep Moving<\/strong><\/em>&#8230;<\/span><\/p>\n<div id='gallery-2' class='gallery galleryid-6835 gallery-columns-2 gallery-size-medium'><figure class='gallery-item'>\n\t\t\t<div class='gallery-icon landscape'>\n\t\t\t\t<img loading=\"lazy\" decoding=\"async\" width=\"300\" height=\"300\" src=\"https:\/\/zumbalaturba.com.ar\/wp-content\/uploads\/2018\/12\/Erik_Truffaz_Quartet-Doni_Doni-Frontal-300x300.jpg\" class=\"attachment-medium size-medium\" alt=\"\" srcset=\"https:\/\/zumbalaturba.com.ar\/wp-content\/uploads\/2018\/12\/Erik_Truffaz_Quartet-Doni_Doni-Frontal-300x300.jpg 300w, https:\/\/zumbalaturba.com.ar\/wp-content\/uploads\/2018\/12\/Erik_Truffaz_Quartet-Doni_Doni-Frontal-768x768.jpg 768w, https:\/\/zumbalaturba.com.ar\/wp-content\/uploads\/2018\/12\/Erik_Truffaz_Quartet-Doni_Doni-Frontal.jpg 953w\" sizes=\"(max-width: 300px) 100vw, 300px\" \/>\n\t\t\t<\/div><\/figure><figure class='gallery-item'>\n\t\t\t<div class='gallery-icon landscape'>\n\t\t\t\t<img loading=\"lazy\" decoding=\"async\" width=\"300\" height=\"300\" src=\"https:\/\/zumbalaturba.com.ar\/wp-content\/uploads\/2018\/12\/sam-most-300x300.jpg\" class=\"attachment-medium size-medium\" alt=\"\" srcset=\"https:\/\/zumbalaturba.com.ar\/wp-content\/uploads\/2018\/12\/sam-most-300x300.jpg 300w, https:\/\/zumbalaturba.com.ar\/wp-content\/uploads\/2018\/12\/sam-most-768x768.jpg 768w, https:\/\/zumbalaturba.com.ar\/wp-content\/uploads\/2018\/12\/sam-most-1024x1024.jpg 1024w, https:\/\/zumbalaturba.com.ar\/wp-content\/uploads\/2018\/12\/sam-most.jpg 1280w\" sizes=\"(max-width: 300px) 100vw, 300px\" \/>\n\t\t\t<\/div><\/figure>\n\t\t<\/div>\n\n<p><span style=\"font-size: 14pt;\">Todo eso y mucho m\u00e1s en este \u00faltimo programa del a\u00f1o de <strong>La Nota Azul<\/strong>: radio, m\u00fasica, jazz y otras formas libres&#8230;<\/span><\/p>\n<p>&nbsp;<\/p>\n<p style=\"text-align: center;\"><span style=\"font-size: 18pt;\"><a href=\"http:\/\/lanotaazul.com.ar\/programas\/jazz-libertad-y-un-remolino-musical-en-la-nota-azul-repasamos-el-festival-de-jazz-algunos-discos-del-ano-y-lecturas-para-el-verano\/\" target=\"_blank\" rel=\"noopener noreferrer\"><strong><em>ESCUCHALO TAMBI\u00c9N POR AC\u00c1<\/em><\/strong><\/a><\/span><\/p>\n<p>&nbsp;<\/p>\n<p style=\"text-align: center;\"><img loading=\"lazy\" decoding=\"async\" class=\"aligncenter size-large wp-image-2129\" src=\"http:\/\/lanotaazul.com.ar\/wp-content\/uploads\/2018\/12\/Barsotti-en-La-Nota-Azul-1024x768.jpeg\" alt=\"\" width=\"640\" height=\"480\" \/><\/p>\n<div class='share-to-whatsapp-wrapper'><div class='share-on-whsp'>Share on: <\/div><div class='clear '><\/div><\/div>","protected":false},"excerpt":{"rendered":"<p>En este \u00faltimo programa del a\u00f1o\u00a0de La Nota Azul, correspondiente al s\u00e1bado 22 de diciembre de 2018, repasamos algunos discos del a\u00f1o, nos detenemos en alg\u00fan libro recomendado y revisitamos el Festival Internacional de Jazz con algo de todo lo que dej\u00f3 esta d\u00e9cima edici\u00f3n. Por supuesto, por radio Zumba La Turba, en la FM [&hellip;]<\/p>\n","protected":false},"author":14,"featured_media":6840,"comment_status":"open","ping_status":"open","sticky":false,"template":"","format":"standard","meta":{"footnotes":""},"categories":[261],"tags":[81,52,293,305,296,166],"class_list":["post-6835","post","type-post","status-publish","format-standard","has-post-thumbnail","hentry","category-la-nota-azul","tag-agenda-cultural","tag-cultura","tag-jazz","tag-jazz-federal-club","tag-la-nota-azul","tag-musica"],"_links":{"self":[{"href":"https:\/\/zumbalaturba.com.ar\/index.php?rest_route=\/wp\/v2\/posts\/6835","targetHints":{"allow":["GET"]}}],"collection":[{"href":"https:\/\/zumbalaturba.com.ar\/index.php?rest_route=\/wp\/v2\/posts"}],"about":[{"href":"https:\/\/zumbalaturba.com.ar\/index.php?rest_route=\/wp\/v2\/types\/post"}],"author":[{"embeddable":true,"href":"https:\/\/zumbalaturba.com.ar\/index.php?rest_route=\/wp\/v2\/users\/14"}],"replies":[{"embeddable":true,"href":"https:\/\/zumbalaturba.com.ar\/index.php?rest_route=%2Fwp%2Fv2%2Fcomments&post=6835"}],"version-history":[{"count":0,"href":"https:\/\/zumbalaturba.com.ar\/index.php?rest_route=\/wp\/v2\/posts\/6835\/revisions"}],"wp:featuredmedia":[{"embeddable":true,"href":"https:\/\/zumbalaturba.com.ar\/index.php?rest_route=\/wp\/v2\/media\/6840"}],"wp:attachment":[{"href":"https:\/\/zumbalaturba.com.ar\/index.php?rest_route=%2Fwp%2Fv2%2Fmedia&parent=6835"}],"wp:term":[{"taxonomy":"category","embeddable":true,"href":"https:\/\/zumbalaturba.com.ar\/index.php?rest_route=%2Fwp%2Fv2%2Fcategories&post=6835"},{"taxonomy":"post_tag","embeddable":true,"href":"https:\/\/zumbalaturba.com.ar\/index.php?rest_route=%2Fwp%2Fv2%2Ftags&post=6835"}],"curies":[{"name":"wp","href":"https:\/\/api.w.org\/{rel}","templated":true}]}}