{"id":6843,"date":"2019-02-20T22:53:57","date_gmt":"2019-02-21T01:53:57","guid":{"rendered":"http:\/\/zumbalaturba.com.ar\/?p=6843"},"modified":"2023-10-14T18:56:30","modified_gmt":"2023-10-14T21:56:30","slug":"fuera-salmoneras-del-territorio-yagan-y-kawesqar-rechazo-ante-proyectos-de-salmonicultura-en-la-region-de-magallanes-chile","status":"publish","type":"post","link":"https:\/\/zumbalaturba.com.ar\/?p=6843","title":{"rendered":"Fuera Salmoneras del Territorio Yag\u00e1n y Kawesqar: Rechazo ante proyectos de salmonicultura en la regi\u00f3n de Magallanes, Chile."},"content":{"rendered":"<p><strong>Una fuerte alerta existe en la regi\u00f3n de Magallanes, por parte de agrupaciones sociales y pertenecientes a pueblos originarios, tras conocerse la concreta intenci\u00f3n por parte de la empresa privada y del Estado chileno en continuar la expansi\u00f3n de la mega-industria salmonera hasta los canales y fiordos de esta regi\u00f3n.\u00a0 16 proyectos se instalar\u00edan en \u00a0Puerto Williams (Regi\u00f3n de Magallanes y la Ant\u00e1rtica chilena). A pesar de que la zona es reserva nacional Kawesqar y \u00e1rea costera protegida parece no impedirse el acceso a las empresas del salmonicola ni regular el enorme impacto ambiental que estas traer\u00edan.<\/strong><\/p>\n<p><img fetchpriority=\"high\" decoding=\"async\" class=\"alignleft size-full wp-image-6870\" src=\"https:\/\/zumbalaturba.com.ar\/wp-content\/uploads\/2019\/02\/275px-Pueblos_ind\u00edgenas_de_la_Patagonia_Austral.svg_.png\" alt=\"\" width=\"275\" height=\"278\" \/><\/p>\n<p><span style=\"font-weight: 400;\">Magallanes y la ant\u00e1rtica chilena es la XII regi\u00f3n al sur de Chile, caracterizada por sus bajas temperatura, inh\u00f3spitos paisaje y por el legado ancestral de pueblos originarios c<\/span><span style=\"font-weight: 400;\">anoeros, recolectores y cazadores\u00a0<\/span><span style=\"font-weight: 400;\">que la habitan. Selknam, Kawesqar, Haush, Aonikenk y Yaganes fueron asesinados en su mayor\u00eda durante la colonizaci\u00f3n e instalaci\u00f3n de las sociedad latifundista-ganadera en la regi\u00f3n. A pesar del exterminio de estos pueblos, sus descendientes y el pueblo consciente intentan frenar el avance de estos mega proyectos salmoneros. Las tronaduras en Isla Riesco para extraer el carb\u00f3n, en conjunto con la salmonicultura est\u00e1n siendo una de las m\u00e1s grandes amenazas para el mar y sus habitantes. Para comprender este complejo tema nublado por la desinformaci\u00f3n nos entrevistamos con representantes del pueblo yagan, kawesqar y mapuche. \u00a0<em>Leticia\u00a0Caro, David Esteban Alday Chiguay, Paola Orieta Guichacoy Mariman, Camila Fernanda Barria Balfor,\u00a0<\/em><\/span>Haide \u00e1guila y Rodrigo carrera carrera.\u00a0<span style=\"font-weight: 400;\">A continuaci\u00f3n sus palabras.<\/span><\/p>\n<p><span style=\"font-weight: 400;\"> La salmonicultura se instal\u00f3 en la regi\u00f3n hace aproximadamente 40 a\u00f1os , en sus primeras d\u00e9cadas pas\u00f3 casi desapercibida ante la sociedad, porque a\u00fan eran piscicultoras. Actualmente estamos frente a la presencia de varias mega empresas salmoneras que cr\u00edan salmones para salir al mercado a niveles industriales. Estos procesos \u00a0intervienen directamente los r\u00edos y el mar, porque es ah\u00ed donde se descargan todos los desechos. Las balsas salmoneras pueden contener una cantidad innumerable de peces, a pesar de esto no existe actualmente un estudio de capacidad, ni una cuantificaci\u00f3n para cada una de las balsas, esta extracci\u00f3n indiscriminada produce la muerte del fondo marino y sus especies aut\u00f3ctonas, lo que se traduce en toneladas de fecas de peces contaminadas con antibi\u00f3ticos y pesticidas que se acumulan y acumulan en la tierra y el mar. Hay evidencia de lugares que ya no tienen vida aut\u00f3ctona por el impacto de estas empresas, como son el tr\u00e1gico ejemplo de Seno Poca Esperanza, \u00a0Isla de Chilo\u00e9, golfo Almirante Montt y seno Skyring.\u00a0<\/span><\/p>\n<p><img decoding=\"async\" class=\" wp-image-6847 aligncenter\" src=\"https:\/\/zumbalaturba.com.ar\/wp-content\/uploads\/2019\/02\/50248158_10214504168381356_6920705740072026112_n-300x288.jpg\" alt=\"\" width=\"362\" height=\"348\" srcset=\"https:\/\/zumbalaturba.com.ar\/wp-content\/uploads\/2019\/02\/50248158_10214504168381356_6920705740072026112_n-300x288.jpg 300w, https:\/\/zumbalaturba.com.ar\/wp-content\/uploads\/2019\/02\/50248158_10214504168381356_6920705740072026112_n-768x736.jpg 768w, https:\/\/zumbalaturba.com.ar\/wp-content\/uploads\/2019\/02\/50248158_10214504168381356_6920705740072026112_n.jpg 960w\" sizes=\"(max-width: 362px) 100vw, 362px\" \/><\/p>\n<p><span style=\"font-weight: 400;\">Es incomprensible desde la mirada ind\u00edgena y como ciudadanos propios de esta tierra que se permita la instalaci\u00f3n de estas empresas sin estudios previos, sin estudios de linea base, sin regulaci\u00f3n alguna teniendo claros ejemplos del da\u00f1o que producen. Nosotros somos comunidades originarias de Magallanes, comunidades canoeras, n\u00f3mades que fueron sedentarizadas, asesinadas por el estado y hoy se nos subyuga una vez m\u00e1s con la instalaci\u00f3n de estas empresa en nuestro territorio. Eso ha provocado una merma importante en la extracci\u00f3n de especies aut\u00f3ctonas, y se traduce en una afectaci\u00f3n directa a los recolectores, pescadores artesanales y navegantes Kawesqar.\u00a0<\/span><span style=\"font-weight: 400;\">Gran parte de la isla de Puerto Williams son pescadores artesanales, uno de ellos es mi papa y mi hermano, comenta Fernanda Barria y es una tradici\u00f3n ancestral, muchos de nuestros ancestros trabajaron en lo mismo. Que lleguen las industrias terminar\u00edan con la centolla, centoll\u00f3n que son el suministro de la gente de la zona. Adem\u00e1s entrando las salmoneras da pie para que entren otras industrias.<\/span><\/p>\n<p><img decoding=\"async\" class=\"alignleft wp-image-6850\" src=\"https:\/\/zumbalaturba.com.ar\/wp-content\/uploads\/2019\/02\/fuera-salmoneras-6-300x300.jpg\" alt=\"\" width=\"306\" height=\"306\" srcset=\"https:\/\/zumbalaturba.com.ar\/wp-content\/uploads\/2019\/02\/fuera-salmoneras-6-300x300.jpg 300w, https:\/\/zumbalaturba.com.ar\/wp-content\/uploads\/2019\/02\/fuera-salmoneras-6-768x768.jpg 768w, https:\/\/zumbalaturba.com.ar\/wp-content\/uploads\/2019\/02\/fuera-salmoneras-6-1024x1024.jpg 1024w, https:\/\/zumbalaturba.com.ar\/wp-content\/uploads\/2019\/02\/fuera-salmoneras-6.jpg 1280w\" sizes=\"(max-width: 306px) 100vw, 306px\" \/><\/p>\n<p><span style=\"font-weight: 400;\"> Por parte de la empresa que hoy se instalar\u00eda en el canal Beagle no ha habido ning\u00fan di\u00e1logo con las comunidades, como as\u00ed lo exigen los tratados vigentes en este pa\u00eds, actuando silenciosamente a espaldas de la gente. Pero, creemos que, aunque se hubieran contactado igualmente el rechazo habr\u00eda sido total por lo que significa el mar para nosotros, esta en nuestros ancestros y en nuestra ra\u00edces el cuidado del mar y la protecci\u00f3n de lo que nos rodea, es parte de nuestra cosmovisi\u00f3n y es por eso que queremos esta industria fuera del mar.\u00a0\u00a0<\/span><span style=\"font-weight: 400;\">Pedimos que se de a conocer\u00a0 aqu\u00ed y al mundo esta situaci\u00f3n, esta noticia no sale de la regi\u00f3n, a nivel central del pa\u00eds son muy pocas las personas que est\u00e1n enteradas lo que ocurre en los mares del austro y de esa forma nos vemos aplastados por las industrias, la indiferencia de la sociedad y el cerco medi\u00e1tico.<\/span><\/p>\n<h3 style=\"text-align: left;\"><strong>\u00bfQui\u00e9nes son estas empresas?<\/strong><\/h3>\n<p><img loading=\"lazy\" decoding=\"async\" class=\" wp-image-6854 alignright\" src=\"https:\/\/zumbalaturba.com.ar\/wp-content\/uploads\/2019\/02\/millonario-proyecto-salmonero-para-magallanes-ingresa-al-servicio-de-evaluacin-ambiental-e1550519639655-750x400-1-300x160.jpg\" alt=\"\" width=\"289\" height=\"154\" srcset=\"https:\/\/zumbalaturba.com.ar\/wp-content\/uploads\/2019\/02\/millonario-proyecto-salmonero-para-magallanes-ingresa-al-servicio-de-evaluacin-ambiental-e1550519639655-750x400-1-300x160.jpg 300w, https:\/\/zumbalaturba.com.ar\/wp-content\/uploads\/2019\/02\/millonario-proyecto-salmonero-para-magallanes-ingresa-al-servicio-de-evaluacin-ambiental-e1550519639655-750x400-1.jpg 750w\" sizes=\"(max-width: 289px) 100vw, 289px\" \/><\/p>\n<p style=\"text-align: left;\">Estas empresas forman parte de una asociaci\u00f3n llamada \u201cSalmonicultores de Magallanes\u201d creada en 1995 esta conformada por 8 empresas con 16 proyectos que se instalar\u00edan en Puerto Williams.<\/p>\n<p style=\"text-align: left;\"><span style=\"font-weight: 400;\">-Skysal, prestadora de servicios de las empresas salmonicultoras, Cabo Pilar que mantiene concesiones en la regi\u00f3n, aun sin producir, Cermaq, Australis Mar y Salmones Magallanes se encuentra en Puerto Natales, seno Skyring y Rio Verde , Nova Austral que tiene sus centros de engorda en Capital Ar\u00e1cea y Porvenir. Finalmente este a\u00f1o Miltiexport y Bluriver comenzar\u00e1n a producir salm\u00f3n en Rio Verde y Puerto Natales a escalas industriales. El primer proyecto presentado contempla 58 jaulas, 30 por 30 metros, en total equivalen a 52 kil\u00f3metros cuadrados, y unas 35 toneladas de salmones (35 mil kilos) (Fuente: Pesquera Nova Austral). Tonelada que son exportadas al extranjero por v\u00eda a\u00e9rea y terrestre \u00a0principalmente a Estados Unidos y China.<\/span><img loading=\"lazy\" decoding=\"async\" class=\"wp-image-6849 aligncenter\" src=\"https:\/\/zumbalaturba.com.ar\/wp-content\/uploads\/2019\/02\/Atl\u00e1ntico-salm\u00f3n_Magallanes-Foto-APSTM-768x512-300x200.jpg\" alt=\"\" width=\"345\" height=\"230\" srcset=\"https:\/\/zumbalaturba.com.ar\/wp-content\/uploads\/2019\/02\/Atl\u00e1ntico-salm\u00f3n_Magallanes-Foto-APSTM-768x512-300x200.jpg 300w, https:\/\/zumbalaturba.com.ar\/wp-content\/uploads\/2019\/02\/Atl\u00e1ntico-salm\u00f3n_Magallanes-Foto-APSTM-768x512.jpg 768w\" sizes=\"(max-width: 345px) 100vw, 345px\" \/><\/p>\n<p><span style=\"font-weight: 400;\">Esta situaci\u00f3n evidencia la negligencia del estado de Chile en pol\u00edticas medioambientales y la persecuci\u00f3n a los pueblos originarios que habitan este territorio desde hace m\u00e1s de 10.000 a\u00f1os. \u00a0No solo tenemos esta problem\u00e1tica en la regi\u00f3n de Magallanes o en Chile sino que es un entramado geopol\u00edtico, un c\u00e1ncer que crece a lo largo de Latinoam\u00e9rica y el mundo que explota indiscriminadamente a la naturaleza y a los animales humanos y no humanos para el crecimiento de las naciones e industrias que destruyen el ecosistema. Sin ir m\u00e1s lejos en el centro sur del pa\u00eds las forestales e hidroel\u00e9ctricas devastan territorio mapuche, la extracci\u00f3n de litio en el norte del pa\u00eds representan un sinf\u00edn de proyectos que se resguardan bajo leyes\u00a0<\/span>in-sustentables en beneficio de un par de familias y el empresariado. Vease &#8220;plan iirsa&#8221;, &#8220;ley longueira&#8221;, &#8220;TTP&#8221; &#8220;Pesca de Arrastre&#8221;.<\/p>\n<p><span style=\"font-weight: 400;\">Ante tal amenaza se ha generado varias jornadas de informaci\u00f3n, protestas, manifestaciones en espacios p\u00fablicos, solicitud de antecedentes a las autoridades regionales, difundir en medios y entre los vecinos el impacto de la actividad salmon\u00edcola. \u00a0Organ\u00edzate en tu territorio.<\/span><\/p>\n<p><strong> LA NATURALEZA Y LOS ANIMALES NO SON UN RECURSO<\/strong><\/p>\n<p><strong> NO A LAS SALMONERAS EN TERRITORIO KAWESQAR Y YAGAN<\/strong><\/p>\n<p><em><span style=\"font-weight: 400;\"> Mas informaci\u00f3n y novedades en:<\/span><\/em><\/p>\n<p><em>Facebook: <a class=\"_64-f\" href=\"https:\/\/www.facebook.com\/nomadesdelmar\/\">Comunidad Kaw\u00e9sqar Grupos Familiares Nomades del Mar<\/a>\u00a0<\/em><\/p>\n<p><em>https:\/\/www.facebook.com\/nomadesdelmar\/<\/em><\/p>\n<p><em>#NOALASSALMONERAS<\/em><\/p>\n<h3 style=\"text-align: center;\"><span style=\"font-size: 12pt;\"><strong>Adjuntamos el comunicado de las\u00a0Comunidades por la defensa del mar acusan irregularidades a nombre del Pueblo Kaweqar<\/strong><\/span><\/h3>\n<p><em><span style=\"font-weight: 400;\">A ra\u00edz de la noticia publicada por la prensa Austral:<\/span><\/em><\/p>\n<p><em><span style=\"font-weight: 400;\">https:\/\/laprensaaustral.cl\/cronica\/tenemos-cero-avance-en-las-politicas-indigenas-en-magallanes\/<\/span><\/em><\/p>\n<p><em><span style=\"font-weight: 400;\">Por intermedio de la presente, las Comunidades Ind\u00edgenas abajo identificadas queremos informar a usted lo siguiente.<\/span><\/em><\/p>\n<ol>\n<li><em><span style=\"font-weight: 400;\"> Nos preocupa de manera especial las innumerables irregularidades que se han llevado en nombre de nuestro \u201c Pueblo Kaw\u00e8sqar\u201d, por el se\u00f1or Juan Gonzales Caro, que ha hecho uso de un nombramiento inexistente como Consejero del Pueblo Kaw\u00e8sqar.<\/span><\/em><\/li>\n<\/ol>\n<p><em><span style=\"font-weight: 400;\">En la Regi\u00f3n de Magallanes, la elecci\u00f3n de Consejeros fue solamente desde la perspectiva territorial organizacional, dicha elecci\u00f3n de Consejeros no recae la representatividad en el Pueblo, sino que en la Comunidad Ind\u00edgena que elige. El Pueblo Kaw\u00e8sqar est\u00e1 representado por tres espacios territoriales bien definidos, Puerto Ed\u00e9n, Puerto Natales, Punta Arenas, esas tres unidades Territoriales componen la denominaci\u00f3n del Pueblo Ind\u00edgena Kaw\u00e8sqar.<\/span><\/em><\/p>\n<p><em><span style=\"font-weight: 400;\">As\u00ed mismo como es de su conocimiento, la Contralor\u00eda General de la Republica, ha sido enf\u00e1tica al pronunciarse frente al funcionamiento y caducidad de dicho consejo Ind\u00edgena y cu\u00e1les son los requerimientos para que dicho consejo, hoy inexistente, tenga alg\u00fan tipo de funcionamiento en el futuro.<\/span><\/em><\/p>\n<ol start=\"2\">\n<li><em><span style=\"font-weight: 400;\"> Queremos dar a conocer a usted y a las autoridades pertinentes que el Se\u00f1or Juan Gonzales Caro ha firmado y declarado a la opini\u00f3n p\u00fablica su adhesi\u00f3n a las grandes empresas mineras y salmonicultoras de la regi\u00f3n de Magallanes como el m\u00e1ximo representante de nuestro Pueblo cuando en realidad nunca ha sido de esa manera. Claro ejemplo tiene que ver con la adhesi\u00f3n a la MINA Invierno, donde declaraba que el pueblo Kaw\u00e8sqar estaba de Acuerdo con la instalaci\u00f3n de esta mega miner\u00eda en nuestro territorio ancestral, con esta declaraci\u00f3n coartando a las comunidades afectadas la exigencia de DERECHOS tanto de mitigaci\u00f3n y de uso de nuestro territorio por la empresa minera sin posibilidad de realizar CONSULTA al respecto.<\/span><\/em><\/li>\n<li><em><span style=\"font-weight: 400;\"> Posteriormente con funcionarios del Estado chileno, subsecretario de Pesca, Director CONADI, de gobiernos anteriores se re\u00fane con los empresarios salmonicultores y de truchas en Magallanes, para realizar una consulta en torno de que manera era afectado las Comunidades por la instalaci\u00f3n de esta industria en nuestra regi\u00f3n, Obviamente en esta supuesta consulta realizada, jam\u00e1s hubo participaci\u00f3n de la totalidad de las Comunidades Ind\u00edgenas y de las personas naturales que tienen pleno derecho de participaci\u00f3n y menos a\u00fan fueron part\u00edcipes de dicho acto, por lo tanto solicitamos revisar desde la perspectiva de DERECHOS estos actos firmados en nombre del Pueblo Kaw\u00e8sqar.<\/span><\/em><\/li>\n<\/ol>\n<p><em><span style=\"font-weight: 400;\">Este accionar ha venido en una clara vulneraci\u00f3n de los derechos de quienes a\u00fan practican la pesca de subsistencia y navegan por los canales de Magallanes como lo hicieran nuestros antepasados, as\u00ed mismo los derechos colectivos de todos quienes tenemos nuestra conexi\u00f3n con el mar y la vivimos.<\/span><\/em><\/p>\n<p><em><span style=\"font-weight: 400;\">Estos hechos arriba descritos nos ha perjudicado como Pueblo Kaw\u00e8sqar en el ejercicio de nuestros derechos ancestrales , contraviniendo el articulo 15 numeral 2 del Tratado Internacional 169 de la OIT.<\/span><\/em><\/p>\n<p><em><span style=\"font-weight: 400;\">Lo siguiente es dejar de clara la autonom\u00eda de las comunidades y que se haga efectiva la representatividad de cada una de ellas, al menos de las nuestras, y dejar de manifiesto que nosotros no tenemos inconvenientes con la actual direcci\u00f3n de CONADI, a cargo de la se\u00f1ora Carolina Avenda\u00f1o Hille, ya que ha estado presta a solucionar los problemas de quienes lo requieran.<\/span><\/em><\/p>\n<p><em><span style=\"font-weight: 400;\">As\u00ed mismo nos llama poderosamente la atenci\u00f3n el siempre tan profundo inter\u00e9s del se\u00f1or Gonzalez en el dinero, esto dado que es precisamente su familia la que ha recibido muchos y amplios beneficios por parte del Estado, nunca acreditando alguna situaci\u00f3n de vulnerabilidad, como s\u00ed la poseen muchos miembros de los pueblos ind\u00edgenas de esta regi\u00f3n.<\/span><\/em><\/p>\n<p><em><span style=\"font-weight: 400;\">Somos comunidades ind\u00edgenas las cuales buscamos crecer y cultivar el gran amor por nuestro pueblo, esp\u00edritu de estas comunidades las cuales honran a los antiguos y que sus miembros aun recorren los espacios marino costeros.<\/span><\/em><\/p>\n<p><em><span style=\"font-weight: 400;\">Con todos estos datos informamos a usted y a las instituciones del Estado de Chile, que el Se\u00f1or Juan Gonzales Caro, no representa los intereses de las Comunidades Ind\u00edgenas Kaw\u00e8sqar de Magallanes, por lo tanto cualquier acto realizado por esta persona, ya sea declaraci\u00f3n p\u00fablica, acuerdo o firma de alg\u00fan documento en nombre de nuestro pueblo carece absolutamente de representatividad y valides.<\/span><\/em><\/p>\n<p style=\"text-align: center;\"><strong>AEFTERREK SETE KASKIUK JENAK ASOS SA KAWESQAR KA KUTEKE YAGAN,<\/strong><\/p>\n<p style=\"text-align: center;\"><strong>Los primeros que habitamos el territorio del sur austral fuimos Kawesqar y Yagan<\/strong><\/p>\n<p style=\"text-align: center;\"><strong>KIUS WAES SA KASKIUK \u010cE\u010cEL ATAL<\/strong><\/p>\n<p style=\"text-align: center;\"><strong>Nuestro territorio a\u00fan se encuentra ac\u00e1<\/strong><\/p>\n<p style=\"text-align: center;\"><strong>K\u00b4OANEK AESKIUK JENAK ATAL, COWA ASELAI SEKUE, KAW\u00c9SQAR KA KUTEKE YAGAN SA SKIAL AESKIUK CECEL, KIUS AEFSAKTA SA SKIAL CECEL K\u00b4AK.<\/strong><\/p>\n<p style=\"text-align: center;\"><strong>A todos les quiero decir que los kaw\u00e9sqar y tambi\u00e9n los Yagan estamos vivos aqu\u00ed, y nuestro idioma sigue con vida igual.\u201d<\/strong><\/p>\n<p style=\"text-align: center;\"><strong>K&#8217;exaso!<\/strong><\/p>\n<p><img loading=\"lazy\" decoding=\"async\" class=\"wp-image-6871 aligncenter\" src=\"https:\/\/zumbalaturba.com.ar\/wp-content\/uploads\/2019\/02\/Alacalufes-4-207x300.jpg\" alt=\"\" width=\"264\" height=\"383\" srcset=\"https:\/\/zumbalaturba.com.ar\/wp-content\/uploads\/2019\/02\/Alacalufes-4-207x300.jpg 207w, https:\/\/zumbalaturba.com.ar\/wp-content\/uploads\/2019\/02\/Alacalufes-4.jpg 331w\" sizes=\"(max-width: 264px) 100vw, 264px\" \/><\/p>\n<p><img loading=\"lazy\" decoding=\"async\" class=\"size-medium wp-image-6865 aligncenter\" src=\"https:\/\/zumbalaturba.com.ar\/wp-content\/uploads\/2019\/02\/50257024_632867310481153_2292811704775475200_n-1-300x169.jpg\" alt=\"\" width=\"300\" height=\"169\" srcset=\"https:\/\/zumbalaturba.com.ar\/wp-content\/uploads\/2019\/02\/50257024_632867310481153_2292811704775475200_n-1-300x169.jpg 300w, https:\/\/zumbalaturba.com.ar\/wp-content\/uploads\/2019\/02\/50257024_632867310481153_2292811704775475200_n-1-768x432.jpg 768w, https:\/\/zumbalaturba.com.ar\/wp-content\/uploads\/2019\/02\/50257024_632867310481153_2292811704775475200_n-1.jpg 960w\" sizes=\"(max-width: 300px) 100vw, 300px\" \/><\/p>\n<div class='share-to-whatsapp-wrapper'><div class='share-on-whsp'>Share on: <\/div><div class='clear '><\/div><\/div>","protected":false},"excerpt":{"rendered":"<p>Una fuerte alerta existe en la regi\u00f3n de Magallanes, por parte de agrupaciones sociales y pertenecientes a pueblos originarios, tras conocerse la concreta intenci\u00f3n por parte de la empresa privada y del Estado chileno en continuar la expansi\u00f3n de la mega-industria salmonera hasta los canales y fiordos de esta regi\u00f3n.\u00a0 16 proyectos se instalar\u00edan en [&hellip;]<\/p>\n","protected":false},"author":18,"featured_media":6844,"comment_status":"open","ping_status":"open","sticky":false,"template":"","format":"standard","meta":{"footnotes":""},"categories":[239,39,18,15,1191,42,3],"tags":[1082,1083,1084],"class_list":["post-6843","post","type-post","status-publish","format-standard","has-post-thumbnail","hentry","category-cbatransmisiones-dela-rnma","category-cordoba-originaria","category-elm","category-la-zumba","category-luchas-por-el-territorio","category-pueblosoriginarios","category-rnma","tag-noalassalmoneras","tag-pueblokawesqar","tag-puebloyagan"],"_links":{"self":[{"href":"https:\/\/zumbalaturba.com.ar\/index.php?rest_route=\/wp\/v2\/posts\/6843","targetHints":{"allow":["GET"]}}],"collection":[{"href":"https:\/\/zumbalaturba.com.ar\/index.php?rest_route=\/wp\/v2\/posts"}],"about":[{"href":"https:\/\/zumbalaturba.com.ar\/index.php?rest_route=\/wp\/v2\/types\/post"}],"author":[{"embeddable":true,"href":"https:\/\/zumbalaturba.com.ar\/index.php?rest_route=\/wp\/v2\/users\/18"}],"replies":[{"embeddable":true,"href":"https:\/\/zumbalaturba.com.ar\/index.php?rest_route=%2Fwp%2Fv2%2Fcomments&post=6843"}],"version-history":[{"count":0,"href":"https:\/\/zumbalaturba.com.ar\/index.php?rest_route=\/wp\/v2\/posts\/6843\/revisions"}],"wp:featuredmedia":[{"embeddable":true,"href":"https:\/\/zumbalaturba.com.ar\/index.php?rest_route=\/wp\/v2\/media\/6844"}],"wp:attachment":[{"href":"https:\/\/zumbalaturba.com.ar\/index.php?rest_route=%2Fwp%2Fv2%2Fmedia&parent=6843"}],"wp:term":[{"taxonomy":"category","embeddable":true,"href":"https:\/\/zumbalaturba.com.ar\/index.php?rest_route=%2Fwp%2Fv2%2Fcategories&post=6843"},{"taxonomy":"post_tag","embeddable":true,"href":"https:\/\/zumbalaturba.com.ar\/index.php?rest_route=%2Fwp%2Fv2%2Ftags&post=6843"}],"curies":[{"name":"wp","href":"https:\/\/api.w.org\/{rel}","templated":true}]}}