{"id":6884,"date":"2019-02-23T15:08:34","date_gmt":"2019-02-23T15:08:34","guid":{"rendered":"http:\/\/zumbalaturba.com.ar\/?p=6884"},"modified":"2019-02-28T15:38:20","modified_gmt":"2019-02-28T15:38:20","slug":"8m-la-asamblea-ni-una-menos-exige-paro-activo-y-efectivo-a-las-centrales","status":"publish","type":"post","link":"https:\/\/zumbalaturba.com.ar\/?p=6884","title":{"rendered":"8M: la Asamblea Ni Una Menos exige paro activo y efectivo a las Centrales"},"content":{"rendered":"<p style=\"text-align: center;\"><strong>COMUNICADO<\/strong><\/p>\n<p>A la Comisi\u00f3n Directiva de la CGT\/CTA<br \/>\nLa Asamblea Ni Unas Menos C\u00f3rdoba exige a las conducciones sindicales la convocatoria al paro activo y efectivo el pr\u00f3xi<span class=\"text_exposed_show\">mo 8 de marzo, en el d\u00eda internacional de las mujeres trabajadoras, por las reivindicaciones centrales de las mujeres, tortas, trans y travestis, para exigir aborto legal, basta de femicidios, travesticidios y transvesticidios, y el rechazo al ajuste de Macri, Schiaretti y el FMI.<br \/>\nEste 8 de marzo haremos temblar la tierra, en el tercer paro internacional de mujeres, tortas, trans y travestis, luego de que en nuestro pa\u00eds millones nos moviliz\u00e1ramos por el derecho al aborto legal. En los anteriores paros, ignorando el pedido de la Asamblea Ni Una Menos de convocar al paro y multiplicar el reclamo del movimiento de mujeres, las centrales obreras decidieron no parar, privilegiando sus acuerdos con los distintos gobiernos. A pesar de ello, las movilizaciones fueron multitudinarias y en varios lugares de trabajo el paro se hizo sentir.<br \/>\nEste a\u00f1o, con la fuerza y la potencialidad que nuestro movimiento despleg\u00f3 frente al tratamiento del proyecto de IVE en el parlamento, volvemos a exigir a todas las centrales obreras la convocatoria a reuniones y asambleas preparatorias de un para activo y un plan de lucha, para lograr imponer nuestros reclamos, en un cuadro de agravamiento de la violencia que ya ha dejado m\u00e1s de 30 v\u00edctimas femicidios y 20 transfemicidios en lo que va del a\u00f1o, y ante un nuevo ataque de los sectores anti-derechos a la ILE, la educaci\u00f3n sexual integral, a las disidencias sexuales y a los derechos de los ni\u00f1as condenadas a ser madres a los 12 a\u00f1os de edad.<br \/>\nPara que este 8 de marzo tiemble la tierra, vamos al paro activo y movilizaci\u00f3n de las centrales obreras.<\/span><\/p>\n<div class=\"text_exposed_show\">\n<p><span class=\"_5afx\"><span class=\"_58cl _5afz\" aria-label=\"hashtag\">#<\/span><span class=\"_58cm\">8M<\/span><\/span> Paro Internacional de Mujeres, Lesbianas, Bisexuales, Travestis y Tans<br \/>\n<span class=\"_5afx\"><span class=\"_58cl _5afz\" aria-label=\"hashtag\">#<\/span><span class=\"_58cm\">AbortoLegalYa<\/span><\/span><br \/>\nBasta de femicidios, travesticidios y transfeminicidios<br \/>\nContra el Ajuste de Macri, el FMI y los gobernadores<\/p>\n<\/div>\n<p><img fetchpriority=\"high\" decoding=\"async\" class=\"alignnone size-medium wp-image-6886\" src=\"https:\/\/zumbalaturba.com.ar\/wp-content\/uploads\/2019\/02\/8m-245x300.jpg\" alt=\"\" width=\"245\" height=\"300\" srcset=\"https:\/\/zumbalaturba.com.ar\/wp-content\/uploads\/2019\/02\/8m-245x300.jpg 245w, https:\/\/zumbalaturba.com.ar\/wp-content\/uploads\/2019\/02\/8m-768x939.jpg 768w, https:\/\/zumbalaturba.com.ar\/wp-content\/uploads\/2019\/02\/8m.jpg 785w\" sizes=\"(max-width: 245px) 100vw, 245px\" \/><\/p>\n<div class='share-to-whatsapp-wrapper'><div class='share-on-whsp'>Share on: <\/div><div class='clear '><\/div><\/div>","protected":false},"excerpt":{"rendered":"<p>COMUNICADO A la Comisi\u00f3n Directiva de la CGT\/CTA La Asamblea Ni Unas Menos C\u00f3rdoba exige a las conducciones sindicales la convocatoria al paro activo y efectivo el pr\u00f3ximo 8 de marzo, en el d\u00eda internacional de las mujeres trabajadoras, por las reivindicaciones centrales de las mujeres, tortas, trans y travestis, para exigir aborto legal, basta [&hellip;]<\/p>\n","protected":false},"author":7,"featured_media":6886,"comment_status":"open","ping_status":"open","sticky":false,"template":"","format":"standard","meta":{"footnotes":""},"categories":[18,29,5],"tags":[25,513,7],"class_list":["post-6884","post","type-post","status-publish","format-standard","has-post-thumbnail","hentry","category-elm","category-trabajadores-en-lucha","category-transfeminismos","tag-niunamenos","tag-8m","tag-feminismos"],"_links":{"self":[{"href":"https:\/\/zumbalaturba.com.ar\/index.php?rest_route=\/wp\/v2\/posts\/6884","targetHints":{"allow":["GET"]}}],"collection":[{"href":"https:\/\/zumbalaturba.com.ar\/index.php?rest_route=\/wp\/v2\/posts"}],"about":[{"href":"https:\/\/zumbalaturba.com.ar\/index.php?rest_route=\/wp\/v2\/types\/post"}],"author":[{"embeddable":true,"href":"https:\/\/zumbalaturba.com.ar\/index.php?rest_route=\/wp\/v2\/users\/7"}],"replies":[{"embeddable":true,"href":"https:\/\/zumbalaturba.com.ar\/index.php?rest_route=%2Fwp%2Fv2%2Fcomments&post=6884"}],"version-history":[{"count":0,"href":"https:\/\/zumbalaturba.com.ar\/index.php?rest_route=\/wp\/v2\/posts\/6884\/revisions"}],"wp:featuredmedia":[{"embeddable":true,"href":"https:\/\/zumbalaturba.com.ar\/index.php?rest_route=\/wp\/v2\/media\/6886"}],"wp:attachment":[{"href":"https:\/\/zumbalaturba.com.ar\/index.php?rest_route=%2Fwp%2Fv2%2Fmedia&parent=6884"}],"wp:term":[{"taxonomy":"category","embeddable":true,"href":"https:\/\/zumbalaturba.com.ar\/index.php?rest_route=%2Fwp%2Fv2%2Fcategories&post=6884"},{"taxonomy":"post_tag","embeddable":true,"href":"https:\/\/zumbalaturba.com.ar\/index.php?rest_route=%2Fwp%2Fv2%2Ftags&post=6884"}],"curies":[{"name":"wp","href":"https:\/\/api.w.org\/{rel}","templated":true}]}}