{"id":6969,"date":"2019-04-13T15:36:53","date_gmt":"2019-04-13T18:36:53","guid":{"rendered":"http:\/\/zumbalaturba.com.ar\/?p=6969"},"modified":"2023-10-14T18:58:18","modified_gmt":"2023-10-14T21:58:18","slug":"ex-ccd-recuperado-para-la-agroecologia-comunitaria","status":"publish","type":"post","link":"https:\/\/zumbalaturba.com.ar\/?p=6969","title":{"rendered":"Ex CCD recuperado para la agroecolog\u00eda comunitaria"},"content":{"rendered":"<p><em>A 43 a\u00f1os de la \u00faltima dictadura c\u00edvico militar en Argentina, \u201cTrabajadores Unidos Por la Tierra\u201d, las tierras del batall\u00f3n 141 en Jos\u00e9 de la Quintana, C\u00f3rdoba, fueron recuperadas para la agroecolog\u00eda comunitaria. All\u00ed funcion\u00f3 un centro de clandestino de detenci\u00f3n, torturas y muertes desde principios de 1976.\u00a0 <\/em><\/p>\n<p>Desde el Enredando Las Ma\u00f1anas conversamos con Sergio Job, integrante de \u201cTrabajadores Unidos por la Tierra\u201d, organizaci\u00f3n que est\u00e1 protagonizando la recuperaci\u00f3n un ex Centro Clandestino de Detenci\u00f3n (CCD) que funcion\u00f3 durante la \u00faltima dictadura c\u00edvico militar en Argentina. All\u00ed en las tierras donde funcionaba el Grupo de Artiller\u00eda 141, en Jos\u00e9 de la Quintana, en el valle de Paravachasca de la provincia de C\u00f3rdoba, est\u00e1n haciendo agroecolog\u00eda comunitaria.<\/p>\n<p>Sergio nos explica que recuperar las tierras del Grupo de Artiller\u00eda 141 \u201cforma parte de un proceso anterior que es cuando empezamos a organizarnos para producir nuestros propios alimentos, de manera sana y desde una soberan\u00eda alimentaria entre quienes integramos la organizaci\u00f3n y fuimos viendo que necesit\u00e1bamos m\u00e1s tierras, para sumar m\u00e1s familias. Sab\u00edamos que hab\u00eda tierras en donde funcionaba el Grupo de Artiller\u00eda 141. Ese espacio hab\u00eda quedado en desuso, entonces empezamos la organizaci\u00f3n y la lucha por recuperar esas tierras para ponerlas a producir, para poder aportar a una vida digna\u201d.<\/p>\n<p><strong>\u00a0<\/strong><\/p>\n<p><strong>ELM: Sergio, \u00bfpodr\u00e1s contarnos un poco de la historia de este lugar, para tener una idea de cu\u00e1l es el espacio que est\u00e1n recuperando?<\/strong><\/p>\n<p>S: El predio del Regimiento, en total tiene 900 hect\u00e1reas. De esas hect\u00e1reas, nosotros empezamos una lucha por las tierras cultivables, que son unas 60 o 70 hect\u00e1reas, esas las logramos recuperar a mediados del a\u00f1o pasado. Ya tuvimos nuestra primer siembra y cosecha de verano, y una vez que est\u00e1bamos trabajando, nos vimos en la necesidad de contar con uno de los edificios del viejo Regimiento, y empezamos a luchar por alguno de esos inmuebles para poder resguardar herramientas y desplegar el proceso de organizaci\u00f3n m\u00e1s general. En ese camino, en el \u00faltimo tiempo, logramos ingresar a alguno de los edificios\u201d.<\/p>\n<p>&nbsp;<\/p>\n<p><strong>ELM: \u00bfCu\u00e1ntas familias est\u00e1n participando de este proceso? \u00bfCu\u00e1les son las producciones que desarrollan en esas 60 hect\u00e1reas? <\/strong><\/p>\n<p>S: En el conjunto de la organizaci\u00f3n, hoy implica a m\u00e1s de 150 familias, que tenemos distintos espacios de producci\u00f3n, estamos distribuidos en distintos pueblos de la zona, y estamos produciendo distintas cosas: chacra, huerta, pollos, gallinas ponedoras, chanchos, distintas cosas. Pero en el predio en s\u00ed, en el Refugio Libertad que es como lo llamamos a este espacio, participan alrededor de 40 familias, que est\u00e1n haciendo un bosque de frutales, y una chacra de ma\u00edz, poroto, zapallo. Hay una parte de huerto, y una parte de arom\u00e1ticas y tambi\u00e9n se est\u00e1 construyendo un invernadero. Ahora estamos justo en la limpieza para el armado de un nuevo gallinero y en esta semana tambi\u00e9n empezamos la construcci\u00f3n de un lugar para los chanchos, cuesti\u00f3n de que vaya creciendo la producci\u00f3n, y eso vaya generando laburo, por un lado, y Soberan\u00eda Alimentaria por el otro.<\/p>\n<p><strong>ELM: Y este a\u00f1o, \u00bfc\u00f3mo les fue a ustedes con las cosechas de este a\u00f1o &#8211; que fue un a\u00f1o bien lluvioso-?<\/strong><\/p>\n<p>S: La verdad que por ser el primer a\u00f1o que trabajamos ac\u00e1 nos fue bastante bien, siempre pensando que nosotros no buscamos de fondo generar ganancias, ni cuentas bancarias, ni especular con los commodities financieros, sino que buscamos alimentos para autoabastecernos las familias que hacemos parte del proceso de organizaci\u00f3n y a medida que vayamos ampliando la producci\u00f3n y aumentando la escala, se pueda ir cambiando, intercambiando, participando de manera m\u00e1s activa en la Econom\u00eda Popular\u201d.<img fetchpriority=\"high\" decoding=\"async\" class=\"alignnone size-medium wp-image-6971 alignleft\" src=\"https:\/\/zumbalaturba.com.ar\/wp-content\/uploads\/2019\/04\/P1030373-300x169.jpg\" alt=\"\" width=\"300\" height=\"169\" srcset=\"https:\/\/zumbalaturba.com.ar\/wp-content\/uploads\/2019\/04\/P1030373-300x169.jpg 300w, https:\/\/zumbalaturba.com.ar\/wp-content\/uploads\/2019\/04\/P1030373-768x432.jpg 768w, https:\/\/zumbalaturba.com.ar\/wp-content\/uploads\/2019\/04\/P1030373-1024x576.jpg 1024w, https:\/\/zumbalaturba.com.ar\/wp-content\/uploads\/2019\/04\/P1030373.jpg 1600w\" sizes=\"(max-width: 300px) 100vw, 300px\" \/><\/p>\n<p><strong>ELM: Por \u00faltimo, nos pod\u00e9s contar un poco de la historia de este espacio cuando funcion\u00f3 uno de los ex CCD durante la \u00faltima dictadura militar?<\/strong><\/p>\n<p>S: Nosotros nos enteramos que fue un CCD en el marco de dos instancias, cuando supimos que una parte estaba intervenida por la Justicia Federal, ya que hab\u00edan tenido lugar enterramientos en fosas comunes y esa es una parte de la situaci\u00f3n que est\u00e1 hoy en la Justicia Federal y donde est\u00e1n trabajando forenses. Y en el marco de la investigaci\u00f3n de un periodista, justamente, sobre como funcion\u00f3 durante la dictadura el Batall\u00f3n, y ah\u00ed supimos de testimonios y de una causa judicial sobre personas que estuvieron detenidas ac\u00e1. El lugar funcionaba, al parecer, como un lugar de distribuci\u00f3n de detenidos-desaparecidos. Como que los ten\u00edan ac\u00e1 algunas horas, algunos d\u00edas, y de ac\u00e1 se los llevaban a otros CCD. Tambi\u00e9n hay testimonios de algunos colimbas, que al parecer, vieron pasar en aquel momento camiones con cuerpos. Es decir, el lugar ten\u00eda como una doble funci\u00f3n, lugar de enterramientos, por tener muchas hect\u00e1reas, y tambi\u00e9n como un lugar de distribuci\u00f3n de detenidos-desaparecidos. Adem\u00e1s, ac\u00e1 funcionaba el Polvor\u00edn, de la parte militar, y ac\u00e1 fue donde se termin\u00f3 de detonar parte del armamento de la voladura de Rio Tercero. Hoy queremos darle la funci\u00f3n de ser un espacio para la Soberan\u00eda Alimentaria y la construcci\u00f3n popular.<\/p>\n<p>Nosotros decimos que hoy hay que cambiar este lugar de muerte, por un lugar de vida, mejorando los lazos de las compa\u00f1eras y los compa\u00f1eros y justamente esto es la funci\u00f3n que le podemos dar para que crezca la organizaci\u00f3n popular, las organizaciones nacionales y la posibilidad de generar nuestro alimento de manera aut\u00f3noma, independiente, sin andar dependiendo del sistema de explotaci\u00f3n.<\/p>\n<p>&nbsp;<\/p>\n<div class='share-to-whatsapp-wrapper'><div class='share-on-whsp'>Share on: <\/div><div class='clear '><\/div><\/div>","protected":false},"excerpt":{"rendered":"<p>A 43 a\u00f1os de la \u00faltima dictadura c\u00edvico militar en Argentina, \u201cTrabajadores Unidos Por la Tierra\u201d, las tierras del batall\u00f3n 141 en Jos\u00e9 de la Quintana, C\u00f3rdoba, fueron recuperadas para la agroecolog\u00eda comunitaria. All\u00ed funcion\u00f3 un centro de clandestino de detenci\u00f3n, torturas y muertes desde principios de 1976.\u00a0 Desde el Enredando Las Ma\u00f1anas conversamos con [&hellip;]<\/p>\n","protected":false},"author":30,"featured_media":6970,"comment_status":"open","ping_status":"open","sticky":false,"template":"","format":"standard","meta":{"footnotes":""},"categories":[1241,18,15,1191],"tags":[],"class_list":["post-6969","post","type-post","status-publish","format-standard","has-post-thumbnail","hentry","category-ddhh","category-elm","category-la-zumba","category-luchas-por-el-territorio"],"_links":{"self":[{"href":"https:\/\/zumbalaturba.com.ar\/index.php?rest_route=\/wp\/v2\/posts\/6969","targetHints":{"allow":["GET"]}}],"collection":[{"href":"https:\/\/zumbalaturba.com.ar\/index.php?rest_route=\/wp\/v2\/posts"}],"about":[{"href":"https:\/\/zumbalaturba.com.ar\/index.php?rest_route=\/wp\/v2\/types\/post"}],"author":[{"embeddable":true,"href":"https:\/\/zumbalaturba.com.ar\/index.php?rest_route=\/wp\/v2\/users\/30"}],"replies":[{"embeddable":true,"href":"https:\/\/zumbalaturba.com.ar\/index.php?rest_route=%2Fwp%2Fv2%2Fcomments&post=6969"}],"version-history":[{"count":0,"href":"https:\/\/zumbalaturba.com.ar\/index.php?rest_route=\/wp\/v2\/posts\/6969\/revisions"}],"wp:featuredmedia":[{"embeddable":true,"href":"https:\/\/zumbalaturba.com.ar\/index.php?rest_route=\/wp\/v2\/media\/6970"}],"wp:attachment":[{"href":"https:\/\/zumbalaturba.com.ar\/index.php?rest_route=%2Fwp%2Fv2%2Fmedia&parent=6969"}],"wp:term":[{"taxonomy":"category","embeddable":true,"href":"https:\/\/zumbalaturba.com.ar\/index.php?rest_route=%2Fwp%2Fv2%2Fcategories&post=6969"},{"taxonomy":"post_tag","embeddable":true,"href":"https:\/\/zumbalaturba.com.ar\/index.php?rest_route=%2Fwp%2Fv2%2Ftags&post=6969"}],"curies":[{"name":"wp","href":"https:\/\/api.w.org\/{rel}","templated":true}]}}