{"id":7035,"date":"2019-04-18T01:50:08","date_gmt":"2019-04-18T01:50:08","guid":{"rendered":"http:\/\/zumbalaturba.com.ar\/?p=7035"},"modified":"2019-04-29T01:54:24","modified_gmt":"2019-04-29T01:54:24","slug":"la-rioja-femicidio-de-sabina","status":"publish","type":"post","link":"https:\/\/zumbalaturba.com.ar\/?p=7035","title":{"rendered":"La Rioja: femicidio de Sabina"},"content":{"rendered":"<p>Desde el Enredando Las Ma\u00f1anas abrimos el micr\u00f3fono al dolor por el femicidio de Sabina, la ni\u00f1a integrante de la Garganta Poderosa en la provincia de La Rieoja.<\/p>\n<p>Conversamos con Claudia Vera, integrante de la organizaci\u00f3n territorial la Garganta Poderosa que nos comenta que la ni\u00f1a de 11 a\u00f1os participaba de los espacios de educaci\u00f3n popular en el barrio Virgen Desatanudos. Cerca de las 19 horas del 16 de abril sali\u00f3 a comprar a un almac\u00e9n y no volvi\u00f3 m\u00e1s. La polic\u00eda no la busc\u00f3, y lxs vecinxs tuvieron que buscarla con linternas ante la falta de alumbrado p\u00fablico. Claudia, a\u00fan en la conmoci\u00f3n, nos cuenta del abandono del Estado, que suma otra v\u00edctima del patriarcado.<\/p>\n<p><iframe src=\"https:\/\/ar.ivoox.com\/es\/player_ej_35047383_2_1.html?data=lJqdlpyXfJShhpywj5aUaZS1lpqah5yncZOhhpywj5WRaZi3jpWah5yncajV08zO0NnFb7Hjxcrf0djFb63VjLfW0c_FaZS1jMvSz87HrcXd0JDRx5C3pcPdz8aah5yncbPVxc7cjb_ZscPVjNHOjbnZtsPVjoqkpZKY&amp;\" width=\"100%\" height=\"200\" frameborder=\"0\" scrolling=\"no\" allowfullscreen=\"allowfullscreen\"><\/iframe><\/p>\n<div class='share-to-whatsapp-wrapper'><div class='share-on-whsp'>Share on: <\/div><div class='clear '><\/div><\/div>","protected":false},"excerpt":{"rendered":"<p>Desde el Enredando Las Ma\u00f1anas abrimos el micr\u00f3fono al dolor por el femicidio de Sabina, la ni\u00f1a integrante de la Garganta Poderosa en la provincia de La Rieoja. Conversamos con Claudia Vera, integrante de la organizaci\u00f3n territorial la Garganta Poderosa que nos comenta que la ni\u00f1a de 11 a\u00f1os participaba de los espacios de educaci\u00f3n [&hellip;]<\/p>\n","protected":false},"author":7,"featured_media":7031,"comment_status":"open","ping_status":"open","sticky":false,"template":"","format":"standard","meta":{"footnotes":""},"categories":[18,5],"tags":[399,950,94,567,691],"class_list":["post-7035","post","type-post","status-publish","format-standard","has-post-thumbnail","hentry","category-elm","category-transfeminismos","tag-femicidio","tag-patriarcado","tag-violencia","tag-violencia-de-genero","tag-violencia-machista"],"_links":{"self":[{"href":"https:\/\/zumbalaturba.com.ar\/index.php?rest_route=\/wp\/v2\/posts\/7035","targetHints":{"allow":["GET"]}}],"collection":[{"href":"https:\/\/zumbalaturba.com.ar\/index.php?rest_route=\/wp\/v2\/posts"}],"about":[{"href":"https:\/\/zumbalaturba.com.ar\/index.php?rest_route=\/wp\/v2\/types\/post"}],"author":[{"embeddable":true,"href":"https:\/\/zumbalaturba.com.ar\/index.php?rest_route=\/wp\/v2\/users\/7"}],"replies":[{"embeddable":true,"href":"https:\/\/zumbalaturba.com.ar\/index.php?rest_route=%2Fwp%2Fv2%2Fcomments&post=7035"}],"version-history":[{"count":0,"href":"https:\/\/zumbalaturba.com.ar\/index.php?rest_route=\/wp\/v2\/posts\/7035\/revisions"}],"wp:featuredmedia":[{"embeddable":true,"href":"https:\/\/zumbalaturba.com.ar\/index.php?rest_route=\/wp\/v2\/media\/7031"}],"wp:attachment":[{"href":"https:\/\/zumbalaturba.com.ar\/index.php?rest_route=%2Fwp%2Fv2%2Fmedia&parent=7035"}],"wp:term":[{"taxonomy":"category","embeddable":true,"href":"https:\/\/zumbalaturba.com.ar\/index.php?rest_route=%2Fwp%2Fv2%2Fcategories&post=7035"},{"taxonomy":"post_tag","embeddable":true,"href":"https:\/\/zumbalaturba.com.ar\/index.php?rest_route=%2Fwp%2Fv2%2Ftags&post=7035"}],"curies":[{"name":"wp","href":"https:\/\/api.w.org\/{rel}","templated":true}]}}