{"id":7128,"date":"2019-06-27T00:05:07","date_gmt":"2019-06-27T00:05:07","guid":{"rendered":"https:\/\/zumbalaturba.com.ar\/?p=7128"},"modified":"2019-06-27T00:05:08","modified_gmt":"2019-06-27T00:05:08","slug":"jornada-global-por-la-vida-y-contra-la-guerra-en-mexico","status":"publish","type":"post","link":"https:\/\/zumbalaturba.com.ar\/?p=7128","title":{"rendered":"Jornada Global por la Vida y Contra la Guerra en M\u00e9xico"},"content":{"rendered":"\n<p><strong>En el Enredando Las Ma\u00f1anas del mi\u00e9rcoles 26 de junio entrevistamos a Diana, integrante del Espacio Contra el Olvido y la Represi\u00f3n en Chiapas. Desde M\u00e9xico, nos explica los motivos por los cuales ma\u00f1ana se estar\u00e1 realizando en todo el mundo esta jornada de lucha.<\/strong><\/p>\n<p>Comenzando la entrevista, Diana nos cuenta que \u201c<em>esta Jornada se inicia como un proceso urgente y necesario frente al contexto que estamos viviendo bastante alarmante con la militarizaci\u00f3n que tiene como base el despojo, lo que se viene planteando como un neo-extractivismo, que no es sino otra fase de la guerra contra los Pueblos Originarios.\u201d<\/em><\/p>\n<p><em>\u00a0<\/em>Para explicarnos el complejo panorama socio-pol\u00edtico actual de M\u00e9xico, Diana necesita remontarse bastante atr\u00e1s en el tiempo. <em>\u201cTenemos que tener muy en cuenta cuando reflexionamos sobre los territorios de Mesoam\u00e9rica que desde hace cincuenta a\u00f1os se est\u00e1 intentando incorporarlos a este nuevo saqueo. En su momento se intent\u00f3 plantear un Sistema Integral Centroamericano, despu\u00e9s se llam\u00f3 Proyecto Pantera, ya en el a\u00f1o 2001 se llam\u00f3 Plan Puebla Panam\u00e1, luego, en 2007, Proyecto Mesoamericano y de ah\u00ed paso a llamarse \u00a0Zonas Econ\u00f3micas Especiales. Ahora, en este contexto, a partir del treinta y uno de diciembre, que comienza este nuevo r\u00e9gimen del partido MORENA (Movimiento de Regeneraci\u00f3n Nacional), \u00a0con este nuevo capataz que es Andr\u00e9s Manuel L\u00f3pez Obrador (AMLO), se llama Proyecto de Desarrollo Integral. En realidad son los mismos frentes de despojo.\u201d<\/em><\/p>\n<p>El resultado de imponer todos estos proyectos de supuesto desarrollo ha sido tr\u00e1gico para la poblaci\u00f3n mexicana. Diana nos da datos al respecto. <em>\u201cEn los \u00faltimos quince a\u00f1os van m\u00e1s de doscientos cincuenta mil muertos asesinados en una supuesta guerra contra el narco que no es otra cosa que la disputa de la pol\u00edtica, de lo empresarial y del narco que genera una configuraci\u00f3n que nos permite hablar de un Narcoestado. Hay m\u00e1s de cuarenta y cinco mil desaparecidos, doscientos ochenta mil desplazados forzados y hay mil doscientas fosas clandestinas. EL OLOR A MUERTE AC\u00c1 ES MUY CONTUNDENTE.\u201d <\/em><\/p>\n<p>En medio de este contexto de horror, al ser elegido presidente AMLO, hubo un atisbo de esperanza ante la promesa electoral de una desmilitarizaci\u00f3n de M\u00e9xico.\u00a0 <em>\u201cFue algo muy c\u00ednico<\/em> \u2013continua Diana- <em>porque se acaba de anunciar que el 30 de junio va a haber un despliegue de lo que ser\u00eda la nueva fuerza armada mexicana \u00a0denominada Guardia Nacional, que es una especie de corporaci\u00f3n donde est\u00e1 incluido el ej\u00e9rcito, la marina y las polic\u00edas federales, estatales y municipales. Esta Guardia Nacional ya empez\u00f3 a hacer su aparici\u00f3n en todo el pa\u00eds con un despliegue de cincuenta mil nuevos elementos a partir del 30 de junio, \u00a0y , en tres a\u00f1os, de ciento diez mil nuevos elementos.\u201d<\/em><\/p>\n<p>Para explicar la falsedad del argumento que esboza el gobierno respecto a que la creaci\u00f3n de esta Guardia Nacional es para luchar contra la delincuencia y el narco, Diana nos cuenta que <em>\u201cen el Estado de Chiapas, que es uno de los estados donde menos delincuencia organizada hay, donde menos criminalidad hay; y esto se debe mucho a los proyectos de Sociedades Zapatista \u00a0y Pueblos Originarios que se est\u00e1n creando ac\u00e1, se est\u00e1 anunciando que va a haber doce nuevos regimientos militares y ocho de ellos, no casualmente, van a estar en la zona de confluencia zapatista. A esto le sumamos que en Chiapas ya existen setenta y nueve campamentos militares producto de la guerra integral de desgaste a los pueblos zapatistas. Entonces, este aumento de la militarizaci\u00f3n es lo que ahorita nos est\u00e1 preocupando much\u00edsimo.\u201d<\/em><\/p>\n<p>En la extensa e interesante entrevista a Diana, ella continua describiendo la compleja situaci\u00f3n de M\u00e9xico y la regi\u00f3n donde se mezclan los megaproyectos extractivistas para beneficio de las elites econ\u00f3micas, la problem\u00e1tica de la migraci\u00f3n causada por el hambre y la miseria que provocan esos megaproyectos, la represi\u00f3n y criminalizaci\u00f3n de las organizaciones que defienden sus derechos, territorios y autonom\u00eda. \u00a0Te invitamos a escuchar la entrevista completa en el reproductor que te dejamos m\u00e1s abajo.<\/p>\n<p>En C\u00f3rdoba, habr\u00e1 un cap\u00edtulo de esta Jornada Global por la Vida y Contra la Guerra, ser\u00e1 ma\u00f1ana 27 de junio a las 16 hs. en la Plazoleta del Fundador (27 de abril y Obispo Trejo). La actividad est\u00e1 organizada por el Colectivo Radial C\u00f3rdoba Originaria y el Espacio de Aprendizaje y Desaprendizaje Aut\u00f3nomo de la Sexta.<\/p>\n<p>\u00a0<\/p>\n<p>\u00a0<\/p>\n<p>\u00a0<\/p>\n\n\n<p><iframe width=\"100%\" height=\"200\" frameborder=\"0\" allowfullscreen=\"\" scrolling=\"no\" src=\"https:\/\/ar.ivoox.com\/es\/player_ej_37648531_2_1.html?data=lJyjlp2Zd5Khhpywj5ecaZS1kpiah5yncZOhhpywj5WRaZi3jpWah5yncaXdwtPOh5enb8XZzZCy1dXFp8rjjKjc0NnWpYzZzZC8ztvNqNCf2pDZw5C2qdHmxtjWh6iXaaOnz5DRx5CRaZi3jrfOxs7Tb7vpzsfOjdHFb7Xp08fOj4qbh46o&amp;\"><\/iframe><\/p><div class='share-to-whatsapp-wrapper'><div class='share-on-whsp'>Share on: <\/div><div class='clear '><\/div><\/div>","protected":false},"excerpt":{"rendered":"<p>En el Enredando Las Ma\u00f1anas del mi\u00e9rcoles 26 de junio entrevistamos a Diana, integrante del Espacio Contra el Olvido y la Represi\u00f3n en Chiapas. Desde M\u00e9xico, nos explica los motivos por los cuales ma\u00f1ana se estar\u00e1 realizando en todo el mundo esta jornada de lucha. Comenzando la entrevista, Diana nos cuenta que \u201cesta Jornada se [&hellip;]<\/p>\n","protected":false},"author":30,"featured_media":7129,"comment_status":"open","ping_status":"open","sticky":false,"template":"","format":"standard","meta":{"footnotes":""},"categories":[39,18,3],"tags":[],"class_list":["post-7128","post","type-post","status-publish","format-standard","has-post-thumbnail","hentry","category-cordoba-originaria","category-elm","category-rnma"],"_links":{"self":[{"href":"https:\/\/zumbalaturba.com.ar\/index.php?rest_route=\/wp\/v2\/posts\/7128","targetHints":{"allow":["GET"]}}],"collection":[{"href":"https:\/\/zumbalaturba.com.ar\/index.php?rest_route=\/wp\/v2\/posts"}],"about":[{"href":"https:\/\/zumbalaturba.com.ar\/index.php?rest_route=\/wp\/v2\/types\/post"}],"author":[{"embeddable":true,"href":"https:\/\/zumbalaturba.com.ar\/index.php?rest_route=\/wp\/v2\/users\/30"}],"replies":[{"embeddable":true,"href":"https:\/\/zumbalaturba.com.ar\/index.php?rest_route=%2Fwp%2Fv2%2Fcomments&post=7128"}],"version-history":[{"count":0,"href":"https:\/\/zumbalaturba.com.ar\/index.php?rest_route=\/wp\/v2\/posts\/7128\/revisions"}],"wp:featuredmedia":[{"embeddable":true,"href":"https:\/\/zumbalaturba.com.ar\/index.php?rest_route=\/wp\/v2\/media\/7129"}],"wp:attachment":[{"href":"https:\/\/zumbalaturba.com.ar\/index.php?rest_route=%2Fwp%2Fv2%2Fmedia&parent=7128"}],"wp:term":[{"taxonomy":"category","embeddable":true,"href":"https:\/\/zumbalaturba.com.ar\/index.php?rest_route=%2Fwp%2Fv2%2Fcategories&post=7128"},{"taxonomy":"post_tag","embeddable":true,"href":"https:\/\/zumbalaturba.com.ar\/index.php?rest_route=%2Fwp%2Fv2%2Ftags&post=7128"}],"curies":[{"name":"wp","href":"https:\/\/api.w.org\/{rel}","templated":true}]}}