{"id":7148,"date":"2019-07-25T15:35:32","date_gmt":"2019-07-25T15:35:32","guid":{"rendered":"https:\/\/zumbalaturba.com.ar\/?p=7148"},"modified":"2019-07-25T15:35:33","modified_gmt":"2019-07-25T15:35:33","slug":"resistir-para-existir-marcha-trans-y-travesti-en-cordoba","status":"publish","type":"post","link":"https:\/\/zumbalaturba.com.ar\/?p=7148","title":{"rendered":"&#8220;Resistir para existir&#8221;, marcha trans y travesti en C\u00f3rdoba"},"content":{"rendered":"\n<p>Conversamos al aire del #EnredandoLasMa\u00f1anas con <strong>Cheku Romero de la Asamblea Trans-Travesti de C\u00f3rdoba<\/strong> para compartir la convocatoria a la movilizaci\u00f3n del jueves 25 a las 17hs en Col\u00f3n y Gral. Paz. bajo la consigna \u201cResistir para existir\u2026 MEMORIA TRANS\u201d.<\/p>\n<p>Cheku comparti\u00f3 al aire del Enredando la importancia que tiene esta convocatoria, ya que es la primera vez que se realiza desde una Asamblea Trans y Travesti en la que -comenta la activista- &#8220;<em>confluyen distintos espacios, dejando muchas rispideces y hasta ego\u00edsmos pol\u00edticos para centrarnos en una sola problem\u00e1tica, la de nuestra poblaci\u00f3n (&#8230;) va a ser un d\u00eda hist\u00f3rico para todas nosotras, porque es una asamblea y una marcha que han formado y conformado todas nosotras, no hay nadie atr\u00e1s de todo eso, nos sentamos, consensuamos un mont\u00f3n de trabajo, nos abrazamos, nos contuvimos<\/em>&#8220;.<\/p>\n<p>La fecha del 25 de julio, en la que fuera asesinada Laura Moyano en Villa 9 de Julio en C\u00f3rdoba en 2015 y cuyo transfemicidio contin\u00faa impune, fue se\u00f1alada por la Asamblea para repetirse anualmente.<\/p>\n<p>En relaci\u00f3n a la consigna central de la marcha, &#8220;<strong>Resistir para existir. MEMORIA TRANS<\/strong>&#8220;, Cheku afirm\u00f3 que &#8220;<em>hay que seguir resistiendo para seguir existiendo y no olvidarnos de todas las compa\u00f1eras que nos faltan, que no est\u00e1n. Recordar todas esas mariposas que se fueron por culpa de alguien, del Estado, de los gobiernos, de los pol\u00edticos<\/em>&#8220;.<\/p>\n<p>La convocatoria incluye tambi\u00e9n el reclamo por la inclusi\u00f3n laboral trans, el derecho a infancias libres de violencias, a una salud integral y al aborto legal.<\/p>\n<p><iframe id=\"audio_38979099\" style=\"border: 1px solid #EEE; box-sizing: border-box; width: 100%;\" src=\"https:\/\/ar.ivoox.com\/es\/player_ej_38979099_4_1.html?c1=ff6600\" height=\"200\" frameborder=\"0\" scrolling=\"no\" allowfullscreen=\"allowfullscreen\"><\/iframe>\u00a0<\/p>\n<div class='share-to-whatsapp-wrapper'><div class='share-on-whsp'>Share on: <\/div><div class='clear '><\/div><\/div>","protected":false},"excerpt":{"rendered":"<p>Conversamos al aire del #EnredandoLasMa\u00f1anas con Cheku Romero de la Asamblea Trans-Travesti de C\u00f3rdoba para compartir la convocatoria a la movilizaci\u00f3n del jueves 25 a las 17hs en Col\u00f3n y Gral. Paz. bajo la consigna \u201cResistir para existir\u2026 MEMORIA TRANS\u201d. Cheku comparti\u00f3 al aire del Enredando la importancia que tiene esta convocatoria, ya que es [&hellip;]<\/p>\n","protected":false},"author":6,"featured_media":7149,"comment_status":"open","ping_status":"open","sticky":false,"template":"","format":"standard","meta":{"footnotes":""},"categories":[18,5],"tags":[399,7,664,308,520,723],"class_list":["post-7148","post","type-post","status-publish","format-standard","has-post-thumbnail","hentry","category-elm","category-transfeminismos","tag-femicidio","tag-feminismos","tag-genero-diversidad","tag-laura-moyano","tag-lgtb","tag-transfemicidio"],"_links":{"self":[{"href":"https:\/\/zumbalaturba.com.ar\/index.php?rest_route=\/wp\/v2\/posts\/7148","targetHints":{"allow":["GET"]}}],"collection":[{"href":"https:\/\/zumbalaturba.com.ar\/index.php?rest_route=\/wp\/v2\/posts"}],"about":[{"href":"https:\/\/zumbalaturba.com.ar\/index.php?rest_route=\/wp\/v2\/types\/post"}],"author":[{"embeddable":true,"href":"https:\/\/zumbalaturba.com.ar\/index.php?rest_route=\/wp\/v2\/users\/6"}],"replies":[{"embeddable":true,"href":"https:\/\/zumbalaturba.com.ar\/index.php?rest_route=%2Fwp%2Fv2%2Fcomments&post=7148"}],"version-history":[{"count":0,"href":"https:\/\/zumbalaturba.com.ar\/index.php?rest_route=\/wp\/v2\/posts\/7148\/revisions"}],"wp:featuredmedia":[{"embeddable":true,"href":"https:\/\/zumbalaturba.com.ar\/index.php?rest_route=\/wp\/v2\/media\/7149"}],"wp:attachment":[{"href":"https:\/\/zumbalaturba.com.ar\/index.php?rest_route=%2Fwp%2Fv2%2Fmedia&parent=7148"}],"wp:term":[{"taxonomy":"category","embeddable":true,"href":"https:\/\/zumbalaturba.com.ar\/index.php?rest_route=%2Fwp%2Fv2%2Fcategories&post=7148"},{"taxonomy":"post_tag","embeddable":true,"href":"https:\/\/zumbalaturba.com.ar\/index.php?rest_route=%2Fwp%2Fv2%2Ftags&post=7148"}],"curies":[{"name":"wp","href":"https:\/\/api.w.org\/{rel}","templated":true}]}}