{"id":7255,"date":"2019-09-13T01:14:47","date_gmt":"2019-09-13T01:14:47","guid":{"rendered":"https:\/\/zumbalaturba.com.ar\/?p=7255"},"modified":"2019-09-13T01:14:47","modified_gmt":"2019-09-13T01:14:47","slug":"micky-barattini-presa-por-defenderse","status":"publish","type":"post","link":"https:\/\/zumbalaturba.com.ar\/?p=7255","title":{"rendered":"Micky Barattini: presa por defenderse"},"content":{"rendered":"\n<p><em>Con cambio de car\u00e1tula, volvi\u00f3 a iniciar el juicio de Brenda Barattini. La joven hiri\u00f3 en sus genitales a un hombre que la maltrataba, por lo que est\u00e1 acusada de intento de homicidio. Hace casi dos a\u00f1os que cumple prisi\u00f3n preventiva.<\/em><\/p>\n<p>A fines de agosto inici\u00f3 el juicio que acusa a Brenda \u201cMicky\u201d Barattini de &#8220;lesiones grav\u00edsimas calificadas por el v\u00ednculo y alevos\u00eda&#8221;, pero la fiscal del caso, Laura Battistelli, pidi\u00f3 el cambio de imputaci\u00f3n al de intento de homicidio. Al aceptar el tribunal ese pedido, debi\u00f3 suspenderse e iniciar un nuevo juicio con un jurado popular. Este mi\u00e9rcoles -11 de septiembre- se reanudaron las audiencias.<\/p>\n<p>Micky, una joven de 28 a\u00f1os de edad, est\u00e1 detenida desde noviembre de 2017 en la c\u00e1rcel de m\u00e1xima seguridad de Bouwer, a las afueras de la ciudad de C\u00f3rdoba. Casi inmediatamente del episodio por el cual se la imputa. En su declaraci\u00f3n en la \u00faltima audiencia dej\u00f3 en claro que fue un intento por defenderse de las agresiones sexuales y psicol\u00f3gicas que sufri\u00f3 sistem\u00e1ticamente por parte de Sergio An\u00edbal Fern\u00e1ndez, un hombre de 42 a\u00f1os, con qui\u00e9n ten\u00eda una relaci\u00f3n.<\/p>\n<p>En el \u00faltimo encuentro que mantuvieron, Micky declar\u00f3 que lo hiri\u00f3 pero que &#8220;no m\u00e1s que eso&#8221; y se\u00f1al\u00f3: &#8220;El da\u00f1o que yo le pude hacer no era mayor al que \u00e9l me hab\u00eda hecho a m\u00ed&#8221; en el marco de una relaci\u00f3n de maltrato, extorsi\u00f3n y violencias.&nbsp;&nbsp;&nbsp;<\/p>\n<p>Desde el Enredando las ma\u00f1anas nos contactamos con Gabriela, una de las integrantes de la radio abierta que se instal\u00f3 en las puertas de los Tribunales Provinciales II de la ciudad de C\u00f3rdoba, que impulsaron desde el espacio de \u201cautoconvocadxs y familiares de presxs y ex presxs\u201d. Gabriela comenz\u00f3 explicando que \u201cel fin de la radio es visibilizar la situaci\u00f3n que est\u00e1 viviendo Micky en un proceso judicial que no es m\u00e1s que una nueva muestra de que la justicia es patriarcal y machista\u201d.<\/p>\n<p>Gabriela nos pidi\u00f3 recuperar un p\u00e1rrafo del comunicado que escribieron tras la primera audiencia del 26 de agosto, en la C\u00e1mara Segunda del Crimen de C\u00f3rdoba: \u201cLa audiencia se focaliz\u00f3 en las pr\u00e1cticas sexuales de Micky Barattini, en el intento por construir un perfil que contin\u00fae estigmatizando y cuestionando las pr\u00e1cticas vinculares y afectivas, no haciendo menci\u00f3n alguna de los da\u00f1os sufridos por Micky en una relaci\u00f3n abusiva y dispar, replicando en buena medida la misoginia y las violencias que Micky ya hab\u00eda sufrido antes, culpabiliz\u00e1ndola&nbsp;de toda acci\u00f3n y exagerando la lesi\u00f3n\u201d.<\/p>\n<p>En la siguiente audiencia, y repitiendo el mismo modus operandi, nos explica Gabriela que la&nbsp;fiscal Battisteli pidi\u00f3 el cambio de car\u00e1tula a \u201chomicidio en tentativa calificado por el&nbsp;v\u00ednculo y alevos\u00eda&#8221;. Frente a lo cual fue contundentes: \u201cEsto da cuenta de la misoginia y la parcialidad de la fiscal\u00eda del caso\u201d.<\/p>\n<p>Gabriela continu\u00f3 explicando que vieron la necesidad de \u201ccontrarrestar\u201d el mensaje que instalaron los medios de comunicaci\u00f3n comerciales hegem\u00f3nicos que r\u00e1pidamente tras ocurrido el hecho lo espectacularizaron e violentaron, nuevamente, la intimidad de Micky. Afirma la entrevistada que \u201chacen un recorte de la realidad, dejando totalmente por fuera las situaciones que Micky vivi\u00f3&nbsp;anteriormente y las situaciones que est\u00e1 sufriendo ahora tambi\u00e9n. Y adem\u00e1s de eso,&nbsp;encerrada\u201d.<\/p>\n<p>Respecto a la demora en iniciar el juicio, Gabriela nos explic\u00f3 que \u201cMicky cumple dos a\u00f1os privada de su libertad en noviembre. Dos a\u00f1os son el per\u00edodo m\u00e1ximo de tiempo que puede pasar una persona en prisi\u00f3n preventiva sin que se d\u00e9 comienzo al juicio. (\u2026) Ya de por s\u00ed la prisi\u00f3n preventiva sugiere un peligro que realmente no existe, porque se trata de un caso de heridas leves, no es casual que se haya extendido hasta \u00faltimo momento el momento de comenzar con las audiencias\u201d.<\/p>\n<p>Frente a lo cual concluy\u00f3 \u201ceso tambi\u00e9n es un indicador de que a ciertas identidades las tienen adentro presas por ser peligrosas y a otras identidades, como las masculinas hetero cis, no.&nbsp;Tengamos en cuenta que hay un femicidio cada 32 horas, muchos de ellos podr\u00edan haber&nbsp;sido evitados, y en este caso la justicia recae con m\u00e1s fuerzas sobre algunos cuerpos&nbsp;que sobre otros\u201d.<\/p>\n<p>Gabriela aprovech\u00f3 para denunciar que Micky no es el \u00fanico caso de encierro arbitrario en en el penal de Bouwer, el cual se encuentra intervenido antes 14 muertes sin esclarecer. Pero respecto a la situaci\u00f3n particular del encierro de Micky, Gabriela elige no responder: \u201cEn realidad hablar de la situaci\u00f3n particular de Micky en el encierro, como de cualquier persona privada de su libertad, es una tem\u00e1tica que hay que tomar con sumo cuidado porque sabemos que hay muchas de las cosas que nosotres podemos decir afuera desde nuestro privilegio de libertad, que repercuten directamente en el adentro. Lo que s\u00ed sabemos es que hay un grupo de acompa\u00f1amiento que desde un principio est\u00e1 yendo a visitar a Micky a la c\u00e1rcel, debido a que su familia vive en el sur de la Argentina\u201d<\/p>\n<p>Para culminar la comunicaci\u00f3n telef\u00f3nica, agreg\u00f3 Gabriela que est\u00e1n pidiendo \u201cla libertad&nbsp;para Micky, absoluci\u00f3n para Higui y para Mariana G\u00f3mez, y para todos los casos representativos de la desigualdad en t\u00e9rminos judiciales\u201d. Y convoc\u00f3 a seguir acompa\u00f1ando las audiencias.<\/p>\n<p>Segu\u00ed la informaci\u00f3n del juicio en el Facebook Teentiendomickycba<\/p>\n<p>Escuch\u00e1 aqu\u00ed la entrevista completa<\/p>\n<p>&nbsp;<\/p><iframe width=\"100%\" height=\"200\" frameborder=\"0\" allowfullscreen=\"\" scrolling=\"no\" src=\"https:\/\/ar.ivoox.com\/es\/player_ej_41262396_2_1.html?data=lZafmJeXfZehhpywj5aWaZS1kZiah5yncZOhhpywj5WRaZi3jpWah5yncavpysjW0ZDHs8_o08aYr87Hr9qfhpej09rTuIano9PcjcvZqYzc0NLWxc7IrdCf1M7b0ZDFudXjxcrTj4qbh47GwsnW0ZC-uc7WwpDZw5C4udPWwpKSmaiReA..&amp;\"><\/iframe>\n<p>&nbsp;<\/p>\n<p>&nbsp;<\/p>\n<div class='share-to-whatsapp-wrapper'><div class='share-on-whsp'>Share on: <\/div><div class='clear '><\/div><\/div>","protected":false},"excerpt":{"rendered":"<p>Con cambio de car\u00e1tula, volvi\u00f3 a iniciar el juicio de Brenda Barattini. La joven hiri\u00f3 en sus genitales a un hombre que la maltrataba, por lo que est\u00e1 acusada de intento de homicidio. Hace casi dos a\u00f1os que cumple prisi\u00f3n preventiva. A fines de agosto inici\u00f3 el juicio que acusa a Brenda \u201cMicky\u201d Barattini de [&hellip;]<\/p>\n","protected":false},"author":7,"featured_media":7258,"comment_status":"open","ping_status":"open","sticky":false,"template":"","format":"standard","meta":{"footnotes":""},"categories":[18,5],"tags":[908,567,691],"class_list":["post-7255","post","type-post","status-publish","format-standard","has-post-thumbnail","hentry","category-elm","category-transfeminismos","tag-justiciapatriarcal","tag-violencia-de-genero","tag-violencia-machista"],"_links":{"self":[{"href":"https:\/\/zumbalaturba.com.ar\/index.php?rest_route=\/wp\/v2\/posts\/7255","targetHints":{"allow":["GET"]}}],"collection":[{"href":"https:\/\/zumbalaturba.com.ar\/index.php?rest_route=\/wp\/v2\/posts"}],"about":[{"href":"https:\/\/zumbalaturba.com.ar\/index.php?rest_route=\/wp\/v2\/types\/post"}],"author":[{"embeddable":true,"href":"https:\/\/zumbalaturba.com.ar\/index.php?rest_route=\/wp\/v2\/users\/7"}],"replies":[{"embeddable":true,"href":"https:\/\/zumbalaturba.com.ar\/index.php?rest_route=%2Fwp%2Fv2%2Fcomments&post=7255"}],"version-history":[{"count":0,"href":"https:\/\/zumbalaturba.com.ar\/index.php?rest_route=\/wp\/v2\/posts\/7255\/revisions"}],"wp:featuredmedia":[{"embeddable":true,"href":"https:\/\/zumbalaturba.com.ar\/index.php?rest_route=\/wp\/v2\/media\/7258"}],"wp:attachment":[{"href":"https:\/\/zumbalaturba.com.ar\/index.php?rest_route=%2Fwp%2Fv2%2Fmedia&parent=7255"}],"wp:term":[{"taxonomy":"category","embeddable":true,"href":"https:\/\/zumbalaturba.com.ar\/index.php?rest_route=%2Fwp%2Fv2%2Fcategories&post=7255"},{"taxonomy":"post_tag","embeddable":true,"href":"https:\/\/zumbalaturba.com.ar\/index.php?rest_route=%2Fwp%2Fv2%2Ftags&post=7255"}],"curies":[{"name":"wp","href":"https:\/\/api.w.org\/{rel}","templated":true}]}}