{"id":7314,"date":"2019-10-13T00:08:46","date_gmt":"2019-10-13T00:08:46","guid":{"rendered":"https:\/\/zumbalaturba.com.ar\/?p=7314"},"modified":"2019-10-13T18:47:57","modified_gmt":"2019-10-13T18:47:57","slug":"cobertura-colaborativa-del-encuentro-plurinacional-de-mujeres-y-disidencias","status":"publish","type":"post","link":"https:\/\/zumbalaturba.com.ar\/?p=7314","title":{"rendered":"Cobertura Colaborativa del Encuentro Plurinacional de Mujeres y Disidencias"},"content":{"rendered":"\n<p><em>Se esta realizando en la ciudad de La Plata el 34\u00ba Encuentro Plurinacional de Mujeres , Lesbianas , Travestis , Trans , Binaries y No Binaries .Alrrededor de 200 mil personas llegaron a compartir y participar de los talleres , conversatrios , marchas y otras actividades que forman parte del encuentro.Desde Radio Zumba La Turba , les compartimos la produccion del dia sabado de la cobertura colaborativa que hicimos en conjunto con la Red Nacional de Medios Alternativos y Radialistas Feministas.<br \/><\/em><br \/><strong>\u00bfEST\u00c1N A LA ALTURA DE LA MAREA VERDE LOS SINDICATOS?<\/strong><\/p>\n<p>Desde un m\u00f3vil en el Taller de mujeres y trabajo, Pilar de Radio Semilla nos relat\u00f3 lo que estaban discutiendo. All\u00ed compartieron sus experiencia trabajadoras industriales, de la educaci\u00f3n, de call center, de la econom\u00eda popular coincidiendo en \u201cla cantidad de derechos que han ido perdiendo\u201d que nuestra movilera sintetiz\u00f3 como\u201cuna pintura de lo que es el mundo laboral hoy en d\u00eda en t\u00e9rminos de precarizaci\u00f3n\u201d.<br \/>Finalmente -se\u00f1al\u00f3 Pilar- que uno de los t\u00f3picos recurrentes fue que es una gran tarea que tenemos por delante la discusi\u00f3n sobre los sindicatos: \u201cha habido un cierto acuerdo en que los sindicatos as\u00ed como est\u00e1n ahora no sirven&#8221;. Frente a ello, identificaron que &#8220;la marea verde puede ser la que entre y tire las estructuras anquilosadas de los sindicados\u201d<\/p>\n<p><iframe id=\"audio_43006782\" style=\"border: 1px solid #EEE; box-sizing: border-box; width: 100%;\" src=\"https:\/\/ar.ivoox.com\/es\/player_ej_43006782_4_1.html?c1=ff6600\" height=\"200\" frameborder=\"0\" scrolling=\"no\" allowfullscreen=\"allowfullscreen\"><\/iframe><\/p>\n<p><strong>POR PRIMERA VEZ EL TALLER DE MUJERES Y ECOFEMINISMOS<\/strong><\/p>\n<p>Desde el Taller de mujeres y ecofeminismos una compa\u00f1era nos explic\u00f3 que est\u00e1n discutiendo el entrecruzamiento del saqueo, el extractivismo y el patriarcado en la Facultad de Ciencias Agron\u00f3micas.<br \/>\u201cEs la primera vez que se hace este taller, y estamos felices que se haya creado\u201d. Nos explic\u00f3 que est\u00e1n compartiendo las luchas socioambientales y socioterritoriales que llevan adelante, de las resistencias, las batallas ganadas y perdidas. Y c\u00f3mo redoblar el esfuerzo contra el patriarcado y el extractivismo\u201d. Adem\u00e1s, agreg\u00f3 que \u201cestamos discutiendo modelos alternativos de vida, de habitar la tierra\u201d.<\/p>\n<p><iframe id=\"audio_43006777\" style=\"border: 1px solid #EEE; box-sizing: border-box; width: 100%;\" src=\"https:\/\/ar.ivoox.com\/es\/player_ej_43006777_4_1.html?c1=ff6600\" height=\"200\" frameborder=\"0\" scrolling=\"no\" allowfullscreen=\"allowfullscreen\"><\/iframe><\/p>\n<p><strong>EL MOVIMIENTO DE MUJERES IND\u00cdGENAS EXIGI\u00d3 QUE PAREN DE PERSEGUIR A LAS COMUNIDADES<\/strong><\/p>\n<p>Afirman que &#8220;el Ministro del Interior no nos atendi\u00f3 as\u00ed que pasamos todo el mi\u00e9rcoles por la noche esper\u00e1ndolo. Tuvimos que ir hasta la Casa Rosada y le planteamos nuestras demandas: la situaci\u00f3n de persecuci\u00f3n que nuestras comunidades viven (&#8230;) No solamente denunciamos las desapariciones y el hostigamiento, sino del asesinato de nuestros r\u00edos, monta\u00f1as y bosques&#8221; .Tambi\u00e9n comentaron que esta es una exigencia que han mantenido con todos los gobiernos de turno. Finalizaron con el llamado a todas las mujeres y naciones &#8220;es importante que nos unamos, que podamos luchar y pelear por la vida de todes&#8221;.<\/p>\n<p><img fetchpriority=\"high\" decoding=\"async\" class=\"alignnone size-medium wp-image-7328\" src=\"https:\/\/zumbalaturba.com.ar\/wp-content\/uploads\/2019\/10\/photo_2019-10-12_17-24-36-300x198.jpg\" alt=\"\" width=\"300\" height=\"198\" srcset=\"https:\/\/zumbalaturba.com.ar\/wp-content\/uploads\/2019\/10\/photo_2019-10-12_17-24-36-300x198.jpg 300w, https:\/\/zumbalaturba.com.ar\/wp-content\/uploads\/2019\/10\/photo_2019-10-12_17-24-36-768x508.jpg 768w, https:\/\/zumbalaturba.com.ar\/wp-content\/uploads\/2019\/10\/photo_2019-10-12_17-24-36-1024x677.jpg 1024w, https:\/\/zumbalaturba.com.ar\/wp-content\/uploads\/2019\/10\/photo_2019-10-12_17-24-36.jpg 1261w\" sizes=\"(max-width: 300px) 100vw, 300px\" \/><\/p>\n<p><strong>MUJER, RELACI\u00d3N CON EL CUERPO Y POL\u00cdTICA DEL CUERPO<\/strong><\/p>\n<p>Pachi desde el taller de \u201cMujeres, relaci\u00f3n con el cuerpo y pol\u00edtica del cuerpo\u201d nos cont\u00f3 que estaban discutiendo sobre la visi\u00f3n hegem\u00f3nica que atraviesa a los cuerpos femenizados \u201cen relaci\u00f3n a la belleza y el cuerpo de la mujer\u201d. Relata Pachi que se preguntaron \u201ca qui\u00e9n le conviene que la mujer est\u00e9 ocupada en eso, que se sienta fea y gaste plata en eso\u201d y que coincidieron en que \u201ces algo que atraviesa a las mujeres de todas<\/p>\n<p><iframe id=\"audio_43006474\" style=\"border: 1px solid #EEE; box-sizing: border-box; width: 100%;\" src=\"https:\/\/ar.ivoox.com\/es\/player_ej_43006474_4_1.html?c1=ff6600\" height=\"200\" frameborder=\"0\" scrolling=\"no\" allowfullscreen=\"allowfullscreen\"><\/iframe><\/p>\n<p><strong>LA PEATONAL FEMINISTA Y PLURINACIONAL<\/strong><\/p>\n<p>Desde el m\u00f3vil en la \u201cPeatonal feminista\u201d en pleno centro de la ciudad de La Plata, nos relat\u00f3 la diversidad de opciones culinarias, artesan\u00edas y productos de las distintas regiones y organizaciones que \u201ccoparon\u201d la calle, a pesar de la tormenta. A lo largo de la calle 7, entre 50 a 57 se despliega una multitud de puestos de la econom\u00eda popular en \u201cuna verdadera peatonal plurinacional, feminista ypluriorganizacional\u201d<br \/>Cerr\u00f3 el m\u00f3vil afirmando que: \u201cLas ganas de estar no nos la saca ni la lluvia ni los miedos que difunden sobre la seguridad\u201d.<\/p>\n<p><iframe id=\"audio_43006460\" style=\"border: 1px solid #EEE; box-sizing: border-box; width: 100%;\" src=\"https:\/\/ar.ivoox.com\/es\/player_ej_43006460_4_1.html?c1=ff6600\" height=\"200\" frameborder=\"0\" scrolling=\"no\" allowfullscreen=\"allowfullscreen\"><\/iframe><\/p>\n<p><strong>MARCHA CONTRA LOS TRAVESTICIDIOS<\/strong><\/p>\n<p>Hablamos con Canela Gavrila, organizadora del Encontrolazo, durante las marchas putimostri y la marcha contra los travesticidios.La marcha contra travesticidios pas\u00f3 por comisar\u00edas y culmin\u00f3 en la zona roja (1 y 66) puto nodal donde est\u00e1n trabajando las compa\u00f1eras travestis y que es de reivindicaci\u00f3n y lucha para el colectivo<\/p>\n<p><iframe id=\"audio_43006439\" style=\"border: 1px solid #EEE; box-sizing: border-box; width: 100%;\" src=\"https:\/\/ar.ivoox.com\/es\/player_ej_43006439_4_1.html?c1=ff6600\" height=\"200\" frameborder=\"0\" scrolling=\"no\" allowfullscreen=\"allowfullscreen\"><\/iframe><\/p>\n<p><strong><br \/>\u201cEL FEMINISMO CAMBI\u00d3 MI VIDA Y MI MILITANCIA\u201d<\/strong><\/p>\n<p>Viviana Mi\u00f1o, militante feminista popular y secretaria gremial del hospital La matanza de CICOP, en di\u00e1logo con radialistas feministas, cont\u00f3 sobre la situaci\u00f3n de la salud en ese municipio, en los barrios y c\u00f3mo afecta la situaci\u00f3n econ\u00f3mica a la salud de las mujeres. Habl\u00f3 tambi\u00e9n sobre c\u00f3mo abordar la salud integral a partir de la militancia territorial y la educaci\u00f3n, sobre las tareas de cuidado, las violencias y la importancia de lxs trabajadorxs de la salud como garantes del acceso a abortos no punibles<\/p>\n<p><iframe id=\"audio_43018600\" style=\"border: 1px solid #EEE; box-sizing: border-box; width: 100%;\" src=\"https:\/\/ar.ivoox.com\/es\/player_ej_43018600_4_1.html?c1=ff6600\" height=\"200\" frameborder=\"0\" scrolling=\"no\" allowfullscreen=\"allowfullscreen\"><\/iframe><\/p>\n<p><strong>HUMO NEGRO: RADIOTEATRO PIQUETERO Y DISIDENTE<\/strong><\/p>\n<p>Escuchamos el radioteatro de la compa\u00f1\u00eda Humo negro: teatro popular que nace desde la lucha en la calle. Arte autogestivo e independiente que habita espacios contrahegem\u00f3nicos que describieron un quehacer donde \u201cTodo lo que pensamos es de manera colectiva\u201d<\/p>\n<p><iframe id=\"audio_43006435\" style=\"border: 1px solid #EEE; box-sizing: border-box; width: 100%;\" src=\"https:\/\/ar.ivoox.com\/es\/player_ej_43006435_4_1.html?c1=ff6600\" height=\"200\" frameborder=\"0\" scrolling=\"no\" allowfullscreen=\"allowfullscreen\"><\/iframe><\/p>\n<p><strong>ECONOM\u00cdA FEMINISTA<\/strong><\/p>\n<p>Maju Elisoff y Tefi Becerra de la Sociedad de Econom\u00eda Cr\u00edtica hablaron sobre la necesidad de repensar la idea trabajo. Piensan desde la econom\u00eda feminista cuestiones que escapan a los n\u00fameros y que permitan repensar lo econ\u00f3mico de manera integrada.<br \/>\u201cEl trabajo no es solamente lo que se hace para el mercado, sino que tambi\u00e9n son las tareas de trabajo dom\u00e9stico que realizan las mujeres, que le dedican el doble de cantidad de horas de las tareas de cuidado que los varones, y eso repercute en el mercado de trabajo formal \u2018mercantilizado\u2019, lo que la econom\u00eda entiende que es trabajo\u201d.<\/p>\n<p><iframe id=\"audio_43006422\" style=\"border: 1px solid #EEE; box-sizing: border-box; width: 100%;\" src=\"https:\/\/ar.ivoox.com\/es\/player_ej_43006422_4_1.html?c1=ff6600\" height=\"200\" frameborder=\"0\" scrolling=\"no\" allowfullscreen=\"allowfullscreen\"><\/iframe><\/p>\n<p><strong>LA CORSADERA: EL PRIMER CORSO FEMINISTA<\/strong><\/p>\n<p>Es la primera vez que se organiza un gran corso feminista a nivel nacional y en el marco del Encuentro. Est\u00e1 conformado por murgueres, batuqueres, tangueres y candomberes. Hablamos con Anah\u00ed Galici, integrante de la corsadera: &#8220;somos colectivas que habitamos la calle, el escenario es la calle (&#8230;) el arte es nuestra voz, nuestra herramienta de lucha, es nuestra liberaci\u00f3n&#8221;<\/p>\n<p><iframe id=\"audio_43018419\" style=\"border: 1px solid #EEE; box-sizing: border-box; width: 100%;\" src=\"https:\/\/ar.ivoox.com\/es\/player_ej_43018419_4_1.html?c1=ff6600\" height=\"200\" frameborder=\"0\" scrolling=\"no\" allowfullscreen=\"allowfullscreen\"><\/iframe><\/p>\n<p><strong>ENCONTROLAZO ES LA SEDE DE LA MOSTREADA<\/strong><\/p>\n<p>Conversamos con Mane, peluquera y participante de C\u00f3smico, galer\u00eda marica, mostri y LGTB que aloja a artistas que se autoconvocan. Debido a la lluvia, las actividades en el marco del Encontrolazo Disidente se reprogramaron. De todas maneras, la marcha putimostri parte desde 1 y 64 a las 17 horas y culmina con un festival en el Centro Cultural Olga V\u00e1zquez, en calle 60 entre 10 y 11, a las 19 horas.<\/p>\n<p><iframe id=\"audio_43018493\" style=\"border: 1px solid #EEE; box-sizing: border-box; width: 100%;\" src=\"https:\/\/ar.ivoox.com\/es\/player_ej_43018493_4_1.html?c1=ff6600\" height=\"200\" frameborder=\"0\" scrolling=\"no\" allowfullscreen=\"allowfullscreen\"><\/iframe><\/p>\n<p><strong>RESISTENCIA DEL FEMINISMO KURDO<\/strong><\/p>\n<p>En medio de la ofensiva turca, las mujeres kurdas siguen resistiendo contra el patriarcado, el capitalismo, el Estado y el saqueo: \u201chasta que no quede enemigo al que enfrentarse\u201d.<br \/>Compartieron sus experiencias de lucha en el conversatorio que se llev\u00f3 a cabo en el Centro Social y Cultural Olga Vazquez.<\/p>\n<p><iframe id=\"audio_43007250\" style=\"border: 1px solid #EEE; box-sizing: border-box; width: 100%;\" src=\"https:\/\/ar.ivoox.com\/es\/player_ej_43007250_4_1.html?c1=ff6600\" height=\"200\" frameborder=\"0\" scrolling=\"no\" allowfullscreen=\"allowfullscreen\"><\/iframe><\/p>\n<p>#34EPMLTTBNB #SomosPlurinacional #DiversesyPlurinacionales<\/p>\n<p><br \/><br \/><\/p>\n<div class='share-to-whatsapp-wrapper'><div class='share-on-whsp'>Share on: <\/div><div class='clear '><\/div><\/div>","protected":false},"excerpt":{"rendered":"<p>Se esta realizando en la ciudad de La Plata el 34\u00ba Encuentro Plurinacional de Mujeres , Lesbianas , Travestis , Trans , Binaries y No Binaries .Alrrededor de 200 mil personas llegaron a compartir y participar de los talleres , conversatrios , marchas y otras actividades que forman parte del encuentro.Desde Radio Zumba La Turba [&hellip;]<\/p>\n","protected":false},"author":35,"featured_media":7331,"comment_status":"open","ping_status":"open","sticky":false,"template":"","format":"standard","meta":{"footnotes":""},"categories":[38,37,239,42,5],"tags":[1132,1135,1129,221,425,400,335,1092,436,1126,1102,1136,665,1133,1134],"class_list":["post-7314","post","type-post","status-publish","format-standard","has-post-thumbnail","hentry","category-anticarcelario-antrepresivo","category-arte-cultura","category-cbatransmisiones-dela-rnma","category-pueblosoriginarios","category-transfeminismos","tag-coberturacolaborativa","tag-diversesyplurinacionales","tag-ecofeminismos","tag-economia","tag-entrevistas","tag-feminismo","tag-generos","tag-indigenas","tag-kurdistan","tag-laplata","tag-plurinacional","tag-radialistasfeministas","tag-sindicatos","tag-somosplurinacional","tag-territorioquerandi"],"_links":{"self":[{"href":"https:\/\/zumbalaturba.com.ar\/index.php?rest_route=\/wp\/v2\/posts\/7314","targetHints":{"allow":["GET"]}}],"collection":[{"href":"https:\/\/zumbalaturba.com.ar\/index.php?rest_route=\/wp\/v2\/posts"}],"about":[{"href":"https:\/\/zumbalaturba.com.ar\/index.php?rest_route=\/wp\/v2\/types\/post"}],"author":[{"embeddable":true,"href":"https:\/\/zumbalaturba.com.ar\/index.php?rest_route=\/wp\/v2\/users\/35"}],"replies":[{"embeddable":true,"href":"https:\/\/zumbalaturba.com.ar\/index.php?rest_route=%2Fwp%2Fv2%2Fcomments&post=7314"}],"version-history":[{"count":0,"href":"https:\/\/zumbalaturba.com.ar\/index.php?rest_route=\/wp\/v2\/posts\/7314\/revisions"}],"wp:featuredmedia":[{"embeddable":true,"href":"https:\/\/zumbalaturba.com.ar\/index.php?rest_route=\/wp\/v2\/media\/7331"}],"wp:attachment":[{"href":"https:\/\/zumbalaturba.com.ar\/index.php?rest_route=%2Fwp%2Fv2%2Fmedia&parent=7314"}],"wp:term":[{"taxonomy":"category","embeddable":true,"href":"https:\/\/zumbalaturba.com.ar\/index.php?rest_route=%2Fwp%2Fv2%2Fcategories&post=7314"},{"taxonomy":"post_tag","embeddable":true,"href":"https:\/\/zumbalaturba.com.ar\/index.php?rest_route=%2Fwp%2Fv2%2Ftags&post=7314"}],"curies":[{"name":"wp","href":"https:\/\/api.w.org\/{rel}","templated":true}]}}