{"id":7336,"date":"2019-10-19T00:50:29","date_gmt":"2019-10-19T03:50:29","guid":{"rendered":"https:\/\/zumbalaturba.com.ar\/?p=7336"},"modified":"2023-07-22T17:48:31","modified_gmt":"2023-07-22T20:48:31","slug":"cordoba-endeuda-y-devaluada","status":"publish","type":"post","link":"https:\/\/zumbalaturba.com.ar\/?p=7336","title":{"rendered":"C\u00f3rdoba: Endeuda y devaluada"},"content":{"rendered":"\n<p>En el quinto bloque del Enredando las ma\u00f1anas nos contactamos con Gonzalo Avila del Observatorio de Trabajo, Econom\u00eda y Sociedad (OTES) que nos presenta el \u00faltimo Informe que realizaron titulado \u201cDeuda p\u00fablica de la provincia de C\u00f3rdoba y devaluaci\u00f3n\u201d. <br>El experto nos explic\u00f3 que,en el estudio analizaron una serie de indicadores referidos al estado de la deuda p\u00fablica de la provincia, que en un contexto de aumentos continuos del tipo de cambio les permiti\u00f3 identificar que la deuda provincial s\u00f3lo para el a\u00f1o 2019 aument\u00f3 en $7 mil millones.Lo que los economistas pudieron determinar como causa la devaluaci\u00f3n que sufri\u00f3 el pa\u00eds , en agosto despu\u00e9s de las elecciones PASO . Adem\u00e1s estimaron que estas cifras son equivalente al presupuesto de del Ministerio de Desarrollo Social o el de la Secretaria de equidad y promoci\u00f3n del empleo de la provincia de C\u00f3rdoba<br>Con este informe , obtenemos como resultado que&nbsp; en tres a\u00f1os y medio, la provincia de increment\u00f3 su deuda p\u00fablica en un 700 %. As\u00ed mismo, con la devaluaci\u00f3n desde enero a septiembre de 2019, los vencimientos de los servicios de la deuda se vieron incrementados en m\u00e1s de $ 43 mil millones para los pr\u00f3ximos 4 a\u00f1os.<\/p>\n<p>&nbsp;<\/p>\n<p><iframe id=\"audio_43267037\" style=\"border: 1px solid #EEE; box-sizing: border-box; width: 100%;\" src=\"https:\/\/ar.ivoox.com\/es\/player_ej_43267037_4_1.html?c1=ff6600\" scrolling=\"no\" allowfullscreen=\"allowfullscreen\" height=\"200\" frameborder=\"0\"><\/iframe><\/p>\n<div class='share-to-whatsapp-wrapper'><div class='share-on-whsp'>Share on: <\/div><div class='clear '><\/div><\/div>","protected":false},"excerpt":{"rendered":"<p>En el quinto bloque del Enredando las ma\u00f1anas nos contactamos con Gonzalo Avila del Observatorio de Trabajo, Econom\u00eda y Sociedad (OTES) que nos presenta el \u00faltimo Informe que realizaron titulado \u201cDeuda p\u00fablica de la provincia de C\u00f3rdoba y devaluaci\u00f3n\u201d. El experto nos explic\u00f3 que,en el estudio analizaron una serie de indicadores referidos al estado de [&hellip;]<\/p>\n","protected":false},"author":7,"featured_media":7337,"comment_status":"open","ping_status":"open","sticky":false,"template":"","format":"standard","meta":{"footnotes":""},"categories":[18,15],"tags":[],"class_list":["post-7336","post","type-post","status-publish","format-standard","has-post-thumbnail","hentry","category-elm","category-la-zumba"],"_links":{"self":[{"href":"https:\/\/zumbalaturba.com.ar\/index.php?rest_route=\/wp\/v2\/posts\/7336","targetHints":{"allow":["GET"]}}],"collection":[{"href":"https:\/\/zumbalaturba.com.ar\/index.php?rest_route=\/wp\/v2\/posts"}],"about":[{"href":"https:\/\/zumbalaturba.com.ar\/index.php?rest_route=\/wp\/v2\/types\/post"}],"author":[{"embeddable":true,"href":"https:\/\/zumbalaturba.com.ar\/index.php?rest_route=\/wp\/v2\/users\/7"}],"replies":[{"embeddable":true,"href":"https:\/\/zumbalaturba.com.ar\/index.php?rest_route=%2Fwp%2Fv2%2Fcomments&post=7336"}],"version-history":[{"count":0,"href":"https:\/\/zumbalaturba.com.ar\/index.php?rest_route=\/wp\/v2\/posts\/7336\/revisions"}],"wp:featuredmedia":[{"embeddable":true,"href":"https:\/\/zumbalaturba.com.ar\/index.php?rest_route=\/wp\/v2\/media\/7337"}],"wp:attachment":[{"href":"https:\/\/zumbalaturba.com.ar\/index.php?rest_route=%2Fwp%2Fv2%2Fmedia&parent=7336"}],"wp:term":[{"taxonomy":"category","embeddable":true,"href":"https:\/\/zumbalaturba.com.ar\/index.php?rest_route=%2Fwp%2Fv2%2Fcategories&post=7336"},{"taxonomy":"post_tag","embeddable":true,"href":"https:\/\/zumbalaturba.com.ar\/index.php?rest_route=%2Fwp%2Fv2%2Ftags&post=7336"}],"curies":[{"name":"wp","href":"https:\/\/api.w.org\/{rel}","templated":true}]}}