{"id":7340,"date":"2019-10-19T01:02:07","date_gmt":"2019-10-19T04:02:07","guid":{"rendered":"https:\/\/zumbalaturba.com.ar\/?p=7340"},"modified":"2023-07-22T17:48:19","modified_gmt":"2023-07-22T20:48:19","slug":"frente-a-los-muros-y-el-abandono-puentes-hacia-la-comunidad","status":"publish","type":"post","link":"https:\/\/zumbalaturba.com.ar\/?p=7340","title":{"rendered":"\u00a1Frente a los muros y el abandono, puentes hacia la comunidad!"},"content":{"rendered":"\n<p>En el cuarto bloque del Enredando las ma\u00f1anas conversamos con Adriana de la Asociaci\u00f3n Civil Abracadabra del Hospital Neuropsiqui\u00e1trico provincial de C\u00f3rdoba sobre la 6ta Marcha por el Derecho a la Salud Mental bajo el lema &#8220;\u00a1Frente a los muros y el abandono, puentes hacia la comunidad!&#8221;, que tendr\u00e1 lugar el viernes 18 de octubre a las 17 hs. desde Col\u00f3n y Ca\u00f1ada partir\u00e1 en la capital cordobesa.<br>La convocatoria surge de un trabajo colectivo de 50 organizaciones de usuarios de salud mental y familiares, organizaciones sociales, de derechos humanos, de trabajadores, profesionales y estudiantes, los cuales desde hace seis a\u00f1os exigen pol\u00edticas p\u00fablicas que expresen la vigencia plena de la Ley Provincial y Nacional de Salud Mental.<br>Nos explic\u00f3 Adriana que este a\u00f1o es un eje principal la preocupaci\u00f3n porque \u201cestamos a pocos meses de que se cumpla el plazo que establece la ley para transformar el sistema de salud mental para brindar un abordaje accesible, integral, interdisciplinario\u201d.<br>\u201cLa ley nacional de salud mental prev\u00e9 que para el 2020 deber\u00edan cerrarse los manicomios para dar lugar a su sustituci\u00f3n a trav\u00e9s de una red comunitaria de dispositivos desde un nivel de APS -Atenci\u00f3n Primaria de Salud &#8211; as\u00ed como dispositivos intermedios hasta la internaci\u00f3n\u201d, contin\u00fao desarrollando la entrevistada. Esta \u00faltima, establece la ley que debe realizarse en un hospital general y debe ser considerado como un \u201c\u00faltimo recurso\u201d. No obstante en los hospitales generales a\u00fan existe mucha resistencia a garantizar los derechos de las personas usuarias de salud mental y \u201ca un abordaje distinto a la hist\u00f3rica manicomializaci\u00f3n\u201d. En cuanto al proceso de externalizaci\u00f3n relata Adriana que deber\u00eda desarrollarse trav\u00e9s de programas sociales de inclusi\u00f3n y el APS.<br>Como balance, Adriana rescata que \u201cse han hecho algunos avances, que no son suficientes por supuesto, en relaci\u00f3n a la organizaci\u00f3n de usuarios y la comunidad\u201d. No obstante, sostiene que \u201cla inversi\u00f3n en recursos humanos, que es nuestra principal herramienta, es donde no se ha dispuesto los recursos. Principalmente los recursos humanos formados. Por ejemplo, en Oliva -localidad del interior provincial conocida por su importante nosocomio de salud mental- se dice que hay una gran transformaci\u00f3n. Pero por lo que conocemos las externaciones han sido exclusivas dejando a las personas en una situaci\u00f3n de mayor vulnerabilidad. Ha habido m\u00e1s achicamiento que transformaci\u00f3n del sistema. Lo cual vuelve a poner a las personas con padecimiento ps\u00edquico en una situaci\u00f3n de extrema vulnerabilidad sumado al contexto actual. Hay muchos dispositivos que vienen funcionando, hay que fortalecerlos, hay que crear m\u00e1s y hay que acompa\u00f1ar esto en el \u00e1mbito privado. Hay una falta de inversi\u00f3n en presupuesto\u201d.<br>Finalmente Adriana cerr\u00f3 la entrevista, convocando a la marcha del pr\u00f3ximo viernes afirmando que \u201chay muchas cosas para hacer, desaf\u00edos pendientes pero creemos que la salida es colectiva. Apostando a un trabajo en red\u201d.<\/p>\n<p>&nbsp;<\/p>\n<p><iframe id=\"audio_43267179\" style=\"border: 1px solid #EEE; box-sizing: border-box; width: 100%;\" src=\"https:\/\/ar.ivoox.com\/es\/player_ej_43267179_4_1.html?c1=ff6600\" scrolling=\"no\" allowfullscreen=\"allowfullscreen\" height=\"200\" frameborder=\"0\"><\/iframe><\/p>\n<div class='share-to-whatsapp-wrapper'><div class='share-on-whsp'>Share on: <\/div><div class='clear '><\/div><\/div>","protected":false},"excerpt":{"rendered":"<p>En el cuarto bloque del Enredando las ma\u00f1anas conversamos con Adriana de la Asociaci\u00f3n Civil Abracadabra del Hospital Neuropsiqui\u00e1trico provincial de C\u00f3rdoba sobre la 6ta Marcha por el Derecho a la Salud Mental bajo el lema &#8220;\u00a1Frente a los muros y el abandono, puentes hacia la comunidad!&#8221;, que tendr\u00e1 lugar el viernes 18 de octubre [&hellip;]<\/p>\n","protected":false},"author":7,"featured_media":7341,"comment_status":"open","ping_status":"open","sticky":false,"template":"","format":"standard","meta":{"footnotes":""},"categories":[38,18,268,263,1237],"tags":[],"class_list":["post-7340","post","type-post","status-publish","format-standard","has-post-thumbnail","hentry","category-anticarcelario-antrepresivo","category-elm","category-especial","category-la-chispa","category-salud-mental"],"_links":{"self":[{"href":"https:\/\/zumbalaturba.com.ar\/index.php?rest_route=\/wp\/v2\/posts\/7340","targetHints":{"allow":["GET"]}}],"collection":[{"href":"https:\/\/zumbalaturba.com.ar\/index.php?rest_route=\/wp\/v2\/posts"}],"about":[{"href":"https:\/\/zumbalaturba.com.ar\/index.php?rest_route=\/wp\/v2\/types\/post"}],"author":[{"embeddable":true,"href":"https:\/\/zumbalaturba.com.ar\/index.php?rest_route=\/wp\/v2\/users\/7"}],"replies":[{"embeddable":true,"href":"https:\/\/zumbalaturba.com.ar\/index.php?rest_route=%2Fwp%2Fv2%2Fcomments&post=7340"}],"version-history":[{"count":0,"href":"https:\/\/zumbalaturba.com.ar\/index.php?rest_route=\/wp\/v2\/posts\/7340\/revisions"}],"wp:featuredmedia":[{"embeddable":true,"href":"https:\/\/zumbalaturba.com.ar\/index.php?rest_route=\/wp\/v2\/media\/7341"}],"wp:attachment":[{"href":"https:\/\/zumbalaturba.com.ar\/index.php?rest_route=%2Fwp%2Fv2%2Fmedia&parent=7340"}],"wp:term":[{"taxonomy":"category","embeddable":true,"href":"https:\/\/zumbalaturba.com.ar\/index.php?rest_route=%2Fwp%2Fv2%2Fcategories&post=7340"},{"taxonomy":"post_tag","embeddable":true,"href":"https:\/\/zumbalaturba.com.ar\/index.php?rest_route=%2Fwp%2Fv2%2Ftags&post=7340"}],"curies":[{"name":"wp","href":"https:\/\/api.w.org\/{rel}","templated":true}]}}