{"id":7346,"date":"2019-10-25T19:08:14","date_gmt":"2019-10-25T22:08:14","guid":{"rendered":"https:\/\/zumbalaturba.com.ar\/?p=7346"},"modified":"2023-07-22T17:47:45","modified_gmt":"2023-07-22T20:47:45","slug":"10-anos-sin-yamila-el-estado-es-responsable-de-las-desaparecidas-en-democracia","status":"publish","type":"post","link":"https:\/\/zumbalaturba.com.ar\/?p=7346","title":{"rendered":"10 a\u00f1os sin Yamila: \u201cEl Estado es responsable de las desaparecidas en democracia\u201d"},"content":{"rendered":"\n<p><span style=\"font-weight: 400;\">En el cuarto bloque del Enredando las Ma\u00f1anas de este mi\u00e9rcoles 23 de octubre, nos visit\u00f3 en el estudio <\/span><b>Soledad Cuello<\/b><span style=\"font-weight: 400;\">, para invitarnos a participar de la movilizaci\u00f3n a 10 a\u00f1os de la desaparici\u00f3n de su hermana, la joven Yamila Cuello en la ciudad de C\u00f3rdoba. Desde la coordinadora por la aparici\u00f3n con vida de Yamila Cuello convocan a una <\/span><b>marcha desde Col\u00f3n y Ca\u00f1ada el pr\u00f3ximo viernes 25 de octubre<\/b><span style=\"font-weight: 400;\">.<\/span><\/p>\n\n<p><iframe id='audio_43477382' frameborder='0' allowfullscreen='' scrolling='no' height='200' style='border:1px solid #EEE; box-sizing:border-box; width:100%;' src=\"https:\/\/ar.ivoox.com\/es\/player_ej_43477382_4_1.html?c1=ff6600\"><\/iframe>\u00a0<\/p>\n\n<p><span style=\"font-weight: 400;\">Yamila desapareci\u00f3 en 2009 en barrio Coronel Olmedo, ubicado en C\u00f3rdoba capital, cuando iba a encontrarse con amigxs. Soledad nos relat\u00f3 el camino que tuvieron que transitar en la b\u00fasqueda de Yamila, ante una Justicia patriarcal y que desoy\u00f3 el relato de la familia sobre la violencia de g\u00e9nero que sufr\u00eda la v\u00edctima por parte de su ex pareja, que incluy\u00f3 lleg\u00f3 a prostituirla.<\/span><\/p>\n<p><span style=\"font-weight: 400;\">Sin avances en la causa durante los \u00faltimos 10 a\u00f1os que en la actualidad est\u00e1 en manos del fiscal federal Enrique Senestrari y el juez federal Bustos Fierro, la car\u00e1tula es posible trata de personas. Es por ello que la marcha por las calles de C\u00f3rdoba ser\u00e1 bajo el lema <\/span><b>\u201cEl Estado es responsable de las desaparecidas en democracia\u201d<\/b><span style=\"font-weight: 400;\">, y participar\u00e1n tambi\u00e9n familiares de otras mujeres desaparecidas en la provincia, como de Delia Ger\u00f3nimo Polijo y de Silvia Gallardo. Cabe se\u00f1alar que la causa por la desaparici\u00f3n de Yamila es la \u00fanica en C\u00f3rdoba bajo la figura de presunta trata de personas.<\/span><\/p>\n<div class='share-to-whatsapp-wrapper'><div class='share-on-whsp'>Share on: <\/div><div class='clear '><\/div><\/div>","protected":false},"excerpt":{"rendered":"<p>En el cuarto bloque del Enredando las Ma\u00f1anas de este mi\u00e9rcoles 23 de octubre, nos visit\u00f3 en el estudio Soledad Cuello, para invitarnos a participar de la movilizaci\u00f3n a 10 a\u00f1os de la desaparici\u00f3n de su hermana, la joven Yamila Cuello en la ciudad de C\u00f3rdoba. Desde la coordinadora por la aparici\u00f3n con vida de [&hellip;]<\/p>\n","protected":false},"author":6,"featured_media":7348,"comment_status":"open","ping_status":"open","sticky":false,"template":"","format":"standard","meta":{"footnotes":""},"categories":[38,18,5],"tags":[7,335,100,691,99],"class_list":["post-7346","post","type-post","status-publish","format-standard","has-post-thumbnail","hentry","category-anticarcelario-antrepresivo","category-elm","category-transfeminismos","tag-feminismos","tag-generos","tag-trata","tag-violencia-machista","tag-yamila-cuello"],"_links":{"self":[{"href":"https:\/\/zumbalaturba.com.ar\/index.php?rest_route=\/wp\/v2\/posts\/7346","targetHints":{"allow":["GET"]}}],"collection":[{"href":"https:\/\/zumbalaturba.com.ar\/index.php?rest_route=\/wp\/v2\/posts"}],"about":[{"href":"https:\/\/zumbalaturba.com.ar\/index.php?rest_route=\/wp\/v2\/types\/post"}],"author":[{"embeddable":true,"href":"https:\/\/zumbalaturba.com.ar\/index.php?rest_route=\/wp\/v2\/users\/6"}],"replies":[{"embeddable":true,"href":"https:\/\/zumbalaturba.com.ar\/index.php?rest_route=%2Fwp%2Fv2%2Fcomments&post=7346"}],"version-history":[{"count":0,"href":"https:\/\/zumbalaturba.com.ar\/index.php?rest_route=\/wp\/v2\/posts\/7346\/revisions"}],"wp:featuredmedia":[{"embeddable":true,"href":"https:\/\/zumbalaturba.com.ar\/index.php?rest_route=\/wp\/v2\/media\/7348"}],"wp:attachment":[{"href":"https:\/\/zumbalaturba.com.ar\/index.php?rest_route=%2Fwp%2Fv2%2Fmedia&parent=7346"}],"wp:term":[{"taxonomy":"category","embeddable":true,"href":"https:\/\/zumbalaturba.com.ar\/index.php?rest_route=%2Fwp%2Fv2%2Fcategories&post=7346"},{"taxonomy":"post_tag","embeddable":true,"href":"https:\/\/zumbalaturba.com.ar\/index.php?rest_route=%2Fwp%2Fv2%2Ftags&post=7346"}],"curies":[{"name":"wp","href":"https:\/\/api.w.org\/{rel}","templated":true}]}}