{"id":7349,"date":"2019-10-25T19:20:42","date_gmt":"2019-10-25T19:20:42","guid":{"rendered":"https:\/\/zumbalaturba.com.ar\/?p=7349"},"modified":"2019-10-25T19:20:43","modified_gmt":"2019-10-25T19:20:43","slug":"chile-no-son-30-pesos-son-30-anos","status":"publish","type":"post","link":"https:\/\/zumbalaturba.com.ar\/?p=7349","title":{"rendered":"Chile \u201cno son 30 pesos, son 30 a\u00f1os\u201d"},"content":{"rendered":"\n<p><strong>Columna de actualidad latinoamericana: Chile\/Bolivia\/Uruguay<\/strong><\/p>\n<p><span style=\"font-weight: 400;\">En el primer bloque del Enredando las Ma\u00f1anas del 25 de octubre contamos con la columna de realidad latinoamericana de <strong>Gerardo, integrante de Radionauta<\/strong>, que realiz\u00f3 una repaso sobre la coyuntura de <strong>Chile, Bolivia y Uruguay<\/strong>.<\/span><\/p>\n<p><iframe id='audio_43477515' frameborder='0' allowfullscreen='' scrolling='no' height='200' style='border:1px solid #EEE; box-sizing:border-box; width:100%;' src=\"https:\/\/ar.ivoox.com\/es\/player_ej_43477515_4_1.html?c1=ff6600\"><\/iframe>\u00a0<\/p>\n<p><span style=\"font-weight: 400;\">Empez\u00f3 marcando que en Chile \u201c<em>no son 30 pesos, son 30 a\u00f1os<\/em>\u201d recuperando la frase que sintetiza que el aumento del boleto del subterr\u00e1neo \u201c<em>fue la gota que rebals\u00f3 el vaso<\/em>\u201d. La revuelta popular comenz\u00f3 con lxs estudiantes saltando los molinetes del subte como medio de protesta. Explica Gerardo que fue una se\u00f1al de hast\u00edo ante un modelo de pa\u00eds neoliberal de \u201c<em>fuerte desigualdad junto a la privatizaci\u00f3n de todo: la salud, educaci\u00f3n, jubilaciones<\/em>\u201d. Comparativamente -agreg\u00f3 Gerardo- las familias cobran un salario promedio de u$400 cuando el costo de vida es de u$600 de ah\u00ed que \u201c<em>las familias viven endeudadas<\/em>\u201d.<\/span><\/p>\n<p><span style=\"font-weight: 400;\">Respecto a las <strong>elecciones presidenciales en Bolivia<\/strong>, en estos momentos atraviesa al estado plurinacional la incertidumbre y creciente tensi\u00f3n. Sin que a\u00fan se termine el conteo definitivo, el candidato de la derecha boliviana sali\u00f3 r\u00e1pido a anunciar que iban a segunda vuelta, al mismo tiempo que otros medios cercano al gobierno de Evo anunciaron que hab\u00eda ganado en primera vuelta. Frente a lo cual, Gerardo plante\u00f3 que apelemos \u201c<em>a la rigurosidad period\u00edstica<\/em>\u201d.<\/span><\/p>\n<p><span style=\"font-weight: 400;\">Finalmente coment\u00f3 que el pr\u00f3ximo fin de semana ser\u00e1n las <strong>elecciones en Uruguay<\/strong>, donde los dos candidatos favoritos a la presidencia son Daniel Mart\u00ednez del Frente Amplio que intentar\u00e1 la 4ta reelecci\u00f3n pero el candidato de derecha del Partido Nacional, Lacalle Pou, podr\u00eda llevarlo a un ballotage.<\/span><\/p>\n<div class='share-to-whatsapp-wrapper'><div class='share-on-whsp'>Share on: <\/div><div class='clear '><\/div><\/div>","protected":false},"excerpt":{"rendered":"<p>Columna de actualidad latinoamericana: Chile\/Bolivia\/Uruguay En el primer bloque del Enredando las Ma\u00f1anas del 25 de octubre contamos con la columna de realidad latinoamericana de Gerardo, integrante de Radionauta, que realiz\u00f3 una repaso sobre la coyuntura de Chile, Bolivia y Uruguay. \u00a0 Empez\u00f3 marcando que en Chile \u201cno son 30 pesos, son 30 a\u00f1os\u201d recuperando [&hellip;]<\/p>\n","protected":false},"author":6,"featured_media":7350,"comment_status":"open","ping_status":"open","sticky":false,"template":"","format":"standard","meta":{"footnotes":""},"categories":[18],"tags":[23,1138,22,1137,821],"class_list":["post-7349","post","type-post","status-publish","format-standard","has-post-thumbnail","hentry","category-elm","tag-abya-yala","tag-bolivia","tag-chile","tag-latinoamerica","tag-uruguay"],"_links":{"self":[{"href":"https:\/\/zumbalaturba.com.ar\/index.php?rest_route=\/wp\/v2\/posts\/7349","targetHints":{"allow":["GET"]}}],"collection":[{"href":"https:\/\/zumbalaturba.com.ar\/index.php?rest_route=\/wp\/v2\/posts"}],"about":[{"href":"https:\/\/zumbalaturba.com.ar\/index.php?rest_route=\/wp\/v2\/types\/post"}],"author":[{"embeddable":true,"href":"https:\/\/zumbalaturba.com.ar\/index.php?rest_route=\/wp\/v2\/users\/6"}],"replies":[{"embeddable":true,"href":"https:\/\/zumbalaturba.com.ar\/index.php?rest_route=%2Fwp%2Fv2%2Fcomments&post=7349"}],"version-history":[{"count":0,"href":"https:\/\/zumbalaturba.com.ar\/index.php?rest_route=\/wp\/v2\/posts\/7349\/revisions"}],"wp:featuredmedia":[{"embeddable":true,"href":"https:\/\/zumbalaturba.com.ar\/index.php?rest_route=\/wp\/v2\/media\/7350"}],"wp:attachment":[{"href":"https:\/\/zumbalaturba.com.ar\/index.php?rest_route=%2Fwp%2Fv2%2Fmedia&parent=7349"}],"wp:term":[{"taxonomy":"category","embeddable":true,"href":"https:\/\/zumbalaturba.com.ar\/index.php?rest_route=%2Fwp%2Fv2%2Fcategories&post=7349"},{"taxonomy":"post_tag","embeddable":true,"href":"https:\/\/zumbalaturba.com.ar\/index.php?rest_route=%2Fwp%2Fv2%2Ftags&post=7349"}],"curies":[{"name":"wp","href":"https:\/\/api.w.org\/{rel}","templated":true}]}}