{"id":7358,"date":"2019-11-03T16:23:20","date_gmt":"2019-11-03T19:23:20","guid":{"rendered":"https:\/\/zumbalaturba.com.ar\/?p=7358"},"modified":"2023-07-22T19:25:12","modified_gmt":"2023-07-22T22:25:12","slug":"verdades-de-la-realidad-latinoamericana","status":"publish","type":"post","link":"https:\/\/zumbalaturba.com.ar\/?p=7358","title":{"rendered":"Verdades de la realidad Latinoamericana"},"content":{"rendered":"\n<p>&nbsp;<\/p>\n<p><em>En una nueva emisi\u00f3n de Enredando Las Ma\u00f1anas,el programa informativo de la Red Nacional de Medios Alternativos , nos pusimos en comunicaci\u00f3n con Gerardo integrante&nbsp; de Radionauta . Con quien realizamos un breve an\u00e1lisis y repaso por la realidad que atraviesa nuestro continente .<\/em><br><br><span style=\"color: #000000;\">Despu\u00e9s de semanas de conflicto,Chile sigue siendo el proceso activo m\u00e1s visible por la determinaci\u00f3n del pueblo en la calle pero tambi\u00e9n por las respuestas &#8220;salvajemente represivas&#8221; que ya dej\u00f3 un saldo 20 mil heridos, 130 desaparecidxs, 19 denuncias de abuso sexual y seg\u00fan los datos oficiales 20 muertes.<\/span><br><span style=\"color: #000000;\">Gerardo remarc\u00f3 que esto se da en un panorama incierto de cu\u00e1l ser\u00e1 la continuidad y&nbsp; desenlace del proceso de revuelta chileno que se\u00f1ala un claro hast\u00edo y hartazgo con las pol\u00edticas neoliberales. <\/span><br><span style=\"color: #000000;\">Cruzamos el R\u00edo de la Plata y nos fuimos a el vecino pa\u00eds de Uruguay ,donde se han realizado las elecciones generales a presidentes y fue electo por el 39,9% de los votos el&nbsp; Frente Amplio,donde confluyen partidos de Izquierda hist\u00f3ricos Uruguayos . El escrutinio finaliz\u00f3 con una diferencia de entre 8 y 9 puntos por lo cual el pr\u00f3ximo 24 de noviembre se ir\u00e1 a ballotage con el segundo favorito, Luis Lacalle Pou del Partido Nacional, representante de los sectores m\u00e1s conservadores . \u00c9ste \u00faltimo competir\u00e1 contra Daniel Mart\u00ednez&nbsp; , con el apoyo de la tercera fuerza,El Colorado,un partido que ha sido hist\u00f3ricamente del estado y quien ahora representa el economista neoliberal , Ernesto Talv . Por la cuarta fuerza est\u00e1 el ex comandante en jefe del ej\u00e9rcito Guido Manini R\u00edos , que obtuvo el 10,7 por ciento y estiman que esos votos computar\u00e1n al Partido nacional .&nbsp; <\/span><br><span style=\"color: #000000;\">Finalmente,&nbsp; cerramos la columna comentando la noticia de que citaron a declarar al presidente de Brasil, Jair Bolsonaro, por su presunto involucramiento en el crimen de Marielle Franco, la concejala de R\u00edo de Janeiro asesinada el a\u00f1o pasado. En un programa television&nbsp; de la capital carioca , se conoci\u00f3 un informe que dio cuenta que en el condominio de Barra da Tijuca, donde est\u00e1 la casa de Bolsonaro, viv\u00eda tambi\u00e9n Ronnie Lessa, preso por sospecha de ser el autor de los disparos que asesinaron Marielle Franco .El portero del complejo donde Bolsonaro y Lessa tienen casas hab\u00eda declarado que aproximadamente ,&nbsp; a las cinco y diez de la tarde del 14 de marzo del 2018 un Renault Logan se acerc\u00f3 a la porter\u00eda diciendo que iba a la casa del entonces diputado y actual presidente.El visitante era el ex policial militar Elcio Queiroz&nbsp; . En declaraciones a la polic\u00eda , el portero dijo en dos testimonios que la voz que autoriz\u00f3 era la de Jair Bolsonaro .&nbsp; Horas despu\u00e9s, Lessa y Queiroz salieron del condominio y la historia continua con un triste final , Marielle Franco es asesinada .&nbsp;<\/span><b><br><\/b><\/p>\n<iframe id=\"audio_43749894\" allowfullscreen=\"\" scrolling=\"no\" style=\"border:1px solid #EEE; box-sizing:border-box; width:100%;\" src=\"https:\/\/ar.ivoox.com\/es\/player_ej_43749894_4_1.html?c1=ff6600\" height=\"200\" frameborder=\"0\"><\/iframe>\n\n<div class='share-to-whatsapp-wrapper'><div class='share-on-whsp'>Share on: <\/div><div class='clear '><\/div><\/div>","protected":false},"excerpt":{"rendered":"<p>&nbsp; En una nueva emisi\u00f3n de Enredando Las Ma\u00f1anas,el programa informativo de la Red Nacional de Medios Alternativos , nos pusimos en comunicaci\u00f3n con Gerardo integrante&nbsp; de Radionauta . Con quien realizamos un breve an\u00e1lisis y repaso por la realidad que atraviesa nuestro continente . Despu\u00e9s de semanas de conflicto,Chile sigue siendo el proceso activo [&hellip;]<\/p>\n","protected":false},"author":2,"featured_media":7359,"comment_status":"open","ping_status":"open","sticky":false,"template":"","format":"standard","meta":{"footnotes":""},"categories":[38,18,1191,42,3,1240],"tags":[],"class_list":["post-7358","post","type-post","status-publish","format-standard","has-post-thumbnail","hentry","category-anticarcelario-antrepresivo","category-elm","category-luchas-por-el-territorio","category-pueblosoriginarios","category-rnma","category-transfronterizo"],"_links":{"self":[{"href":"https:\/\/zumbalaturba.com.ar\/index.php?rest_route=\/wp\/v2\/posts\/7358","targetHints":{"allow":["GET"]}}],"collection":[{"href":"https:\/\/zumbalaturba.com.ar\/index.php?rest_route=\/wp\/v2\/posts"}],"about":[{"href":"https:\/\/zumbalaturba.com.ar\/index.php?rest_route=\/wp\/v2\/types\/post"}],"author":[{"embeddable":true,"href":"https:\/\/zumbalaturba.com.ar\/index.php?rest_route=\/wp\/v2\/users\/2"}],"replies":[{"embeddable":true,"href":"https:\/\/zumbalaturba.com.ar\/index.php?rest_route=%2Fwp%2Fv2%2Fcomments&post=7358"}],"version-history":[{"count":0,"href":"https:\/\/zumbalaturba.com.ar\/index.php?rest_route=\/wp\/v2\/posts\/7358\/revisions"}],"wp:featuredmedia":[{"embeddable":true,"href":"https:\/\/zumbalaturba.com.ar\/index.php?rest_route=\/wp\/v2\/media\/7359"}],"wp:attachment":[{"href":"https:\/\/zumbalaturba.com.ar\/index.php?rest_route=%2Fwp%2Fv2%2Fmedia&parent=7358"}],"wp:term":[{"taxonomy":"category","embeddable":true,"href":"https:\/\/zumbalaturba.com.ar\/index.php?rest_route=%2Fwp%2Fv2%2Fcategories&post=7358"},{"taxonomy":"post_tag","embeddable":true,"href":"https:\/\/zumbalaturba.com.ar\/index.php?rest_route=%2Fwp%2Fv2%2Ftags&post=7358"}],"curies":[{"name":"wp","href":"https:\/\/api.w.org\/{rel}","templated":true}]}}