{"id":7362,"date":"2019-11-03T19:07:04","date_gmt":"2019-11-03T22:07:04","guid":{"rendered":"https:\/\/zumbalaturba.com.ar\/?p=7362"},"modified":"2023-07-22T19:24:42","modified_gmt":"2023-07-22T22:24:42","slug":"asesinato-y-represion-a-las-comunidades-indigenas-de-tacueyo","status":"publish","type":"post","link":"https:\/\/zumbalaturba.com.ar\/?p=7362","title":{"rendered":"Asesinato y represi\u00f3n a las comunidades ind\u00edgenas de Tacueyo"},"content":{"rendered":"\n<p><em>En otra emisi\u00f3n del\u00a0 Enredando Las Ma\u00f1anas nos comunicamos con Nancy Bravo de la ACIN , Asociaci\u00f3n de Cabildos Ind\u00edgenas del Norte del Cauca quien nos relat\u00f3 el\u00a0 ataque que sufrieron el paso martes 29 de Octubre , las comunidades ind\u00edgenas de Tacueyo y que se cobr\u00f3 la vida de cinco ind\u00edgenas del pueblo Nasa del Cauca de Colombia.\u00a0\u00a0<\/em><\/p>\n<p>Nancy nos explic\u00f3 que asesinaron a una de sus dirigentes Cristina Bautista y a tres guardias en Tacuey\u00f3, adem\u00e1s de seis personas que quedaron heridos, sobre lo que afirm\u00f3 que: &#8220;Tenemos en el territorio diferentes grupos armados disidentes al proceso de paz.<br \/>En el d\u00eda de ayer hemos sufrido una masacre donde han ca\u00eddo 5 compa\u00f1eros ind\u00edgenas, entre ellos nuestra dirigente Cristina&#8221;.<br \/>A continuaci\u00f3n agreg\u00f3 que la respuesta del gobierno colombiano es el \u201csilencio\u201d bajo el pretexto de que \u201cLos pueblos ind\u00edgenas por ser aut\u00f3nomos no pueden sufrir la intervenci\u00f3n del territorio. Sin embargo, est\u00e1n militarizados todos los territorios\u201d. A esto se le suman las redes de narcotr\u00e1fico y los grupos de paramilitares pero que -nos explic\u00f3 Nancy- desde la ACIN responsabilizan a Roberto Ramos, disidente de la FARC. \u201cTodas las semanas tenemos asesinatos ind\u00edgenas\u201d y que van dirigidos \u201ccontra los procesos sociales y alternativos\u201d.<br \/>Al cierre de nuestra comunicaci\u00f3n, Nancy explic\u00f3 que \u201cComo podemos ver, se est\u00e1n pasando los limites respecto a los derechos reconocidos, el derecho a la vida de quienes no compartimos el tema de las armas. Nosotros como pueblo nasa no construimos la paz con armas. Es un genocidio porque no se est\u00e1 respetando la vida de la comunidad. Le estamos pidiendo a las organizaciones sociales internacionales que nos ayuden para que el gobierno de Colombia inviten a la representante de las Naciones Unidas para que haga una relator\u00eda de lo que se viven en el territorio. (\u2026) Nos dan un tratamiento militar, nos atacan como si estuvieran atacando a un grupo armado\u201d.<\/p>\n<p><iframe id=\"audio_43749917\" style=\"border: 1px solid #EEE; box-sizing: border-box; width: 100%;\" src=\"https:\/\/ar.ivoox.com\/es\/player_ej_43749917_4_1.html?c1=ff6600\" height=\"200\" frameborder=\"0\" scrolling=\"no\" allowfullscreen=\"allowfullscreen\"><\/iframe><\/p>\n<div class='share-to-whatsapp-wrapper'><div class='share-on-whsp'>Share on: <\/div><div class='clear '><\/div><\/div>","protected":false},"excerpt":{"rendered":"<p>En otra emisi\u00f3n del\u00a0 Enredando Las Ma\u00f1anas nos comunicamos con Nancy Bravo de la ACIN , Asociaci\u00f3n de Cabildos Ind\u00edgenas del Norte del Cauca quien nos relat\u00f3 el\u00a0 ataque que sufrieron el paso martes 29 de Octubre , las comunidades ind\u00edgenas de Tacueyo y que se cobr\u00f3 la vida de cinco ind\u00edgenas del pueblo Nasa [&hellip;]<\/p>\n","protected":false},"author":2,"featured_media":7363,"comment_status":"open","ping_status":"open","sticky":false,"template":"","format":"standard","meta":{"footnotes":""},"categories":[38,18,42,3,1240],"tags":[],"class_list":["post-7362","post","type-post","status-publish","format-standard","has-post-thumbnail","hentry","category-anticarcelario-antrepresivo","category-elm","category-pueblosoriginarios","category-rnma","category-transfronterizo"],"_links":{"self":[{"href":"https:\/\/zumbalaturba.com.ar\/index.php?rest_route=\/wp\/v2\/posts\/7362","targetHints":{"allow":["GET"]}}],"collection":[{"href":"https:\/\/zumbalaturba.com.ar\/index.php?rest_route=\/wp\/v2\/posts"}],"about":[{"href":"https:\/\/zumbalaturba.com.ar\/index.php?rest_route=\/wp\/v2\/types\/post"}],"author":[{"embeddable":true,"href":"https:\/\/zumbalaturba.com.ar\/index.php?rest_route=\/wp\/v2\/users\/2"}],"replies":[{"embeddable":true,"href":"https:\/\/zumbalaturba.com.ar\/index.php?rest_route=%2Fwp%2Fv2%2Fcomments&post=7362"}],"version-history":[{"count":0,"href":"https:\/\/zumbalaturba.com.ar\/index.php?rest_route=\/wp\/v2\/posts\/7362\/revisions"}],"wp:featuredmedia":[{"embeddable":true,"href":"https:\/\/zumbalaturba.com.ar\/index.php?rest_route=\/wp\/v2\/media\/7363"}],"wp:attachment":[{"href":"https:\/\/zumbalaturba.com.ar\/index.php?rest_route=%2Fwp%2Fv2%2Fmedia&parent=7362"}],"wp:term":[{"taxonomy":"category","embeddable":true,"href":"https:\/\/zumbalaturba.com.ar\/index.php?rest_route=%2Fwp%2Fv2%2Fcategories&post=7362"},{"taxonomy":"post_tag","embeddable":true,"href":"https:\/\/zumbalaturba.com.ar\/index.php?rest_route=%2Fwp%2Fv2%2Ftags&post=7362"}],"curies":[{"name":"wp","href":"https:\/\/api.w.org\/{rel}","templated":true}]}}