{"id":7496,"date":"2020-06-08T02:54:51","date_gmt":"2020-06-08T05:54:51","guid":{"rendered":"https:\/\/zumbalaturba.com.ar\/?p=7496"},"modified":"2023-10-14T18:51:51","modified_gmt":"2023-10-14T21:51:51","slug":"ni-una-menos-5-anos-en-lucha","status":"publish","type":"post","link":"https:\/\/zumbalaturba.com.ar\/?p=7496","title":{"rendered":"Ni Una Menos, 5 a\u00f1os en lucha"},"content":{"rendered":"\n<p><a name=\"docs-internal-guid-a7bb623c-7fff-15fe-2806-a0a48d3cc96e\"><\/a> <span style=\"color: #000000;\"><span style=\"font-family: Arial;\"><span style=\"font-size: small;\">Este 3 de junio nos encontr\u00f3 en C\u00f3rdoba, como en todo el pa\u00eds, en un contexto de pandemia. As\u00ed y todo el grito Ni Una menos se hizo escuchar en las calles, en los barrios, en las sierras.<\/span><\/span><\/span><\/p>\n<p>&nbsp;<\/p>\n\n<iframe allowfullscreen=\"\" scrolling=\"no\" src=\"https:\/\/ar.ivoox.com\/es\/player_ej_51831748_2_1.html?data=lpallZabeJmhhpywj5WVaZS1kZqSlaaXfY6ZmKiak5KJe6ShkZKSmaiRdI6ZmKiastfTq9PVzsaYp9jUqcTdwtGYsM6Puc_VjNLS0NTXcYarpJK_w8nNs4zO1tLPw5DQpYzI1tfPw5KJe6ShlQ..&amp;\" width=\"100%\" height=\"200\" frameborder=\"0\"><\/iframe>\n\n<p><span style=\"color: #000000;\"><span style=\"font-family: Arial;\"><span style=\"font-size: small;\">+ Repasamos desde una perspectiva hist\u00f3rica estos cinco a\u00f1os de lucha desde que el grito Ni Una Menos irrumpi\u00f3 en las calles de forma masiva, aquel 5 de junio de 2015. <\/span><\/span><\/span><\/p>\n<p><span style=\"color: #000000;\"><span style=\"font-family: Arial;\"><span style=\"font-size: small;\">+ Recorremos las distintas acciones que se desarrollaron en las calles y en los barrios de C\u00f3rdoba Capital para visibilizar los reclamos y la lucha por Ni Una Menos sin exponerse en el marco de la pandemia global.<\/span><\/span><\/span><\/p>\n<p><span style=\"color: #000000;\"><span style=\"font-family: Arial;\"><span style=\"font-size: small;\">+ Viajamos hasta el Valle de Punilla en las sierras de C\u00f3rdoba para conocer c\u00f3mo se entraman las compa\u00f1eras de los pueblos de las sierras para cuidarse y exigir justicia<\/span><\/span><\/span><\/p>\n<p><span style=\"color: #000000;\"><span style=\"font-family: Arial;\"><span style=\"font-size: small;\">+ Nos contactamos con Noelia, una compa\u00f1era de la Comisi\u00f3n Organizadora del Encuentro Plurinacional de Mujeres, Lesbianas, Trans y no binaries para conocer los preparativos y reafirmar que la cita en San Luis sigue firme.<\/span><\/span><\/span><\/p>\n<p><span style=\"color: #000000;\"><span style=\"font-family: Arial;\"><span style=\"font-size: small;\">+ Conversamos con Dafne, mujer negra residente de Argentina que nos comparte su mirada sobre el racismo en Argentina y la necesidad de un feminismo interseccional.<\/span><\/span><\/span><\/p>\n<div class='share-to-whatsapp-wrapper'><div class='share-on-whsp'>Share on: <\/div><div class='clear '><\/div><\/div>","protected":false},"excerpt":{"rendered":"<p>Este 3 de junio nos encontr\u00f3 en C\u00f3rdoba, como en todo el pa\u00eds, en un contexto de pandemia. As\u00ed y todo el grito Ni Una menos se hizo escuchar en las calles, en los barrios, en las sierras. &nbsp; + Repasamos desde una perspectiva hist\u00f3rica estos cinco a\u00f1os de lucha desde que el grito Ni [&hellip;]<\/p>\n","protected":false},"author":7,"featured_media":7498,"comment_status":"open","ping_status":"open","sticky":false,"template":"","format":"standard","meta":{"footnotes":""},"categories":[1241,15,5],"tags":[400,7,472],"class_list":["post-7496","post","type-post","status-publish","format-standard","has-post-thumbnail","hentry","category-ddhh","category-la-zumba","category-transfeminismos","tag-feminismo","tag-feminismos","tag-ni-una-menos"],"_links":{"self":[{"href":"https:\/\/zumbalaturba.com.ar\/index.php?rest_route=\/wp\/v2\/posts\/7496","targetHints":{"allow":["GET"]}}],"collection":[{"href":"https:\/\/zumbalaturba.com.ar\/index.php?rest_route=\/wp\/v2\/posts"}],"about":[{"href":"https:\/\/zumbalaturba.com.ar\/index.php?rest_route=\/wp\/v2\/types\/post"}],"author":[{"embeddable":true,"href":"https:\/\/zumbalaturba.com.ar\/index.php?rest_route=\/wp\/v2\/users\/7"}],"replies":[{"embeddable":true,"href":"https:\/\/zumbalaturba.com.ar\/index.php?rest_route=%2Fwp%2Fv2%2Fcomments&post=7496"}],"version-history":[{"count":0,"href":"https:\/\/zumbalaturba.com.ar\/index.php?rest_route=\/wp\/v2\/posts\/7496\/revisions"}],"wp:featuredmedia":[{"embeddable":true,"href":"https:\/\/zumbalaturba.com.ar\/index.php?rest_route=\/wp\/v2\/media\/7498"}],"wp:attachment":[{"href":"https:\/\/zumbalaturba.com.ar\/index.php?rest_route=%2Fwp%2Fv2%2Fmedia&parent=7496"}],"wp:term":[{"taxonomy":"category","embeddable":true,"href":"https:\/\/zumbalaturba.com.ar\/index.php?rest_route=%2Fwp%2Fv2%2Fcategories&post=7496"},{"taxonomy":"post_tag","embeddable":true,"href":"https:\/\/zumbalaturba.com.ar\/index.php?rest_route=%2Fwp%2Fv2%2Ftags&post=7496"}],"curies":[{"name":"wp","href":"https:\/\/api.w.org\/{rel}","templated":true}]}}