{"id":7500,"date":"2020-06-08T02:56:20","date_gmt":"2020-06-08T05:56:20","guid":{"rendered":"https:\/\/zumbalaturba.com.ar\/?p=7500"},"modified":"2023-07-22T17:44:59","modified_gmt":"2023-07-22T20:44:59","slug":"no-hay-feminismo-sino-es-interseccional","status":"publish","type":"post","link":"https:\/\/zumbalaturba.com.ar\/?p=7500","title":{"rendered":"No hay feminismo sino es interseccional"},"content":{"rendered":"\n<p>En el marco del Especial Ni Una Menos, en un contexto de protestas globales bajo la consigna \u201clas vidas negras importan\u201d, conversamos con Dafne, m\u00e9dica y activista haitiana que reside en Argentina.<\/p>\n<p><iframe src=\"https:\/\/ar.ivoox.com\/es\/player_ej_51834030_2_1.html?data=lpallZmUd5Ghhpywj5aUaZS1lZWah5yncZKhhpywj5WRaZi3jpWah5yncYy4wsvbx5CRb86ZpJiSo57IrcTVhpewjcbHuMrqytjhw5DMpcroysbbw5Cpt9HZxM7OzpCyrYzpz8aYz8qRaZi3jrfOxs7Tb7vpzsfOjdHFb7Xp08fOj4qbh46o&amp;\" scrolling=\"no\" allowfullscreen=\"allowfullscreen\" width=\"100%\" height=\"200\" frameborder=\"0\"><\/iframe><\/p>\n<p>En el marco del Especial Ni Una Menos, en un contexto de protestas globales bajo la consigna \u201clas vidas negras importan\u201d, conversamos con Dafne, m\u00e9dica y activista haitiana que reside en Argentina.<\/p>\n<p><strong>Zumba La Turba &#8211; \u00bfCu\u00e1les son las cruces entre feminismo y racismo?<\/strong><\/p>\n<p><strong>Dafne &#8211;<\/strong> Estamos viviendo en un mundo euroc\u00e9ntrico donde existe una discriminaci\u00f3n hist\u00f3rica, de siglos, donde algunos establecieron que hay una raza superior, que llamamos la hegemon\u00eda blanca.<\/p>\n<p>Por eso, cuando se habla de feminismo se tiene que tener en cuenta la raza y de la clase social porque no es lo mismo el feminismo de una persona blanca, de clase media o alta, que de una persona negra, que si es de clase baja es peor. Esa persona negra tiene una doble opresi\u00f3n: ser una mujer negra y, adem\u00e1s, de clase baja. Por eso el feminismo tiene que ser interseccional. No existe un feminismo, el feminismo blanco nunca tuvo en cuenta los otros par\u00e1metros. Cada comunidad y las mujeres racializadas tienen que hablar por s\u00ed mismas. O sea, hablar de su cotidiano, de sus experiencias.<\/p>\n<p><strong>ZLT &#8211; \u00bfC\u00f3mo se vive y manifiesta el racismo en Argentina?<\/strong><\/p>\n<p><strong>D &#8211;<\/strong> En el caso de Argentina que es un pa\u00eds donde es muy com\u00fan que se hable de que no existe racismo, que escuchamos ese tipo de discursos. Sin embargo el racismo esta tan normalizado. Primero en Argentina siquiera conoce a su poblaci\u00f3n afro. Cuando hablo de su poblaci\u00f3n afro me refiero a les descendientes de los que fueron exclavisados y los que migraron. S\u00ed existe una poblaci\u00f3n afro en Argentina pero en este pa\u00eds no lo conocen. Hay una cierta negaci\u00f3n, cuando la persona dice que &#8220;no existe el racismo&#8221;. Y a una, que es una mujer negra, adem\u00e1s de que es migrante, el cotidiano es muy diferente y complicado para una persona que es racializada. No se v\u00e9 lo que esta pasando en la sociedad<\/p>\n<p><strong>ZLT- \u00bfPor qu\u00e9 tiene tanta repercusi\u00f3n el asesinato de George Floyd a manos de la polic\u00eda de Estados Unidos?<\/strong><\/p>\n<p><strong>D-<\/strong> Primero hay que entender bien la historia de Estados Unidos, el caso de este afro americano asesinado por la pol\u00edcia es un caso dentro de todos los casos. Porque la brutaldiad policial all\u00e1 es algo hist\u00f3rico, tan hist\u00f3rico que Malcom X ven\u00eda hablando de lo mismo, Martin Luther King ven\u00eda hablando de lo mismo. Y era en los a\u00f1os 60 y ahora se mantiene lo mismo porque Estados Unidos siempre ha sido un pa\u00eds racista y discriminatorio hacia su gente negra.<\/p>\n<p>Y porqu\u00e9 hizo tanto eco ahora en el mundo, no es que el racismo no exist\u00eda o se vuelve peor. Como dice el actor Will Smith, el racismo no se vuelve peor sino que hoy en d\u00eda hay tecnolog\u00eda, hay c\u00e1maras y hay fotos. Pero siempre ha sido as\u00ed en el caso de Estados Unidos.<\/p>\n<p>Si tomamos un ejemplo de las discriminaciones, se estaba conmemorando el caso de la Masacre de Tulsa en 1921, donde hombres y mujeres blancos asesinaron hasta m\u00e1s de 300 personas y miles de casas quemadas por los blancos. Es algo hist\u00f3rico, es la base misma de Estados Unidos.<\/p>\n<p>Pero ahora bien, porqu\u00e9 este caso se est\u00e1 hablando en todo el mundo aunque sucede en todo el mundo, como en Argentina la brutalidad contra los hermanos senegaleses. Es lo mismo pero nadie lo quiere ver, pero cuando lo hablan dicen que no, que este pa\u00eds es generoso, no es racista. Ah\u00ed estamos en esta negaci\u00f3n donde las personas racializadas est\u00e1n viviendo el racismo d\u00eda a d\u00eda y la sociedad no lo quiere admitir.<\/p>\n<p>El problema est\u00e1 y la gente lo niega, eso para mi es muy grave, muy complicado. Si no se puede reconocer, no podemos hablar de un cierto cambio. Porque para hacer un cambio la persona tiene que aceptar, reconocer. Y es muy bizarro que lo que est\u00e1 pasando all\u00e1 es lo que sucede en Argentina, Colombia.<\/p>\n<p><strong>ZLT &#8211; \u00bfC\u00f3mo el racismo es vivido en Argentina para las mujeres negras e incorporado como una lucha m\u00e1s del feminismo?<\/strong><\/p>\n<p><strong>D &#8211;<\/strong> En cuando a mi experiencia en cuanto al racismo y el feminismo, es una lucha diaria. La primera pregunta que te sacan es de donde sos, cu\u00e1nto tiempo tienes ac\u00e1. Ya una vez que sos negra, no podes ser Argentina. Tenes que ser extranjera Eso es importante, porque en Argentina no existe negra, mientras que sabemos que hay una poblaci\u00f3n negra en Argentina. Ser negra no puede ser argentina.<\/p>\n<p>Y la otro cosa de las personas es que todo lo que es malo, lo relacionan con lo negro: trabajo en negro, negros de mierda&#8230; el racismo est\u00e1 normalizado, hace parte del cotidiano de la poblaci\u00f3n de ac\u00e1. Hay que dar este paso, si hasta ahora no se puede admitir que existe el problema, poner el problema en la mesa para poder hablar, discutir y creo que sino es as\u00ed, no vamos a buscar soluci\u00f3n. Si vamos a hablar de feminismo hay que hablar de raza porque, como acabo de decir, la experiencia de una mujer negra que fue durante siglos y siglos explotada, oprimida, y entonces no va a ser lo mismo.<\/p>\n<p>&nbsp;<\/p>\n<p>&nbsp;<\/p>\n<div class='share-to-whatsapp-wrapper'><div class='share-on-whsp'>Share on: <\/div><div class='clear '><\/div><\/div>","protected":false},"excerpt":{"rendered":"<p>En el marco del Especial Ni Una Menos, en un contexto de protestas globales bajo la consigna \u201clas vidas negras importan\u201d, conversamos con Dafne, m\u00e9dica y activista haitiana que reside en Argentina. En el marco del Especial Ni Una Menos, en un contexto de protestas globales bajo la consigna \u201clas vidas negras importan\u201d, conversamos con [&hellip;]<\/p>\n","protected":false},"author":7,"featured_media":7501,"comment_status":"open","ping_status":"open","sticky":false,"template":"","format":"standard","meta":{"footnotes":""},"categories":[15,5],"tags":[7,472,1148],"class_list":["post-7500","post","type-post","status-publish","format-standard","has-post-thumbnail","hentry","category-la-zumba","category-transfeminismos","tag-feminismos","tag-ni-una-menos","tag-racismo"],"_links":{"self":[{"href":"https:\/\/zumbalaturba.com.ar\/index.php?rest_route=\/wp\/v2\/posts\/7500","targetHints":{"allow":["GET"]}}],"collection":[{"href":"https:\/\/zumbalaturba.com.ar\/index.php?rest_route=\/wp\/v2\/posts"}],"about":[{"href":"https:\/\/zumbalaturba.com.ar\/index.php?rest_route=\/wp\/v2\/types\/post"}],"author":[{"embeddable":true,"href":"https:\/\/zumbalaturba.com.ar\/index.php?rest_route=\/wp\/v2\/users\/7"}],"replies":[{"embeddable":true,"href":"https:\/\/zumbalaturba.com.ar\/index.php?rest_route=%2Fwp%2Fv2%2Fcomments&post=7500"}],"version-history":[{"count":0,"href":"https:\/\/zumbalaturba.com.ar\/index.php?rest_route=\/wp\/v2\/posts\/7500\/revisions"}],"wp:featuredmedia":[{"embeddable":true,"href":"https:\/\/zumbalaturba.com.ar\/index.php?rest_route=\/wp\/v2\/media\/7501"}],"wp:attachment":[{"href":"https:\/\/zumbalaturba.com.ar\/index.php?rest_route=%2Fwp%2Fv2%2Fmedia&parent=7500"}],"wp:term":[{"taxonomy":"category","embeddable":true,"href":"https:\/\/zumbalaturba.com.ar\/index.php?rest_route=%2Fwp%2Fv2%2Fcategories&post=7500"},{"taxonomy":"post_tag","embeddable":true,"href":"https:\/\/zumbalaturba.com.ar\/index.php?rest_route=%2Fwp%2Fv2%2Ftags&post=7500"}],"curies":[{"name":"wp","href":"https:\/\/api.w.org\/{rel}","templated":true}]}}