{"id":7503,"date":"2020-06-18T16:18:06","date_gmt":"2020-06-18T19:18:06","guid":{"rendered":"https:\/\/zumbalaturba.com.ar\/?p=7503"},"modified":"2023-07-22T19:19:00","modified_gmt":"2023-07-22T22:19:00","slug":"micky-barattini-en-el-encierro-nos-ayudamos-entre-todas","status":"publish","type":"post","link":"https:\/\/zumbalaturba.com.ar\/?p=7503","title":{"rendered":"Micky Barattini: &#8220;en el encierro nos ayudamos entre todas&#8221;"},"content":{"rendered":"\n<div class=\"col s12 m12 l1 qt-pushpin-container\">\n<div class=\"qt-pushpin pin-top\">\n<p><em>En el Enredando las Ma\u00f1anas del jueves 11 de junio, el programa de la Red Nacional de Medios Alternativos que se emite de lunes a viernes de 10 a 12 horas, hablamos con Miki Barattini, condenada y privada de su libertad por defenderse de la violencia machista de Sergio Fern\u00e1ndez. Nos cont\u00f3 c\u00f3mo la pandemia precariza a\u00fan m\u00e1s la vida de las presas.<\/em><\/p>\n<\/div>\n<\/div>\n<div class=\"col s12 m8\">\n<div class=\"qt-the-content\">\n<p>A pesar de las alertas de la Organizaci\u00f3n Mundial de la Salud y de diversos organismos por la extrema vulnerabilidad en las c\u00e1rceles ante la pandemia, a pesar de las protestas y rebeliones de las personas privadas de su libertad en todo el mundo por las condiciones inhumanas en que viven y por el ingreso del Covid a las c\u00e1rceles, la respuesta de los estados y la justicia sigue siendo lenta y selectiva. A pesar de que la C\u00e1mara de Recesi\u00f3n Penal de C\u00f3rdoba rechaz\u00f3 377 pedidos de prisi\u00f3n domiciliara para poblaci\u00f3n de riesgo, a pesar de los dichos de esa misma c\u00e1mara de que en Bouwer no hay hacinamiento sabiendo que la c\u00e1rcel de mujeres tiene capacidad para 300 plazas y hoy hay 500 presas y ni\u00f1as all\u00ed, a pesar de todo esto, seguimos luchando y gritando bien fuerte que no queremos ni una menos en las calles ni en las c\u00e1rceles.<\/p>\n<p>Este jueves, conversamos con Miki Barattini, quien fue condenada por defenderse de la violencia machista de Sergio Fern\u00e1ndez: \u201cdentro de este contexto de encierro yo creo que, a ra\u00edz de la pandemia, yo particularmente y muchas de mis compa\u00f1eras nos sentimos olvidadas\u201d. Explic\u00f3 que \u201csi bien hay c\u00e1rceles donde se dieron ciertos beneficios, en este contexto lamentablemente no; han llegado beneficios de comunicarnos con nuestra familia por videollamada, pero son 10 minutos y es un tiempo muy acotado; tambi\u00e9n para mis compa\u00f1eras que tienen sus familias y sus parejas que est\u00e1n en la c\u00e1rcel de hombres, tambi\u00e9n lo mismo, hay muchas mujeres que no reciben visitas y no se les da una atenci\u00f3n excepcional como deber\u00eda ser\u201d. La joven asegur\u00f3 que \u201cnos ayudamos entre todas, entre nosotras\u201d.<\/p>\n<p>Ante la pregunta sobre c\u00f3mo es el acceso a la justicia para las mujeres y disidencias con un estado y sociedad estructuralmente patriarcal, Miki Barattini detall\u00f3 que \u201cla justicia no es igual para todos, porque lo que hace la mujer es mucho m\u00e1s condenable que lo que hace un hombre; no son imparciales como dicen que debieran ser y muchas otras cosas, no juzgan con la misma vara, directamente es mucho peor para las mujeres, encima que las mujeres tienen sus hijos y cargan con toda la familia y no les dan r\u00e1pidamente el beneficio del arresto domiciliario como les debieran dar a muchas, ya sea por enfermedad o porque tienen sus hijos muy chiquititos que est\u00e1n desamparados afuera\u201d.<\/p>\n<p>Sobre c\u00f3mo profundiza el contexto de pandemia global la precarizaci\u00f3n de la vida de las presas en cuanto a las condiciones de higiene, recreaci\u00f3n,\u00a0abrigo y el acceso a derechos b\u00e1sicos, la joven narr\u00f3 que \u201cse han tomado las medidas de seguridad, pero para el personal penitenciario, para nosotras nos sacan en grupos reducidos y no nos dejan tener contactos, as\u00ed como en el \u00e1rea educativa donde sol\u00eda haber mayor confluencia de nosotras, o sea, donde nos sol\u00edamos reunir para las actividades educativas, eso ya no se hace directamente\u201d y detall\u00f3 que \u201cno tenemos ninguna actividad, estamos m\u00e1s recluidas, m\u00e1s encerradas aun, no hay actividades educativas ni talleres como sol\u00eda haber; s\u00ed hay fajinas de trabajo, pero es trabajo, es un trabajo que encima si es remunerado son 200 pesos al mes y yo no lo cuento como un taller o algo m\u00e1s recreativo, no hay ac\u00e1\u201d.<\/p>\n<p>La mujer encerrada por defenderse, explic\u00f3 que \u201cel primer tiempo de la pandemia nos hab\u00edan dado lavandina y un kit de higiene para cada una, pero despu\u00e9s eso fue mermando con el paso del tiempo, ahora ya estamos reclamando nuevamente los kits de higiene que nos debieran dar ahora en estos d\u00edas\u201d. Cont\u00f3 que \u201chay un pabell\u00f3n de madres, pero han quedado muy poquitas madres con los chicos ac\u00e1 adentro, que est\u00e1n privadas de su libertad tanto ellas como los ni\u00f1os, pero no tienen que superar los 5 a\u00f1os; en algunos casos les han dado el arresto domiciliario y en otros no, todav\u00eda hay madres con sus ni\u00f1os ac\u00e1 adentro\u201d.<\/p>\n<p>\u201cPor parte nuestra, yo al menos he creado una rutina de ejercicios y muchas de mis compa\u00f1eras hacemos ejercicio ac\u00e1 adentro, pero es de puertas para adentro, no ejercicio f\u00edsico que lo da el establecimiento o algo recreativo\u201d, dijo Barattini: \u201csupuestamente hay una parte administrativa que se debe encargar de repartir ropa que gente dona, ya sea Caritas o alguna otra entidad, pero no la est\u00e1n repartiendo; nosotras nos ayudamos entre nosotras con lo que podamos porque no la reparten y realmente no s\u00e9 cu\u00e1l es el objetivo de no repartir la ropa, y si no tienen, colaborar desde afuera, pero nosotras le pedimos a nuestra familia, ellos traen el paquete, y nosotras nos encargamos de ayudarnos entre nosotras\u201d.<\/p>\n<p>La joven finaliz\u00f3 explicando que entre ellas tambi\u00e9n se ayudan con informaci\u00f3n, entonces \u201cah\u00ed una no se da cuenta que est\u00e1 sometida a cierta violencia de cualquier tipo y es muy dif\u00edcil a veces darse cuenta por cosas que una vivi\u00f3 en la vida o hay mujeres que han vivido sometidas y para ellas es algo com\u00fan, es normal y es muy dif\u00edcil\u00a0darse cuenta, tenemos que ayudar con mucha informaci\u00f3n unas a las otras\u201d.<\/p>\n<\/div>\n<\/div>\n<p>\u00a0<\/p>\n<p><iframe src=\"https:\/\/ar.ivoox.com\/es\/player_ej_51838265_2_1.html?data=lpallZ2Wepahhpywj5WaaZS1k5qah5yncZKhhpywj5WRaZi3jpWah5yncafVzdnO0JDQpdSf0dfS1cbXcoy30NPjx9fXpc7j1JDQ0dOPkcrXzN6YpMbWpdXoytPWkJDHs8-hhpywj7fFqMrjjL_iz8fFb83VjLni1MfFcYarpJKh&amp;\" width=\"100%\" height=\"200\" frameborder=\"0\" scrolling=\"no\" allowfullscreen=\"allowfullscreen\"><\/iframe><\/p>\n<div class='share-to-whatsapp-wrapper'><div class='share-on-whsp'>Share on: <\/div><div class='clear '><\/div><\/div>","protected":false},"excerpt":{"rendered":"<p>En el Enredando las Ma\u00f1anas del jueves 11 de junio, el programa de la Red Nacional de Medios Alternativos que se emite de lunes a viernes de 10 a 12 horas, hablamos con Miki Barattini, condenada y privada de su libertad por defenderse de la violencia machista de Sergio Fern\u00e1ndez. Nos cont\u00f3 c\u00f3mo la pandemia [&hellip;]<\/p>\n","protected":false},"author":7,"featured_media":7505,"comment_status":"open","ping_status":"open","sticky":false,"template":"","format":"standard","meta":{"footnotes":""},"categories":[38,1238,5],"tags":[1149,7],"class_list":["post-7503","post","type-post","status-publish","format-standard","has-post-thumbnail","hentry","category-anticarcelario-antrepresivo","category-atravesando-muros","category-transfeminismos","tag-carceles","tag-feminismos"],"_links":{"self":[{"href":"https:\/\/zumbalaturba.com.ar\/index.php?rest_route=\/wp\/v2\/posts\/7503","targetHints":{"allow":["GET"]}}],"collection":[{"href":"https:\/\/zumbalaturba.com.ar\/index.php?rest_route=\/wp\/v2\/posts"}],"about":[{"href":"https:\/\/zumbalaturba.com.ar\/index.php?rest_route=\/wp\/v2\/types\/post"}],"author":[{"embeddable":true,"href":"https:\/\/zumbalaturba.com.ar\/index.php?rest_route=\/wp\/v2\/users\/7"}],"replies":[{"embeddable":true,"href":"https:\/\/zumbalaturba.com.ar\/index.php?rest_route=%2Fwp%2Fv2%2Fcomments&post=7503"}],"version-history":[{"count":0,"href":"https:\/\/zumbalaturba.com.ar\/index.php?rest_route=\/wp\/v2\/posts\/7503\/revisions"}],"wp:featuredmedia":[{"embeddable":true,"href":"https:\/\/zumbalaturba.com.ar\/index.php?rest_route=\/wp\/v2\/media\/7505"}],"wp:attachment":[{"href":"https:\/\/zumbalaturba.com.ar\/index.php?rest_route=%2Fwp%2Fv2%2Fmedia&parent=7503"}],"wp:term":[{"taxonomy":"category","embeddable":true,"href":"https:\/\/zumbalaturba.com.ar\/index.php?rest_route=%2Fwp%2Fv2%2Fcategories&post=7503"},{"taxonomy":"post_tag","embeddable":true,"href":"https:\/\/zumbalaturba.com.ar\/index.php?rest_route=%2Fwp%2Fv2%2Ftags&post=7503"}],"curies":[{"name":"wp","href":"https:\/\/api.w.org\/{rel}","templated":true}]}}