{"id":7519,"date":"2020-06-27T14:50:14","date_gmt":"2020-06-27T17:50:14","guid":{"rendered":"https:\/\/zumbalaturba.com.ar\/?p=7519"},"modified":"2023-07-22T19:18:41","modified_gmt":"2023-07-22T22:18:41","slug":"informe-carceles-y-covid","status":"publish","type":"post","link":"https:\/\/zumbalaturba.com.ar\/?p=7519","title":{"rendered":"Informe c\u00e1rceles y COVID"},"content":{"rendered":"\n<p>Famliares de presos en la ex UCA aseguran que hay 4 casos de coronavirus dentro del establecimiento que no est\u00e1n recibiendo el tratamiento necesario. Adem\u00e1s alertan sobre la falta de medidas sanitarias b\u00e1sicas y la constante negativa a dar informaci\u00f3n oficial sobre la situaci\u00f3n de lxs internxs.<br \/><br \/>En este informe escuchamos a una familiar de detenido, al director de la UCA y a la secretaria de prensa del Ministerio de Justicia de la provincia.<\/p>\n<p><iframe src=\"https:\/\/ar.ivoox.com\/es\/player_ej_52380495_2_1.html?data=lpegmpWYfZahhpywj5WaaZS1lZuah5yncZKhhpywj5WRaZi3jpWah5yncaSZpJiSo5bWp8bgxtiY25Cnk7e9pZKSmaiRlsLYytSYvNrRpsKfzcaYttrWpsKhhpywj5k.&amp;\" width=\"100%\" height=\"200\" frameborder=\"0\" scrolling=\"no\" allowfullscreen=\"allowfullscreen\"><\/iframe><\/p>\n<div class='share-to-whatsapp-wrapper'><div class='share-on-whsp'>Share on: <\/div><div class='clear '><\/div><\/div>","protected":false},"excerpt":{"rendered":"<p>Famliares de presos en la ex UCA aseguran que hay 4 casos de coronavirus dentro del establecimiento que no est\u00e1n recibiendo el tratamiento necesario. Adem\u00e1s alertan sobre la falta de medidas sanitarias b\u00e1sicas y la constante negativa a dar informaci\u00f3n oficial sobre la situaci\u00f3n de lxs internxs. En este informe escuchamos a una familiar de [&hellip;]<\/p>\n","protected":false},"author":7,"featured_media":7520,"comment_status":"open","ping_status":"open","sticky":false,"template":"","format":"standard","meta":{"footnotes":""},"categories":[38,1238,15],"tags":[1149,181,1150],"class_list":["post-7519","post","type-post","status-publish","format-standard","has-post-thumbnail","hentry","category-anticarcelario-antrepresivo","category-atravesando-muros","category-la-zumba","tag-carceles","tag-cordoba","tag-covid"],"_links":{"self":[{"href":"https:\/\/zumbalaturba.com.ar\/index.php?rest_route=\/wp\/v2\/posts\/7519","targetHints":{"allow":["GET"]}}],"collection":[{"href":"https:\/\/zumbalaturba.com.ar\/index.php?rest_route=\/wp\/v2\/posts"}],"about":[{"href":"https:\/\/zumbalaturba.com.ar\/index.php?rest_route=\/wp\/v2\/types\/post"}],"author":[{"embeddable":true,"href":"https:\/\/zumbalaturba.com.ar\/index.php?rest_route=\/wp\/v2\/users\/7"}],"replies":[{"embeddable":true,"href":"https:\/\/zumbalaturba.com.ar\/index.php?rest_route=%2Fwp%2Fv2%2Fcomments&post=7519"}],"version-history":[{"count":0,"href":"https:\/\/zumbalaturba.com.ar\/index.php?rest_route=\/wp\/v2\/posts\/7519\/revisions"}],"wp:featuredmedia":[{"embeddable":true,"href":"https:\/\/zumbalaturba.com.ar\/index.php?rest_route=\/wp\/v2\/media\/7520"}],"wp:attachment":[{"href":"https:\/\/zumbalaturba.com.ar\/index.php?rest_route=%2Fwp%2Fv2%2Fmedia&parent=7519"}],"wp:term":[{"taxonomy":"category","embeddable":true,"href":"https:\/\/zumbalaturba.com.ar\/index.php?rest_route=%2Fwp%2Fv2%2Fcategories&post=7519"},{"taxonomy":"post_tag","embeddable":true,"href":"https:\/\/zumbalaturba.com.ar\/index.php?rest_route=%2Fwp%2Fv2%2Ftags&post=7519"}],"curies":[{"name":"wp","href":"https:\/\/api.w.org\/{rel}","templated":true}]}}