{"id":7533,"date":"2020-07-02T01:37:49","date_gmt":"2020-07-02T04:37:49","guid":{"rendered":"https:\/\/zumbalaturba.com.ar\/?p=7533"},"modified":"2023-07-22T19:18:10","modified_gmt":"2023-07-22T22:18:10","slug":"trata-en-cordoba-el-caso-de-nora","status":"publish","type":"post","link":"https:\/\/zumbalaturba.com.ar\/?p=7533","title":{"rendered":"Trata en C\u00f3rdoba: el caso de Nora"},"content":{"rendered":"\n<p>En las \u00faltimas semanas tom\u00f3 visibilidad un nuevo caso de trata que extremeci\u00f3 e indign\u00f3 al pa\u00eds. En C\u00f3rdoba, Nora, una mujer de 20 a\u00f1os cuya familia viene denunciando que se encuentra en situaci\u00f3n de trata y exigiendo que se investigue y se proteja a la joven y su familia.<\/p>\n<p>Luego de varios meses de intentar encontrar respuestas en el Estado, el pasado martes 30 de junio se realiz\u00f3 una acci\u00f3n p\u00fablica frente a los tribunales federales de la provincia de C\u00f3rdoba, con el objetivo de visibilizar la situaci\u00f3n y exigir a la justicia federal que act\u00fae y d\u00e9 respuestas acordes a la gravedad de la situaci\u00f3n.<br \/>En la misma, convocada por familiares y personas del entorno de la joven y por la Asamblea Ni Una Menos de C\u00f3rdoba, pudieron escucharse los pedidos de su madre y su padre en una b\u00fasqueda de justicia que sigue siendo esquiva, y que da cuenta de la falta de pol\u00edticas p\u00fablicas para el abordaje de la trata de mujeres y de la indiferencia de la justicia patriarcal.<\/p>\n<p><br \/>Desde Zumba la Turba nos comunicamos con su hermana para hablar de la situaci\u00f3n de la joven y de la causa judicial. Escuchamos tambi\u00e9n a Soledad Cuello, quien lleva sosteniendo la b\u00fasqueda de su hermaan Yamila, v\u00edctima de las redes de trata, desde hace diez a\u00f1os.<\/p>\n<p><iframe src=\"https:\/\/ar.ivoox.com\/es\/player_ej_53092973_2_1.html?data=lpidm5ede5Shhpywj5aWaZS1lpmah5yncZKhhpywj5WRaZi3jpWah5yncbXmwtnOjcrSb6SZpJiSpJjWqNDWwpDSzpDHpdTjjMnSjbOzlqKhhpywj7fFqMrjjL_iz8fFb83VjLni1MfFcYarpJKh&amp;\" width=\"100%\" height=\"200\" frameborder=\"0\" scrolling=\"no\" allowfullscreen=\"allowfullscreen\"><\/iframe><\/p>\n<div class='share-to-whatsapp-wrapper'><div class='share-on-whsp'>Share on: <\/div><div class='clear '><\/div><\/div>","protected":false},"excerpt":{"rendered":"<p>En las \u00faltimas semanas tom\u00f3 visibilidad un nuevo caso de trata que extremeci\u00f3 e indign\u00f3 al pa\u00eds. En C\u00f3rdoba, Nora, una mujer de 20 a\u00f1os cuya familia viene denunciando que se encuentra en situaci\u00f3n de trata y exigiendo que se investigue y se proteja a la joven y su familia. Luego de varios meses de [&hellip;]<\/p>\n","protected":false},"author":7,"featured_media":7547,"comment_status":"open","ping_status":"open","sticky":false,"template":"","format":"standard","meta":{"footnotes":""},"categories":[15,5],"tags":[7,100],"class_list":["post-7533","post","type-post","status-publish","format-standard","has-post-thumbnail","hentry","category-la-zumba","category-transfeminismos","tag-feminismos","tag-trata"],"_links":{"self":[{"href":"https:\/\/zumbalaturba.com.ar\/index.php?rest_route=\/wp\/v2\/posts\/7533","targetHints":{"allow":["GET"]}}],"collection":[{"href":"https:\/\/zumbalaturba.com.ar\/index.php?rest_route=\/wp\/v2\/posts"}],"about":[{"href":"https:\/\/zumbalaturba.com.ar\/index.php?rest_route=\/wp\/v2\/types\/post"}],"author":[{"embeddable":true,"href":"https:\/\/zumbalaturba.com.ar\/index.php?rest_route=\/wp\/v2\/users\/7"}],"replies":[{"embeddable":true,"href":"https:\/\/zumbalaturba.com.ar\/index.php?rest_route=%2Fwp%2Fv2%2Fcomments&post=7533"}],"version-history":[{"count":0,"href":"https:\/\/zumbalaturba.com.ar\/index.php?rest_route=\/wp\/v2\/posts\/7533\/revisions"}],"wp:featuredmedia":[{"embeddable":true,"href":"https:\/\/zumbalaturba.com.ar\/index.php?rest_route=\/wp\/v2\/media\/7547"}],"wp:attachment":[{"href":"https:\/\/zumbalaturba.com.ar\/index.php?rest_route=%2Fwp%2Fv2%2Fmedia&parent=7533"}],"wp:term":[{"taxonomy":"category","embeddable":true,"href":"https:\/\/zumbalaturba.com.ar\/index.php?rest_route=%2Fwp%2Fv2%2Fcategories&post=7533"},{"taxonomy":"post_tag","embeddable":true,"href":"https:\/\/zumbalaturba.com.ar\/index.php?rest_route=%2Fwp%2Fv2%2Ftags&post=7533"}],"curies":[{"name":"wp","href":"https:\/\/api.w.org\/{rel}","templated":true}]}}