{"id":7564,"date":"2020-07-12T20:46:24","date_gmt":"2020-07-12T23:46:24","guid":{"rendered":"https:\/\/zumbalaturba.com.ar\/?p=7564"},"modified":"2023-10-14T18:47:39","modified_gmt":"2023-10-14T21:47:39","slug":"curso-virtual-el-aborto-como-contenido-de-la-esi","status":"publish","type":"post","link":"https:\/\/zumbalaturba.com.ar\/?p=7564","title":{"rendered":"Curso virtual &#8220;El aborto como contenido de la ESI&#8221;"},"content":{"rendered":"\n<p>El martes 7 de julio se llev\u00f3 adelante el primer encuentro del curso virtual &#8220;El Aborto como contenido de la ESI&#8221; impulsado por la Red de Docentes por el Derecho al Aborto Legal, superando cualquier expectativa de participaci\u00f3n. Lxs m\u00e1s de 7000 docentes que se inscribieron para participar, provenientes de todas las provincias del pa\u00eds y de otros pa\u00edses del continente, da cuenta de la ausencia de este tema en las capacitaciones de ESI del Estado, as\u00ed como de la urgencia de su abordaje.<\/p>\n<p>Hablamos con Valeria Lazarte, integrante de la Red.<\/p>\n<iframe allowfullscreen=\"\" scrolling=\"no\" src=\"https:\/\/ar.ivoox.com\/es\/player_ej_53773375_2_1.html?data=lpikmZiXe5ahhpywj5WbaZS1kZyah5yncZKhhpywj5WRaZi3jpWah5ynca3V08ySpZiJhpSfxtGYxdrWt9CZlKaYh5eWic2fwsfc1NnTb8TjztSYxdTSuMbiysncjcnJb83VjKrAq4qWdo6ZmKiatMbIrdCfu9raxMaPsMKftdrfxMaRaZi3jpk.&amp;\" width=\"100%\" height=\"200\" frameborder=\"0\"><\/iframe>\n<div class='share-to-whatsapp-wrapper'><div class='share-on-whsp'>Share on: <\/div><div class='clear '><\/div><\/div>","protected":false},"excerpt":{"rendered":"<p>El martes 7 de julio se llev\u00f3 adelante el primer encuentro del curso virtual &#8220;El Aborto como contenido de la ESI&#8221; impulsado por la Red de Docentes por el Derecho al Aborto Legal, superando cualquier expectativa de participaci\u00f3n. Lxs m\u00e1s de 7000 docentes que se inscribieron para participar, provenientes de todas las provincias del pa\u00eds [&hellip;]<\/p>\n","protected":false},"author":23,"featured_media":7566,"comment_status":"open","ping_status":"open","sticky":false,"template":"","format":"standard","meta":{"footnotes":""},"categories":[15,5],"tags":[1049,791],"class_list":["post-7564","post","type-post","status-publish","format-standard","has-post-thumbnail","hentry","category-la-zumba","category-transfeminismos","tag-abortolegalya","tag-esi"],"_links":{"self":[{"href":"https:\/\/zumbalaturba.com.ar\/index.php?rest_route=\/wp\/v2\/posts\/7564","targetHints":{"allow":["GET"]}}],"collection":[{"href":"https:\/\/zumbalaturba.com.ar\/index.php?rest_route=\/wp\/v2\/posts"}],"about":[{"href":"https:\/\/zumbalaturba.com.ar\/index.php?rest_route=\/wp\/v2\/types\/post"}],"author":[{"embeddable":true,"href":"https:\/\/zumbalaturba.com.ar\/index.php?rest_route=\/wp\/v2\/users\/23"}],"replies":[{"embeddable":true,"href":"https:\/\/zumbalaturba.com.ar\/index.php?rest_route=%2Fwp%2Fv2%2Fcomments&post=7564"}],"version-history":[{"count":0,"href":"https:\/\/zumbalaturba.com.ar\/index.php?rest_route=\/wp\/v2\/posts\/7564\/revisions"}],"wp:featuredmedia":[{"embeddable":true,"href":"https:\/\/zumbalaturba.com.ar\/index.php?rest_route=\/wp\/v2\/media\/7566"}],"wp:attachment":[{"href":"https:\/\/zumbalaturba.com.ar\/index.php?rest_route=%2Fwp%2Fv2%2Fmedia&parent=7564"}],"wp:term":[{"taxonomy":"category","embeddable":true,"href":"https:\/\/zumbalaturba.com.ar\/index.php?rest_route=%2Fwp%2Fv2%2Fcategories&post=7564"},{"taxonomy":"post_tag","embeddable":true,"href":"https:\/\/zumbalaturba.com.ar\/index.php?rest_route=%2Fwp%2Fv2%2Ftags&post=7564"}],"curies":[{"name":"wp","href":"https:\/\/api.w.org\/{rel}","templated":true}]}}