{"id":7612,"date":"2020-07-24T02:35:40","date_gmt":"2020-07-24T05:35:40","guid":{"rendered":"https:\/\/zumbalaturba.com.ar\/?p=7612"},"modified":"2023-07-22T19:16:02","modified_gmt":"2023-07-22T22:16:02","slug":"5-anos-del-transvesticidio-de-laura-moyano-sin-justicia","status":"publish","type":"post","link":"https:\/\/zumbalaturba.com.ar\/?p=7612","title":{"rendered":"5 A\u00f1os del transvesticidio de Laura Moyano: Sin Justicia"},"content":{"rendered":"\n<p><em>Desde la transmisi\u00f3n desde casa: En cuarena pero no aisladas nos comunicamos con Yesi, sobrina de Laura&nbsp; e &nbsp;Integrante de la Coordinadora de Justicia por Laura Moyano.<\/em><\/p>\n<p>Laura Moyano fue brutalmente asesinada el 25 de Julio de 2015 en Barrio Villa Allende Parque en una construcci\u00f3n situada en la esquina de las calles Av. Donato \u00c1lvarez y Boro. A 5 a\u00f1os la impunidad es la respuesta de un Estado Judicial indiferente ante los transfemicidios.<br><em><img fetchpriority=\"high\" decoding=\"async\" class=\"size-medium wp-image-7613 alignleft\" src=\"https:\/\/zumbalaturba.com.ar\/wp-content\/uploads\/2020\/07\/laura-moyano-marcha-300x300.jpeg\" alt=\"\" width=\"300\" height=\"300\" srcset=\"https:\/\/zumbalaturba.com.ar\/wp-content\/uploads\/2020\/07\/laura-moyano-marcha-300x300.jpeg 300w, https:\/\/zumbalaturba.com.ar\/wp-content\/uploads\/2020\/07\/laura-moyano-marcha.jpeg 720w\" sizes=\"(max-width: 300px) 100vw, 300px\" \/><\/em> Su sobrina&nbsp; nos coment\u00f3 sobre la b\u00fasqueda de justicia y la convocatoria a la <strong>marcha este viernes 24 de julio&nbsp; a las 14 hs en Villa 9 de julio.<\/strong><br><br><\/p>\n<p>&nbsp;<\/p>\n<p>&nbsp;<\/p>\n<p>&nbsp;<\/p>\n<p>Para escuchar el bloque completo haz click aqu\u00ed:&nbsp;<\/p>\n<iframe id=\"audio_54257215\" allowfullscreen=\"\" scrolling=\"no\" style=\"border:1px solid #EEE; box-sizing:border-box; width:100%;\" src=\"https:\/\/ar.ivoox.com\/es\/player_ej_54257215_4_1.html?c1=ff6600\" height=\"200\" frameborder=\"0\"><\/iframe>\n<div class='share-to-whatsapp-wrapper'><div class='share-on-whsp'>Share on: <\/div><div class='clear '><\/div><\/div>","protected":false},"excerpt":{"rendered":"<p>Desde la transmisi\u00f3n desde casa: En cuarena pero no aisladas nos comunicamos con Yesi, sobrina de Laura&nbsp; e &nbsp;Integrante de la Coordinadora de Justicia por Laura Moyano. Laura Moyano fue brutalmente asesinada el 25 de Julio de 2015 en Barrio Villa Allende Parque en una construcci\u00f3n situada en la esquina de las calles Av. Donato [&hellip;]<\/p>\n","protected":false},"author":2,"featured_media":7616,"comment_status":"open","ping_status":"open","sticky":false,"template":"","format":"standard","meta":{"footnotes":""},"categories":[15,5],"tags":[570,308,723,1166],"class_list":["post-7612","post","type-post","status-publish","format-standard","has-post-thumbnail","hentry","category-la-zumba","category-transfeminismos","tag-justicia","tag-laura-moyano","tag-transfemicidio","tag-transvesticidio"],"_links":{"self":[{"href":"https:\/\/zumbalaturba.com.ar\/index.php?rest_route=\/wp\/v2\/posts\/7612","targetHints":{"allow":["GET"]}}],"collection":[{"href":"https:\/\/zumbalaturba.com.ar\/index.php?rest_route=\/wp\/v2\/posts"}],"about":[{"href":"https:\/\/zumbalaturba.com.ar\/index.php?rest_route=\/wp\/v2\/types\/post"}],"author":[{"embeddable":true,"href":"https:\/\/zumbalaturba.com.ar\/index.php?rest_route=\/wp\/v2\/users\/2"}],"replies":[{"embeddable":true,"href":"https:\/\/zumbalaturba.com.ar\/index.php?rest_route=%2Fwp%2Fv2%2Fcomments&post=7612"}],"version-history":[{"count":0,"href":"https:\/\/zumbalaturba.com.ar\/index.php?rest_route=\/wp\/v2\/posts\/7612\/revisions"}],"wp:featuredmedia":[{"embeddable":true,"href":"https:\/\/zumbalaturba.com.ar\/index.php?rest_route=\/wp\/v2\/media\/7616"}],"wp:attachment":[{"href":"https:\/\/zumbalaturba.com.ar\/index.php?rest_route=%2Fwp%2Fv2%2Fmedia&parent=7612"}],"wp:term":[{"taxonomy":"category","embeddable":true,"href":"https:\/\/zumbalaturba.com.ar\/index.php?rest_route=%2Fwp%2Fv2%2Fcategories&post=7612"},{"taxonomy":"post_tag","embeddable":true,"href":"https:\/\/zumbalaturba.com.ar\/index.php?rest_route=%2Fwp%2Fv2%2Ftags&post=7612"}],"curies":[{"name":"wp","href":"https:\/\/api.w.org\/{rel}","templated":true}]}}