{"id":7649,"date":"2020-07-31T00:09:03","date_gmt":"2020-07-31T03:09:03","guid":{"rendered":"https:\/\/zumbalaturba.com.ar\/?p=7649"},"modified":"2023-07-22T17:26:05","modified_gmt":"2023-07-22T20:26:05","slug":"jornada-internacional-de-mujeres-contra-el-patriarcado-construyendo-solidaridad","status":"publish","type":"post","link":"https:\/\/zumbalaturba.com.ar\/?p=7649","title":{"rendered":"Jornada Internacional de Mujeres &#8220;Contra el patriarcado &#8211; construyendo solidaridad&#8221;"},"content":{"rendered":"\n<p>El pr\u00f3ximo fin de semana, 1 y 2 de agosto de 2020, se desarrollar\u00e1 la Jornada Internacional de Mujeres &#8220;Contra el patriarcado &#8211; construyendo solidaridad&#8221; en tiempos de COVID, una iniciativa del Observatorio de Derechos Humanos de los Pueblos. En la <strong>Transmisi\u00f3n desde Casa\u00a0<\/strong> del mi\u00e9rcoles 29 de julio charlamos con Daniela Gonzalez que pertenece al Observatorio, y nos di\u00f3 detalles de la jornada.<\/p>\n<p><br \/>El encuentro busca articular las experiencias de lucha que se desarrollan en las distintas regiones.<br \/>Participar\u00e1n compa\u00f1eras de Brasil, Guatemala, Argentina, Venezuela, Asturias, Palestina, M\u00e9xico, entre otras.<\/p>\n<p>El evento se transmitir\u00e1 por el facebook live del Observatorio, pero para escuchar la traducci\u00f3n deber\u00e1n comunicarse a trav\u00e9s del zoom<\/p>\n<p>** S\u00e1bado, August 1, 2020 **<br \/>Link: bit.ly\/patriarcadono1<\/p>\n<p>** Domingo, August 2, 2020 **<br \/>Link: bit.ly\/patriarcadono2<\/p>\n<p><strong>Escuch\u00e1 la nota completa:<\/strong><\/p>\n<p><iframe src=\"https:\/\/ar.ivoox.com\/es\/player_ej_54568036_2_1.html?data=lpmimJ2Ud5ehhpywj5aVaZS1lJWah5yncZKhhpywj5WRaZi3jpWah5yncabi1dfS2M7XuMKfwpCxw9PNqc3VjKzc0N_FsMbujLTP1crWusLo0NfW0ZCoiKm8jMnSjbTFvMKhhpywj7fFqMrjjL_iz8fFb83VjLni1MfFcYarpJKh&amp;\" width=\"100%\" height=\"200\" frameborder=\"0\" scrolling=\"no\" allowfullscreen=\"allowfullscreen\"><\/iframe><\/p>\n<div class='share-to-whatsapp-wrapper'><div class='share-on-whsp'>Share on: <\/div><div class='clear '><\/div><\/div>","protected":false},"excerpt":{"rendered":"<p>El pr\u00f3ximo fin de semana, 1 y 2 de agosto de 2020, se desarrollar\u00e1 la Jornada Internacional de Mujeres &#8220;Contra el patriarcado &#8211; construyendo solidaridad&#8221; en tiempos de COVID, una iniciativa del Observatorio de Derechos Humanos de los Pueblos. En la Transmisi\u00f3n desde Casa\u00a0 del mi\u00e9rcoles 29 de julio charlamos con Daniela Gonzalez que pertenece [&hellip;]<\/p>\n","protected":false},"author":23,"featured_media":7650,"comment_status":"open","ping_status":"open","sticky":false,"template":"","format":"standard","meta":{"footnotes":""},"categories":[5],"tags":[],"class_list":["post-7649","post","type-post","status-publish","format-standard","has-post-thumbnail","hentry","category-transfeminismos"],"_links":{"self":[{"href":"https:\/\/zumbalaturba.com.ar\/index.php?rest_route=\/wp\/v2\/posts\/7649","targetHints":{"allow":["GET"]}}],"collection":[{"href":"https:\/\/zumbalaturba.com.ar\/index.php?rest_route=\/wp\/v2\/posts"}],"about":[{"href":"https:\/\/zumbalaturba.com.ar\/index.php?rest_route=\/wp\/v2\/types\/post"}],"author":[{"embeddable":true,"href":"https:\/\/zumbalaturba.com.ar\/index.php?rest_route=\/wp\/v2\/users\/23"}],"replies":[{"embeddable":true,"href":"https:\/\/zumbalaturba.com.ar\/index.php?rest_route=%2Fwp%2Fv2%2Fcomments&post=7649"}],"version-history":[{"count":0,"href":"https:\/\/zumbalaturba.com.ar\/index.php?rest_route=\/wp\/v2\/posts\/7649\/revisions"}],"wp:featuredmedia":[{"embeddable":true,"href":"https:\/\/zumbalaturba.com.ar\/index.php?rest_route=\/wp\/v2\/media\/7650"}],"wp:attachment":[{"href":"https:\/\/zumbalaturba.com.ar\/index.php?rest_route=%2Fwp%2Fv2%2Fmedia&parent=7649"}],"wp:term":[{"taxonomy":"category","embeddable":true,"href":"https:\/\/zumbalaturba.com.ar\/index.php?rest_route=%2Fwp%2Fv2%2Fcategories&post=7649"},{"taxonomy":"post_tag","embeddable":true,"href":"https:\/\/zumbalaturba.com.ar\/index.php?rest_route=%2Fwp%2Fv2%2Ftags&post=7649"}],"curies":[{"name":"wp","href":"https:\/\/api.w.org\/{rel}","templated":true}]}}