{"id":7692,"date":"2020-08-09T16:32:31","date_gmt":"2020-08-09T19:32:31","guid":{"rendered":"https:\/\/zumbalaturba.com.ar\/?p=7692"},"modified":"2023-12-21T20:00:40","modified_gmt":"2023-12-21T23:00:40","slug":"cordoba-atrasa-criminalizacion-del-uso-medicinal-del-cannabis","status":"publish","type":"post","link":"https:\/\/zumbalaturba.com.ar\/?p=7692","title":{"rendered":"C\u00f3rdoba atrasa: criminalizaci\u00f3n del uso medicinal del cannabis"},"content":{"rendered":"\n<figure class=\"wp-block-image alignright is-resized\"><img fetchpriority=\"high\" decoding=\"async\" width=\"203\" height=\"248\" src=\"https:\/\/zumbalaturba.com.ar\/wp-content\/uploads\/2020\/08\/FEMIS-CANNABIS-2.jpg\" alt=\"\" class=\"wp-image-7710\" style=\"width:233px;height:285px\"\/><\/figure>\n\n\n\n<div class=\"overview\">\n<p class=\"description\"><span style=\"color: #ffffff;\">En un nuevo bloque de de la transmisi\u00f3n desde casa, en cuarentena pero no aislades, conversamos acerca de una tem\u00e1tica que tom\u00f3 relevancia en los \u00faltimos d\u00edas del mes de julio a ra\u00edz de un fallo de la justicia federal sobre la causa conocida como la cl\u00ednica del cannabis en el que se dicta el sobreseimiento de las 8 personas imputadas. <\/span><br \/><span style=\"color: #ffffff;\">En agosto de 2017 en el marco de un megaoperativo se allanaron las llamadas Cl\u00ednicas de cannabis, del Dr. Carlos Laje. El pasado 31 de julio se conoci\u00f3 la decisi\u00f3n de la justicia federal cordobesa de dictar en la causa. Nadia Podsiadlo, abogada de dos de las personas imputadas, explica los fundamentos del fallo y la relevancia de esta decisi\u00f3n judicial.<\/span><br \/><span style=\"color: #ffffff;\">A continuaci\u00f3n, Anita de Feministas Cannabicas comparte la lucha que vienen dando para que el estado provincial adhiera a la ley nacional que autoriza el uso medicinal del cannabis<\/span><\/p>\n<\/div>\n<p><iframe id=\"audio_54854628\" style=\"border: 1px solid #EEE; box-sizing: border-box; width: 100%;\" src=\"https:\/\/ar.ivoox.com\/es\/player_ej_54854628_4_1.html?c1=ff6600\" height=\"200\" frameborder=\"0\" scrolling=\"no\" allowfullscreen=\"allowfullscreen\"><\/iframe><\/p>\n<div class='share-to-whatsapp-wrapper'><div class='share-on-whsp'>Share on: <\/div><div class='clear '><\/div><\/div>","protected":false},"excerpt":{"rendered":"<p>En un nuevo bloque de de la transmisi\u00f3n desde casa, en cuarentena pero no aislades, conversamos acerca de una tem\u00e1tica que tom\u00f3 relevancia en los \u00faltimos d\u00edas del mes de julio a ra\u00edz de un fallo de la justicia federal sobre la causa conocida como la cl\u00ednica del cannabis en el que se dicta el [&hellip;]<\/p>\n","protected":false},"author":35,"featured_media":7711,"comment_status":"open","ping_status":"open","sticky":false,"template":"","format":"standard","meta":{"footnotes":""},"categories":[38,37,1237],"tags":[589,181,1184],"class_list":["post-7692","post","type-post","status-publish","format-standard","has-post-thumbnail","hentry","category-anticarcelario-antrepresivo","category-arte-cultura","category-salud-mental","tag-cannabis","tag-cordoba","tag-medicinal"],"_links":{"self":[{"href":"https:\/\/zumbalaturba.com.ar\/index.php?rest_route=\/wp\/v2\/posts\/7692","targetHints":{"allow":["GET"]}}],"collection":[{"href":"https:\/\/zumbalaturba.com.ar\/index.php?rest_route=\/wp\/v2\/posts"}],"about":[{"href":"https:\/\/zumbalaturba.com.ar\/index.php?rest_route=\/wp\/v2\/types\/post"}],"author":[{"embeddable":true,"href":"https:\/\/zumbalaturba.com.ar\/index.php?rest_route=\/wp\/v2\/users\/35"}],"replies":[{"embeddable":true,"href":"https:\/\/zumbalaturba.com.ar\/index.php?rest_route=%2Fwp%2Fv2%2Fcomments&post=7692"}],"version-history":[{"count":0,"href":"https:\/\/zumbalaturba.com.ar\/index.php?rest_route=\/wp\/v2\/posts\/7692\/revisions"}],"wp:featuredmedia":[{"embeddable":true,"href":"https:\/\/zumbalaturba.com.ar\/index.php?rest_route=\/wp\/v2\/media\/7711"}],"wp:attachment":[{"href":"https:\/\/zumbalaturba.com.ar\/index.php?rest_route=%2Fwp%2Fv2%2Fmedia&parent=7692"}],"wp:term":[{"taxonomy":"category","embeddable":true,"href":"https:\/\/zumbalaturba.com.ar\/index.php?rest_route=%2Fwp%2Fv2%2Fcategories&post=7692"},{"taxonomy":"post_tag","embeddable":true,"href":"https:\/\/zumbalaturba.com.ar\/index.php?rest_route=%2Fwp%2Fv2%2Ftags&post=7692"}],"curies":[{"name":"wp","href":"https:\/\/api.w.org\/{rel}","templated":true}]}}