{"id":7791,"date":"2020-09-03T19:26:34","date_gmt":"2020-09-03T22:26:34","guid":{"rendered":"https:\/\/zumbalaturba.com.ar\/?p=7791"},"modified":"2023-07-22T19:09:46","modified_gmt":"2023-07-22T22:09:46","slug":"trabajadorxs-de-senaf-en-lucha","status":"publish","type":"post","link":"https:\/\/zumbalaturba.com.ar\/?p=7791","title":{"rendered":"Trabajadorxs de SENAF en lucha"},"content":{"rendered":"\n<p><em>&#8220;Desde la <strong>Transmisi\u00f3n desde Casa<\/strong> nos comunicamos este mi\u00e9rcoles 2 de septiembre con Virgina, trabajadora de Secretar\u00eda de Ni\u00f1ez, Adolescencia Y Familia (SENAF) del Gobierno de la provincia de C\u00f3rdoba que se encuentran en lucha precarizaci\u00f3n laboral de este sector<\/em>.&#8221;<\/p>\n<p>Lxs trabajadorxs de SENAF en C\u00f3rdoba se encuentran en lucha desde hace tiempo por la precarizaci\u00f3n laboral. Recientemente echaron a una de sus trabajadorxs y trasladaron a otra, delegada sindical, hacia otra localidad. Denuncian esto como una clara persecusi\u00f3n pol\u00edtica.<\/p>\n<p>A su vez evidencian el abandono y la falta de fondos y pol\u00edticas eficientes destinadas por el estado a los espacios de contenci\u00f3n de ni\u00f1es y j\u00f3venes. Alertan sobre el estado de esas instituciones y las condiciones de habitabilidad de quienes se encuentran alojades all\u00ed.<\/p>\n<p>El mi\u00e9rcoles 2 de septiembre al mediod\u00eda realizaron una concentraci\u00f3n frente al Ministerio de Justicia y DDHH para exigir una mesa de di\u00e1logo urgente con el Ministro L\u00f3pez, principal responsable de la entidad. Luego de que el secretario de la SENAF no diera respuestas a los pedidos.<\/p>\n<p>Dialogamos con Virginia trabajadora y delegada sindical que fue trasladada.<\/p>\n<p><strong>Pod\u00e9s escuchar la nota completa aqu\u00ed:<\/strong>&nbsp;<\/p>\n<p><iframe id=\"audio_56035474\" style=\"border: 1px solid #EEE; box-sizing: border-box; width: 100%;\" src=\"https:\/\/ar.ivoox.com\/es\/player_ej_56035474_4_1.html?c1=ff6600\" scrolling=\"no\" allowfullscreen=\"allowfullscreen\" height=\"200\" frameborder=\"0\"><\/iframe><\/p>\n<div class='share-to-whatsapp-wrapper'><div class='share-on-whsp'>Share on: <\/div><div class='clear '><\/div><\/div>","protected":false},"excerpt":{"rendered":"<p>&#8220;Desde la Transmisi\u00f3n desde Casa nos comunicamos este mi\u00e9rcoles 2 de septiembre con Virgina, trabajadora de Secretar\u00eda de Ni\u00f1ez, Adolescencia Y Familia (SENAF) del Gobierno de la provincia de C\u00f3rdoba que se encuentran en lucha precarizaci\u00f3n laboral de este sector.&#8221; Lxs trabajadorxs de SENAF en C\u00f3rdoba se encuentran en lucha desde hace tiempo por la [&hellip;]<\/p>\n","protected":false},"author":2,"featured_media":7792,"comment_status":"open","ping_status":"closed","sticky":false,"template":"","format":"standard","meta":{"footnotes":""},"categories":[38,29,5],"tags":[1195,1196,435],"class_list":["post-7791","post","type-post","status-publish","format-standard","has-post-thumbnail","hentry","category-anticarcelario-antrepresivo","category-trabajadores-en-lucha","category-transfeminismos","tag-lucha","tag-senaf","tag-trabajadorxs"],"_links":{"self":[{"href":"https:\/\/zumbalaturba.com.ar\/index.php?rest_route=\/wp\/v2\/posts\/7791","targetHints":{"allow":["GET"]}}],"collection":[{"href":"https:\/\/zumbalaturba.com.ar\/index.php?rest_route=\/wp\/v2\/posts"}],"about":[{"href":"https:\/\/zumbalaturba.com.ar\/index.php?rest_route=\/wp\/v2\/types\/post"}],"author":[{"embeddable":true,"href":"https:\/\/zumbalaturba.com.ar\/index.php?rest_route=\/wp\/v2\/users\/2"}],"replies":[{"embeddable":true,"href":"https:\/\/zumbalaturba.com.ar\/index.php?rest_route=%2Fwp%2Fv2%2Fcomments&post=7791"}],"version-history":[{"count":0,"href":"https:\/\/zumbalaturba.com.ar\/index.php?rest_route=\/wp\/v2\/posts\/7791\/revisions"}],"wp:featuredmedia":[{"embeddable":true,"href":"https:\/\/zumbalaturba.com.ar\/index.php?rest_route=\/wp\/v2\/media\/7792"}],"wp:attachment":[{"href":"https:\/\/zumbalaturba.com.ar\/index.php?rest_route=%2Fwp%2Fv2%2Fmedia&parent=7791"}],"wp:term":[{"taxonomy":"category","embeddable":true,"href":"https:\/\/zumbalaturba.com.ar\/index.php?rest_route=%2Fwp%2Fv2%2Fcategories&post=7791"},{"taxonomy":"post_tag","embeddable":true,"href":"https:\/\/zumbalaturba.com.ar\/index.php?rest_route=%2Fwp%2Fv2%2Ftags&post=7791"}],"curies":[{"name":"wp","href":"https:\/\/api.w.org\/{rel}","templated":true}]}}