{"id":7820,"date":"2020-09-12T01:15:45","date_gmt":"2020-09-12T01:15:45","guid":{"rendered":"https:\/\/zumbalaturba.com.ar\/?p=7820"},"modified":"2023-07-08T21:21:13","modified_gmt":"2023-07-08T21:21:13","slug":"el-asesinato-de-lilian-y-carmen-un-crimen-del-estado-paraguayo","status":"publish","type":"post","link":"https:\/\/zumbalaturba.com.ar\/?p=7820","title":{"rendered":"El asesinato de Lilian y Carmen, un crimen del Estado Paraguayo"},"content":{"rendered":"\n<p>El 2 de septiembre, <strong>Mar\u00eda Carmen y Lilian Mariana Villalba, dos ni\u00f1as argentinas de 11 a\u00f1os fueron asesinadas en el norte de Paraguay<\/strong> (departamento de Concepci\u00f3n) en medio de un operativo militar desarrollado por la Fuerza de Tarea Conjunta (FTC), que desde 2013 mantiene militarizadas diferentes regiones del pa\u00eds.<\/p>\n<p><iframe src=\"https:\/\/ar.ivoox.com\/es\/player_ej_56327794_2_1.html?data=lpuglJybfZWhhpywj5aaaZS1lJWah5yncZKhhpywj5WRaZi3jpWah5yncYamlNHO1dPNaaSnhqeew9jSs9TZzsbhw9OPic_o08rjy9jYpYzVjKjSxc7QrcKfs9TR1M7LucbnjoqkpZK2pcXd0JDH19LGpYzgwpDB19fGpY6ZmKialg..&amp;\" width=\"100%\" height=\"100\" frameborder=\"0\" scrolling=\"no\" allowfullscreen=\"allowfullscreen\"><\/iframe><\/p>\n<p>En esta nueva Transmisi\u00f3n desde Casa, acuarentenadas pero no aislades, conversamos con <strong>Cecilia Rodrigues, del Equipo Misionero de Derechos Humanos, Justicia y G\u00e9nero<\/strong>, quien adem\u00e1s de compartir las circunstancias del brutal crimen y las responsabilidades del gobierno paraguayo, se refiri\u00f3 al terrorismo estatal, la criminalizaci\u00f3n de la protesta y la resistencia de las comunidades campesinas.<br \/>#lasni\u00f1asnosematan<\/p>\n<div class='share-to-whatsapp-wrapper'><div class='share-on-whsp'>Share on: <\/div><div class='clear '><\/div><\/div>","protected":false},"excerpt":{"rendered":"<p>El 2 de septiembre, Mar\u00eda Carmen y Lilian Mariana Villalba, dos ni\u00f1as argentinas de 11 a\u00f1os fueron asesinadas en el norte de Paraguay (departamento de Concepci\u00f3n) en medio de un operativo militar desarrollado por la Fuerza de Tarea Conjunta (FTC), que desde 2013 mantiene militarizadas diferentes regiones del pa\u00eds. En esta nueva Transmisi\u00f3n desde Casa, [&hellip;]<\/p>\n","protected":false},"author":6,"featured_media":7821,"comment_status":"open","ping_status":"closed","sticky":false,"template":"","format":"standard","meta":{"footnotes":""},"categories":[1191,5,1240],"tags":[23,1198,34,426,345,94],"class_list":["post-7820","post","type-post","status-publish","format-standard","has-post-thumbnail","hentry","category-luchas-por-el-territorio","category-transfeminismos","category-transfronterizo","tag-abya-yala","tag-epp","tag-ninez","tag-paraguay","tag-terrorismo-de-estado","tag-violencia"],"_links":{"self":[{"href":"https:\/\/zumbalaturba.com.ar\/index.php?rest_route=\/wp\/v2\/posts\/7820","targetHints":{"allow":["GET"]}}],"collection":[{"href":"https:\/\/zumbalaturba.com.ar\/index.php?rest_route=\/wp\/v2\/posts"}],"about":[{"href":"https:\/\/zumbalaturba.com.ar\/index.php?rest_route=\/wp\/v2\/types\/post"}],"author":[{"embeddable":true,"href":"https:\/\/zumbalaturba.com.ar\/index.php?rest_route=\/wp\/v2\/users\/6"}],"replies":[{"embeddable":true,"href":"https:\/\/zumbalaturba.com.ar\/index.php?rest_route=%2Fwp%2Fv2%2Fcomments&post=7820"}],"version-history":[{"count":0,"href":"https:\/\/zumbalaturba.com.ar\/index.php?rest_route=\/wp\/v2\/posts\/7820\/revisions"}],"wp:featuredmedia":[{"embeddable":true,"href":"https:\/\/zumbalaturba.com.ar\/index.php?rest_route=\/wp\/v2\/media\/7821"}],"wp:attachment":[{"href":"https:\/\/zumbalaturba.com.ar\/index.php?rest_route=%2Fwp%2Fv2%2Fmedia&parent=7820"}],"wp:term":[{"taxonomy":"category","embeddable":true,"href":"https:\/\/zumbalaturba.com.ar\/index.php?rest_route=%2Fwp%2Fv2%2Fcategories&post=7820"},{"taxonomy":"post_tag","embeddable":true,"href":"https:\/\/zumbalaturba.com.ar\/index.php?rest_route=%2Fwp%2Fv2%2Ftags&post=7820"}],"curies":[{"name":"wp","href":"https:\/\/api.w.org\/{rel}","templated":true}]}}