{"id":7824,"date":"2020-09-12T21:14:13","date_gmt":"2020-09-12T21:14:13","guid":{"rendered":"https:\/\/zumbalaturba.com.ar\/?p=7824"},"modified":"2023-07-08T21:20:42","modified_gmt":"2023-07-08T21:20:42","slug":"panorama-informativo-de-la-rnma-n311","status":"publish","type":"post","link":"https:\/\/zumbalaturba.com.ar\/?p=7824","title":{"rendered":"PANORAMA N\u00b0311"},"content":{"rendered":"\n<div class=\"col s12 m12 l8\">\n<div class=\"qt-the-content\"><!-- [if lt IE 9]><script>document.createElement('audio');<\/script><![endif]--><\/div>\n<div>PANORAMA INFORMATIVO DE LA RNMA N\u00b0311<\/div>\n<div>\u00a0<\/div>\n<div class=\"qt-the-content\"><audio id=\"audio-14104-1\" class=\"wp-audio-shortcode\" style=\"width: 100%;\" preload=\"none\" controls=\"controls\"><source type=\"audio\/mpeg\" src=\"https:\/\/ia801506.us.archive.org\/7\/items\/20200912panorama\/20200912panorama.mp3?_=1\" \/><a href=\"https:\/\/ia801506.us.archive.org\/7\/items\/20200912panorama\/20200912panorama.mp3\">https:\/\/ia801506.us.archive.org\/7\/items\/20200912panorama\/20200912panorama.mp3<\/a><\/audio>\n<div class=\"vc_row wpb_row vc_row-fluid qt-custom-composer\">\n<div class=\"wpb_column vc_column_container vc_col-sm-12\">\n<div class=\"vc_column-inner\">\n<div class=\"wpb_wrapper\">\n<div class=\"wpb_text_column wpb_content_element \">\n<div class=\"wpb_wrapper\">\n<p>Noticias de diferentes partes del pa\u00eds y el mundo donde la informaci\u00f3n va recorriendo el territorio en las voces de les protagonistes.<\/p>\n<\/div>\n<\/div>\n<div class=\"vc_separator wpb_content_element vc_separator_align_center vc_sep_width_100 vc_sep_border_width_3 vc_sep_pos_align_center vc_separator_no_text vc_sep_color_pink\">\u00a0<\/div>\n<\/div>\n<\/div>\n<\/div>\n<\/div>\n<\/div>\n<\/div>\n<div class=\"vc_row wpb_row vc_row-fluid qt-custom-composer\">\n<div class=\"wpb_column vc_column_container vc_col-sm-12\">\n<div class=\"vc_column-inner\">\n<div class=\"wpb_wrapper\">\n<div class=\"vc_empty_space\" style=\"height: 32px;\">\u00a0<\/div>\n<div class=\"wpb_text_column wpb_content_element  vc_custom_1599935060878\">\n<div class=\"wpb_wrapper\">\n<p><a href=\"https:\/\/archive.org\/download\/20200912panorama\/20200912panorama.mp3\"><strong>Descargar Panorama completo aqu\u00ed<\/strong><\/a><\/p>\n<\/div>\n<\/div>\n<\/div>\n<\/div>\n<\/div>\n<\/div>\n<div class=\"vc_row wpb_row vc_row-fluid qt-custom-composer\">\n<div class=\"wpb_column vc_column_container vc_col-sm-12\">\n<div class=\"vc_column-inner\">\n<div class=\"wpb_wrapper\">\n<div class=\"vc_empty_space\" style=\"height: 32px;\">\u00a0<\/div>\n<div class=\"wpb_text_column wpb_content_element  vc_custom_1599934920927\">\n<div class=\"wpb_wrapper\">\n<p><strong>LA MATANZA, PROVINCIA DE BUENOS AIRES<\/strong><\/p>\n<p>El pasado mi\u00e9rcoles se realiz\u00f3 una movilizaci\u00f3n a la municipalidad de La Matanza con el objetivo de denunciar la contaminaci\u00f3n que genera la planta de Klaukol ubicada en el barrio de Virrey del Pino. La polic\u00eda reprimi\u00f3 a les manifestantes y encarcel\u00f3 a once personas. El grupo de vecines denuncia adem\u00e1s la connivencia que existi\u00f3 y contin\u00faa existiendo tanto a nivel municipal como por parte del Organismo Provincial para el Desarrollo Sostenible (OPDS) y de la Autoridad de Cuenca Matanza Riachuelo (ACUMAR). Hablamos con Susana Aranda, integrante de Autoconvocadxs contra la contaminaci\u00f3n de Klaukol.<\/p>\n<p>\u00a0<\/p>\n<p><strong>NEUQU\u00c9N<\/strong><\/p>\n<p>Hablamos con la trabajadora del Hospital Castro Rend\u00f3n e integrante de la Secretar\u00eda de las Mujeres del mismo, Julieta Katcoff, sobre la situaci\u00f3n sanitaria de la provincia, que est\u00e1 a un paso del colapso.<\/p>\n<p>\u00a0<\/p>\n<p><strong>NEUQU\u00c9N<\/strong><\/p>\n<p>En las c\u00e1rceles lxs presxs no est\u00e1n recibiendo ni siquiera insumos de higiene y limpieza, no pueden acceder a derechos como libertades condicionales, pero los polic\u00edas se juntan a comer asado y tomar alcohol tras los muros. Ram\u00f3n Mansilla, integrante de la Asociaci\u00f3n Zainuco, nos cuenta sobre la situaci\u00f3n.<\/p>\n<p>\u00a0<\/p>\n<p><strong>BUENOS AIRES<\/strong><\/p>\n<p>Mar\u00eda del Carmen Verd\u00fa, abogada de la CORREPI, opin\u00f3 acerca del levantamiento policial de esta semana.<\/p>\n<p>\u00a0<\/p>\n<p><strong>EL BOLS\u00d3N, R\u00cdO NEGRO<\/strong><\/p>\n<p>Este jueves 10 de septiembre fm Alas cumple 33 a\u00f1os de comunicaci\u00f3n comunitaria. Charlamos con algunes de ses integrantes sobre lo que implica estos a\u00f1os de historia y construcci\u00f3n comunitaria.<\/p>\n<p>\u00a0<\/p>\n<p><strong>NACIONALES<\/strong><\/p>\n<p>Nora Corti\u00f1as, referente de Madres de Plaza de Mayo L\u00ednea Fundadora, se refiri\u00f3 a la desaparici\u00f3n de Facundo Astudillo Castro, la pandemia y el reclamo de la Polic\u00eda Bonaerense.<\/p>\n<p>\u00a0<\/p>\n<p><strong>PARAGUAY<\/strong><\/p>\n<p>El 2 de septiembre, Mar\u00eda Carmen y Lilian Mariana Villalba, dos ni\u00f1as argentinas de once a\u00f1os fueron asesinadas en la zona de Concepci\u00f3n en medio de un operativo militar desarrollado por la Fuerza de Tarea Conjunta, que desde 2013 mantiene militarizadas diferentes regiones del pa\u00eds. Sus cuerpos fueron fotografiados con uniformes militares \u2013que luego fueron r\u00e1pidamente quemados con la excusa del COVID- y ellas fueron enterradas. El presidente paraguayo Mario Abdo Martinez reivindic\u00f3 el asesinato como fruto de un exitoso operativo en la lucha contra el Ej\u00e9rcito del Pueblo Paraguayo, despertando la indignaci\u00f3n internacional. Cecilia Rodrigues, del Equipo Misionero de Derechos Humanos, Justicia y G\u00e9nero se refiere a estos hechos y hace una caracterizaci\u00f3n del accionar de esta Fuerza. Seguidamente, nos cuenta las acciones iniciadas por organismos de derechos humanos a nivel nacional e internacional.<\/p>\n<p>\u00a0<\/p>\n<p><strong>M\u00c9XICO<\/strong><\/p>\n<p>Desde el jueves 3 de septiembre, familiares de v\u00edctimas de violencia acompa\u00f1adas de activistas de los colectivos Ni Una Menos y Bloque Negro mantienen tomada la sede de la Comisi\u00f3n Nacional de Derechos Humanos de la ciudad de M\u00e9xico. Un centenar de mujeres sostienen la medida exigiendo que se agilicen las carpetas de investigaci\u00f3n de un sinn\u00famero de causas de violencia de g\u00e9nero, abuso sexual contra las infancias y de violencia en general. Erika nos cuenta c\u00f3mo y porqu\u00e9 est\u00e1n llevando adelante esta toma.<\/p>\n<p>\u00a0<\/p>\n<\/div>\n<\/div>\n<\/div>\n<\/div>\n<\/div>\n<\/div>\n<div class='share-to-whatsapp-wrapper'><div class='share-on-whsp'>Share on: <\/div><div class='clear '><\/div><\/div>","protected":false},"excerpt":{"rendered":"<p>PANORAMA INFORMATIVO DE LA RNMA N\u00b0311 \u00a0 https:\/\/ia801506.us.archive.org\/7\/items\/20200912panorama\/20200912panorama.mp3 Noticias de diferentes partes del pa\u00eds y el mundo donde la informaci\u00f3n va recorriendo el territorio en las voces de les protagonistes. \u00a0 \u00a0 Descargar Panorama completo aqu\u00ed \u00a0 LA MATANZA, PROVINCIA DE BUENOS AIRES El pasado mi\u00e9rcoles se realiz\u00f3 una movilizaci\u00f3n a la municipalidad de La [&hellip;]<\/p>\n","protected":false},"author":6,"featured_media":7606,"comment_status":"open","ping_status":"closed","sticky":false,"template":"","format":"standard","meta":{"footnotes":""},"categories":[264,3],"tags":[23,660,16,1070,1071,426,94],"class_list":["post-7824","post","type-post","status-publish","format-standard","has-post-thumbnail","hentry","category-panorama","category-rnma","tag-abya-yala","tag-infanticidio","tag-mexico","tag-panorama-informativo","tag-panorama-informativo-de-la-red-nacional-de-medios-alternativos","tag-paraguay","tag-violencia"],"_links":{"self":[{"href":"https:\/\/zumbalaturba.com.ar\/index.php?rest_route=\/wp\/v2\/posts\/7824","targetHints":{"allow":["GET"]}}],"collection":[{"href":"https:\/\/zumbalaturba.com.ar\/index.php?rest_route=\/wp\/v2\/posts"}],"about":[{"href":"https:\/\/zumbalaturba.com.ar\/index.php?rest_route=\/wp\/v2\/types\/post"}],"author":[{"embeddable":true,"href":"https:\/\/zumbalaturba.com.ar\/index.php?rest_route=\/wp\/v2\/users\/6"}],"replies":[{"embeddable":true,"href":"https:\/\/zumbalaturba.com.ar\/index.php?rest_route=%2Fwp%2Fv2%2Fcomments&post=7824"}],"version-history":[{"count":0,"href":"https:\/\/zumbalaturba.com.ar\/index.php?rest_route=\/wp\/v2\/posts\/7824\/revisions"}],"wp:featuredmedia":[{"embeddable":true,"href":"https:\/\/zumbalaturba.com.ar\/index.php?rest_route=\/wp\/v2\/media\/7606"}],"wp:attachment":[{"href":"https:\/\/zumbalaturba.com.ar\/index.php?rest_route=%2Fwp%2Fv2%2Fmedia&parent=7824"}],"wp:term":[{"taxonomy":"category","embeddable":true,"href":"https:\/\/zumbalaturba.com.ar\/index.php?rest_route=%2Fwp%2Fv2%2Fcategories&post=7824"},{"taxonomy":"post_tag","embeddable":true,"href":"https:\/\/zumbalaturba.com.ar\/index.php?rest_route=%2Fwp%2Fv2%2Ftags&post=7824"}],"curies":[{"name":"wp","href":"https:\/\/api.w.org\/{rel}","templated":true}]}}