{"id":7828,"date":"2020-09-12T22:37:24","date_gmt":"2020-09-12T22:37:24","guid":{"rendered":"https:\/\/zumbalaturba.com.ar\/?p=7828"},"modified":"2023-07-08T21:20:23","modified_gmt":"2023-07-08T21:20:23","slug":"mexico-por-vidas-libres-de-violencia-y-una-justicia-feminista","status":"publish","type":"post","link":"https:\/\/zumbalaturba.com.ar\/?p=7828","title":{"rendered":"M\u00e9xico: Por vidas libres de violencia y una justicia feminista"},"content":{"rendered":"\n<p>Desde el jueves pasado familiares de v\u00edctimas de violencia de g\u00e9nero iniciaron la toma de la Comisi\u00f3n Nacional de Derechos Humanos (CNDH), ubicada en Ciudad de M\u00e9xico, acompa\u00f1adas por la solidaridad de distintos grupos de feministas.<\/p>\n<p>La ocupaci\u00f3n del edificio que seg\u00fan expresan &#8220;deber\u00eda protegerlas&#8221; es en se\u00f1al de protesta por el accionar del Estado mexicano que no da respuesta, apa\u00f1a la violencia patriarcal y revictimiza a las v\u00edctimas y sus familias.<\/p>\n<p>Sobre la medida de fuerzas y las novedades conversamos con una de las protagonistas, Erika, desde la ocupaci\u00f3n de la&nbsp; Comisi\u00f3n Nacional de Derechos Humanos (CNDH)<\/p>\n<p><br><br><\/p>\n\n<iframe id=\"audio_56329442\" allowfullscreen=\"\" scrolling=\"no\" style=\"border:1px solid #EEE; box-sizing:border-box; width:100%;\" src=\"https:\/\/ar.ivoox.com\/es\/player_ej_56329442_4_1.html?c1=ff6600\" height=\"200\" frameborder=\"0\"><\/iframe>\n<div class='share-to-whatsapp-wrapper'><div class='share-on-whsp'>Share on: <\/div><div class='clear '><\/div><\/div>","protected":false},"excerpt":{"rendered":"<p>Desde el jueves pasado familiares de v\u00edctimas de violencia de g\u00e9nero iniciaron la toma de la Comisi\u00f3n Nacional de Derechos Humanos (CNDH), ubicada en Ciudad de M\u00e9xico, acompa\u00f1adas por la solidaridad de distintos grupos de feministas. La ocupaci\u00f3n del edificio que seg\u00fan expresan &#8220;deber\u00eda protegerlas&#8221; es en se\u00f1al de protesta por el accionar del Estado [&hellip;]<\/p>\n","protected":false},"author":35,"featured_media":7830,"comment_status":"open","ping_status":"closed","sticky":false,"template":"","format":"standard","meta":{"footnotes":""},"categories":[38,5,1240],"tags":[],"class_list":["post-7828","post","type-post","status-publish","format-standard","has-post-thumbnail","hentry","category-anticarcelario-antrepresivo","category-transfeminismos","category-transfronterizo"],"_links":{"self":[{"href":"https:\/\/zumbalaturba.com.ar\/index.php?rest_route=\/wp\/v2\/posts\/7828","targetHints":{"allow":["GET"]}}],"collection":[{"href":"https:\/\/zumbalaturba.com.ar\/index.php?rest_route=\/wp\/v2\/posts"}],"about":[{"href":"https:\/\/zumbalaturba.com.ar\/index.php?rest_route=\/wp\/v2\/types\/post"}],"author":[{"embeddable":true,"href":"https:\/\/zumbalaturba.com.ar\/index.php?rest_route=\/wp\/v2\/users\/35"}],"replies":[{"embeddable":true,"href":"https:\/\/zumbalaturba.com.ar\/index.php?rest_route=%2Fwp%2Fv2%2Fcomments&post=7828"}],"version-history":[{"count":0,"href":"https:\/\/zumbalaturba.com.ar\/index.php?rest_route=\/wp\/v2\/posts\/7828\/revisions"}],"wp:featuredmedia":[{"embeddable":true,"href":"https:\/\/zumbalaturba.com.ar\/index.php?rest_route=\/wp\/v2\/media\/7830"}],"wp:attachment":[{"href":"https:\/\/zumbalaturba.com.ar\/index.php?rest_route=%2Fwp%2Fv2%2Fmedia&parent=7828"}],"wp:term":[{"taxonomy":"category","embeddable":true,"href":"https:\/\/zumbalaturba.com.ar\/index.php?rest_route=%2Fwp%2Fv2%2Fcategories&post=7828"},{"taxonomy":"post_tag","embeddable":true,"href":"https:\/\/zumbalaturba.com.ar\/index.php?rest_route=%2Fwp%2Fv2%2Ftags&post=7828"}],"curies":[{"name":"wp","href":"https:\/\/api.w.org\/{rel}","templated":true}]}}