{"id":7837,"date":"2020-09-17T15:25:11","date_gmt":"2020-09-17T18:25:11","guid":{"rendered":"https:\/\/zumbalaturba.com.ar\/?p=7837"},"modified":"2023-10-14T18:44:41","modified_gmt":"2023-10-14T21:44:41","slug":"enredando-luchas-y-resistencias-desde-la-educacion-popular","status":"publish","type":"post","link":"https:\/\/zumbalaturba.com.ar\/?p=7837","title":{"rendered":"Enredando luchas y resistencias desde la educaci\u00f3n popular"},"content":{"rendered":"\n<p style=\"text-align: left;\">Los d\u00edas 18 y 19 de septiembre se realizar\u00e1 el <strong>16\u00b0 Encuentro de la Red de Redes de Educadorxs Populares \u201cPaulo Freire\u201d<\/strong>. En las condiciones de pandemia, tendr\u00e1 lugar por plataformas virtuales.<br \/>Convocan en esta oportunidad m\u00e1s de 50 organizaciones sociales y redes de educaci\u00f3n popular de todo el continente que se entrelazar\u00e1n en torno a m\u00e1s de diez talleres sobre distintas tem\u00e1sticas, como feminismos plurinacionales, alfabetizaci\u00f3n, sindicalismo de liberaci\u00f3n, etc.<\/p>\n<p>Conversamos con <strong>Claudia Korol, integrante de Pa\u00f1uelos en Rebeld\u00eda<\/strong> y una de lxs organizadorxs del Encuentro.<\/p>\n<p><iframe id=\"audio_56636462\" style=\"border: 1px solid #EEE; box-sizing: border-box; width: 100%;\" src=\"https:\/\/ar.ivoox.com\/es\/player_ej_56636462_4_1.html?c1=ff6600\" height=\"200\" frameborder=\"0\" scrolling=\"no\" allowfullscreen=\"allowfullscreen\"><\/iframe><\/p>\n<div class='share-to-whatsapp-wrapper'><div class='share-on-whsp'>Share on: <\/div><div class='clear '><\/div><\/div>","protected":false},"excerpt":{"rendered":"<p>Los d\u00edas 18 y 19 de septiembre se realizar\u00e1 el 16\u00b0 Encuentro de la Red de Redes de Educadorxs Populares \u201cPaulo Freire\u201d. En las condiciones de pandemia, tendr\u00e1 lugar por plataformas virtuales.Convocan en esta oportunidad m\u00e1s de 50 organizaciones sociales y redes de educaci\u00f3n popular de todo el continente que se entrelazar\u00e1n en torno a [&hellip;]<\/p>\n","protected":false},"author":6,"featured_media":7838,"comment_status":"open","ping_status":"closed","sticky":false,"template":"","format":"standard","meta":{"footnotes":""},"categories":[1241,15,29],"tags":[23,392,604,63],"class_list":["post-7837","post","type-post","status-publish","format-standard","has-post-thumbnail","hentry","category-ddhh","category-la-zumba","category-trabajadores-en-lucha","tag-abya-yala","tag-educacion","tag-educacion-popular","tag-panuelos"],"_links":{"self":[{"href":"https:\/\/zumbalaturba.com.ar\/index.php?rest_route=\/wp\/v2\/posts\/7837","targetHints":{"allow":["GET"]}}],"collection":[{"href":"https:\/\/zumbalaturba.com.ar\/index.php?rest_route=\/wp\/v2\/posts"}],"about":[{"href":"https:\/\/zumbalaturba.com.ar\/index.php?rest_route=\/wp\/v2\/types\/post"}],"author":[{"embeddable":true,"href":"https:\/\/zumbalaturba.com.ar\/index.php?rest_route=\/wp\/v2\/users\/6"}],"replies":[{"embeddable":true,"href":"https:\/\/zumbalaturba.com.ar\/index.php?rest_route=%2Fwp%2Fv2%2Fcomments&post=7837"}],"version-history":[{"count":0,"href":"https:\/\/zumbalaturba.com.ar\/index.php?rest_route=\/wp\/v2\/posts\/7837\/revisions"}],"wp:featuredmedia":[{"embeddable":true,"href":"https:\/\/zumbalaturba.com.ar\/index.php?rest_route=\/wp\/v2\/media\/7838"}],"wp:attachment":[{"href":"https:\/\/zumbalaturba.com.ar\/index.php?rest_route=%2Fwp%2Fv2%2Fmedia&parent=7837"}],"wp:term":[{"taxonomy":"category","embeddable":true,"href":"https:\/\/zumbalaturba.com.ar\/index.php?rest_route=%2Fwp%2Fv2%2Fcategories&post=7837"},{"taxonomy":"post_tag","embeddable":true,"href":"https:\/\/zumbalaturba.com.ar\/index.php?rest_route=%2Fwp%2Fv2%2Ftags&post=7837"}],"curies":[{"name":"wp","href":"https:\/\/api.w.org\/{rel}","templated":true}]}}