{"id":7860,"date":"2020-09-26T14:47:42","date_gmt":"2020-09-26T14:47:42","guid":{"rendered":"https:\/\/zumbalaturba.com.ar\/?p=7860"},"modified":"2023-07-08T21:05:35","modified_gmt":"2023-07-08T21:05:35","slug":"panorama-informativo-de-la-rnma-n313","status":"publish","type":"post","link":"https:\/\/zumbalaturba.com.ar\/?p=7860","title":{"rendered":"PANORAMA N\u00b0313"},"content":{"rendered":"\n<div class=\"col s12 m12 l8\">\n<div class=\"qt-the-content\">\u00a0<\/div>\n<div>\u00a0<\/div>\n<div class=\"qt-the-content\">PANORAMA INFORMATIVO DE LA RNMA N\u00b0313<\/div>\n<\/div>\n<div>\u00a0<\/div>\n<div class=\"col s12 m12 l8\">\n<div class=\"qt-the-content\"><audio id=\"audio-14273-1\" class=\"wp-audio-shortcode\" style=\"width: 100%;\" preload=\"none\" controls=\"controls\"><source type=\"audio\/mpeg\" src=\"http:\/\/ia601508.us.archive.org\/15\/items\/panorama-rnma-313\/PanoramaRNMA313.mp3?_=1\" \/><a href=\"http:\/\/ia601508.us.archive.org\/15\/items\/panorama-rnma-313\/PanoramaRNMA313.mp3\">http:\/\/ia601508.us.archive.org\/15\/items\/panorama-rnma-313\/PanoramaRNMA313.mp3<\/a><\/audio>\n<div class=\"vc_row wpb_row vc_row-fluid qt-custom-composer\">\n<div class=\"wpb_column vc_column_container vc_col-sm-12\">\n<div class=\"vc_column-inner\">\n<div class=\"wpb_wrapper\">\n<div class=\"wpb_text_column wpb_content_element \">\n<div class=\"wpb_wrapper\">\n<p>Noticias de diferentes partes del pa\u00eds y el mundo donde la informaci\u00f3n va recorriendo el territorio en las voces de les protagonistes.<\/p>\n<\/div>\n<\/div>\n<div class=\"vc_separator wpb_content_element vc_separator_align_center vc_sep_width_100 vc_sep_border_width_3 vc_sep_pos_align_center vc_separator_no_text vc_sep_color_pink\">\u00a0<\/div>\n<\/div>\n<\/div>\n<\/div>\n<\/div>\n<div class=\"vc_row wpb_row vc_row-fluid qt-custom-composer\">\n<div class=\"wpb_column vc_column_container vc_col-sm-12\">\n<div class=\"vc_column-inner\">\n<div class=\"wpb_wrapper\">\n<div class=\"vc_empty_space\" style=\"height: 32px;\"><a style=\"font-size: inherit;\" href=\"https:\/\/ia601508.us.archive.org\/15\/items\/panorama-rnma-313\/PanoramaRNMA313.mp3\"><strong>Descargar Panorama completo aqu\u00ed<\/strong><\/a><\/div>\n<\/div>\n<\/div>\n<\/div>\n<\/div>\n<div class=\"vc_row wpb_row vc_row-fluid qt-custom-composer\">\n<div class=\"wpb_column vc_column_container vc_col-sm-12\">\n<div class=\"vc_column-inner\">\n<div class=\"wpb_wrapper\">\n<div>\u00a0<\/div>\n<div class=\"vc_empty_space\" style=\"height: 32px;\"><strong style=\"font-size: inherit;\">EL HOYO, CHUBUT<\/strong><\/div>\n<div class=\"wpb_text_column wpb_content_element  vc_custom_1601130376019\">\n<div class=\"wpb_wrapper\">\n<p>En plena pandemia el gobernador Arcioni mantiene el total abandono de la salud, no s\u00f3lo por el atraso en dos meses de salario, sino por falta de insumos, personal y ambulancia, entre otras, en un momento de gran riesgo y agotamiento del personal sanitario. El lunes, en el d\u00eda de la sanidad, se manifestaron los Hospitales Rurales de la regi\u00f3n en la Ruta 40, acompa\u00f1ados por los gremios ATE y ATECH. Dialogamos con Ricardo, delegado de ATE del Hospital de la localidad.<\/p>\n<p><strong>EL BOLS\u00d3N, R\u00cdO NEGRO<\/strong><\/p>\n<p>Las tomas de tierras siguen siendo la clara muestra de la falta de pol\u00edticas sociales y que tiendan a asegurar los derechos de las personas. La toma de la zona conocida como Loma del Medio en El Bols\u00f3n ha Sido difundida en medios nacionales que estigmatizan a quienes han acudido a solucionar su necesidad de un lugar para dejar de pagar alquiler. Charlamos con Ayel\u00e9n, quien nos cuenta un poco c\u00f3mo se vive desde adentro<\/p>\n<p><strong>C\u00d3RDOBA<\/strong><\/p>\n<p>En los \u00faltimos dos meses, m\u00e1s de 70 mil hect\u00e1reas han sido afectadas por los incendios forestales que han asolado la provincia, entre las que se cuenta un alto porcentaje de bosque nativo. Gabriel Correa, docente e integrante de la Asamblea San Roque Despierta describe la preocupante situaci\u00f3n y la relaciona con los intereses del gobierno provincial, el agronegocio y los grupos inmobiliarios.<br \/>El avance del fuego y la falta de recursos del Estado para combatirlo, ha llevado a que muchos vecinos y vecinas de la zona se organicen de manera autoconvocada, poniendo en riesgo sus vidas.<\/p>\n<p><strong>LAGO PUELO, CHUBUT<\/strong><\/p>\n<p>La situaci\u00f3n de les trabajadores estatales de la provincia de Chubut sigue siendo cr\u00edtica y el gobernador Arcioni no tiene soluciones posibles. Esta semana se realizaron acciones en varias partes de la provincia. Charlamos con Leo Pi, Secretario General de Atech seccional Noroeste, el sindicato docente, quien nos relata la situaci\u00f3n.<\/p>\n<p><strong>ROSARIO, SANTA FE<\/strong><\/p>\n<p>\u00bfLxs ni\u00f1xs primero? En una jornada m\u00e1s de lucha de lxs trabajadorxs de la Direcci\u00f3n Provincial de la Ni\u00f1ez, dialogamos con Mariana Palacios, delegada de ATE \u2013 Rosario, quien nos inform\u00f3 sobre las condiciones de trabajo que padecen.<\/p>\n<p><strong>NEUQU\u00c9N<\/strong><\/p>\n<p>A principios de noviembre comenzar\u00e1 el s\u00e9ptimo juicio contra genocidas por los delitos de lesa humanidad cometidos en el Alto Valle de R\u00edo Negro y Neuqu\u00e9n. Los quince imputados en este tramo ya fueron condenados en las seis instancias previas. Se investigar\u00e1n los delitos contra veinte personas durante la \u00faltima dictadura c\u00edvico militar eclesi\u00e1stica y econ\u00f3mica y participar\u00e1n 206 testigxs. Hablamos con Natalia Hormazabal, abogada del CeProDH, parte de la querella.<\/p>\n<p><strong>BUENOS AIRES<\/strong><\/p>\n<p>Se suspendi\u00f3 el desalojo de la toma de tierras en Guernica. Eduardo Soares de la Gremial de Abogados y Abogadas cont\u00f3 c\u00f3mo son las negociaciones para solucionar el problema.<\/p>\n<p><strong>C\u00d3RDOBA<\/strong><\/p>\n<p>A casi un a\u00f1o del golpe de Estado en Bolivia, el pr\u00f3ximo 18 de octubre se realizar\u00e1n las elecciones presidenciales, para lo cual se encuentran habilitados un importante n\u00famero de ciudadanos y ciudadanas bolivianas residentes en Argentina. Soledad Pati\u00f1o, representante del barrio 6 de agosto de la comunidad boliviana en C\u00f3rdoba, denuncia la intenci\u00f3n del COE de la provincia de impedir la realizaci\u00f3n de los comicios debido a la pandemia del COVID19 y la falta de respuestas del consulado local. Por otro lado, el delegado de la comunidad en Barrio Observatorio y G\u00fcemes se\u00f1al\u00f3 la complicidad del \u00d3rgano Electoral Plurinacional en esta situaci\u00f3n.<\/p>\n<p><strong>BUENOS AIRES<br \/><\/strong><br \/>El ex camarista de Bah\u00eda Blanca, N\u00e9stor Montezanti, fue procesado por asociaci\u00f3n il\u00edcita sospechado de ser integrante de la Triple A<\/p>\n<p><strong>EFEM\u00c9RIDES<\/strong><\/p>\n<p>El 23 de septiembre se conmemora el d\u00eda internacional contra la trata. Escuchamos a Florencia Guimaraes Garcia (travesti, transfeminista, transabolicionista, militante por los DDHH, Furia Trava).<\/p>\n<\/div>\n<\/div>\n<\/div>\n<\/div>\n<\/div>\n<\/div>\n<\/div>\n<\/div>\n<div class='share-to-whatsapp-wrapper'><div class='share-on-whsp'>Share on: <\/div><div class='clear '><\/div><\/div>","protected":false},"excerpt":{"rendered":"<p>\u00a0 \u00a0 PANORAMA INFORMATIVO DE LA RNMA N\u00b0313 \u00a0 http:\/\/ia601508.us.archive.org\/15\/items\/panorama-rnma-313\/PanoramaRNMA313.mp3 Noticias de diferentes partes del pa\u00eds y el mundo donde la informaci\u00f3n va recorriendo el territorio en las voces de les protagonistes. \u00a0 Descargar Panorama completo aqu\u00ed \u00a0 EL HOYO, CHUBUT En plena pandemia el gobernador Arcioni mantiene el total abandono de la salud, no [&hellip;]<\/p>\n","protected":false},"author":6,"featured_media":7606,"comment_status":"open","ping_status":"closed","sticky":false,"template":"","format":"standard","meta":{"footnotes":""},"categories":[264,3],"tags":[1070,1071,390],"class_list":["post-7860","post","type-post","status-publish","format-standard","has-post-thumbnail","hentry","category-panorama","category-rnma","tag-panorama-informativo","tag-panorama-informativo-de-la-red-nacional-de-medios-alternativos","tag-rnma"],"_links":{"self":[{"href":"https:\/\/zumbalaturba.com.ar\/index.php?rest_route=\/wp\/v2\/posts\/7860","targetHints":{"allow":["GET"]}}],"collection":[{"href":"https:\/\/zumbalaturba.com.ar\/index.php?rest_route=\/wp\/v2\/posts"}],"about":[{"href":"https:\/\/zumbalaturba.com.ar\/index.php?rest_route=\/wp\/v2\/types\/post"}],"author":[{"embeddable":true,"href":"https:\/\/zumbalaturba.com.ar\/index.php?rest_route=\/wp\/v2\/users\/6"}],"replies":[{"embeddable":true,"href":"https:\/\/zumbalaturba.com.ar\/index.php?rest_route=%2Fwp%2Fv2%2Fcomments&post=7860"}],"version-history":[{"count":0,"href":"https:\/\/zumbalaturba.com.ar\/index.php?rest_route=\/wp\/v2\/posts\/7860\/revisions"}],"wp:featuredmedia":[{"embeddable":true,"href":"https:\/\/zumbalaturba.com.ar\/index.php?rest_route=\/wp\/v2\/media\/7606"}],"wp:attachment":[{"href":"https:\/\/zumbalaturba.com.ar\/index.php?rest_route=%2Fwp%2Fv2%2Fmedia&parent=7860"}],"wp:term":[{"taxonomy":"category","embeddable":true,"href":"https:\/\/zumbalaturba.com.ar\/index.php?rest_route=%2Fwp%2Fv2%2Fcategories&post=7860"},{"taxonomy":"post_tag","embeddable":true,"href":"https:\/\/zumbalaturba.com.ar\/index.php?rest_route=%2Fwp%2Fv2%2Ftags&post=7860"}],"curies":[{"name":"wp","href":"https:\/\/api.w.org\/{rel}","templated":true}]}}