{"id":7878,"date":"2020-10-01T14:55:32","date_gmt":"2020-10-01T14:55:32","guid":{"rendered":"https:\/\/zumbalaturba.com.ar\/?p=7878"},"modified":"2023-07-08T21:04:51","modified_gmt":"2023-07-08T21:04:51","slug":"28s-el-derecho-al-aborto-la-lucha-las-redes-y-la-cuarentena","status":"publish","type":"post","link":"https:\/\/zumbalaturba.com.ar\/?p=7878","title":{"rendered":"28S: el derecho al aborto, la lucha, las redes y la cuarentena"},"content":{"rendered":"\n<p>A 30 a\u00f1os de la declaraci\u00f3n del d\u00eda de lucha por la despenalizaci\u00f3n y legalizaci\u00f3n del aborto en Am\u00e9rica Latina y el Caribe, conversamos con <strong>Belen Carcedo de la red de profesionales de la salud por el derecho a decidir<\/strong>; <strong>Betiana Cabrera Fasolis, de la campa\u00f1a nacional por el aborto legal seguro y gratuito<\/strong> y <strong>Luc\u00eda Baez, del grupo socorrista Las Hilando de Socorristas en Red<\/strong>.<\/p>\n<p>La entrevista se dio en el marco de una nueva edici\u00f3n de <strong>&#8220;Di\u00e1logos en La Piojera&#8221;<\/strong> que versar\u00e1 sobre el derecho al aborto y se transmitir\u00e1 el pr\u00f3ximo martes 6 de octubre. A trav\u00e9s de esta iniciativa, el centro cultural <span style=\"font-weight: 400;\">busca pensar en conjunto y compartir miradas sobre la realidad, a trav\u00e9s de entrevistas y conversatorios.<\/span>\u00a0<\/p>\n<p><iframe id=\"audio_57337915\" style=\"border: 1px solid #EEE; box-sizing: border-box; width: 100%;\" src=\"https:\/\/ar.ivoox.com\/es\/player_ej_57337915_4_1.html?c1=ff6600\" height=\"200\" frameborder=\"0\" scrolling=\"no\" allowfullscreen=\"allowfullscreen\"><\/iframe><\/p>\n<p><em>Foto: CC La Piojera<\/em><\/p>\n<div class='share-to-whatsapp-wrapper'><div class='share-on-whsp'>Share on: <\/div><div class='clear '><\/div><\/div>","protected":false},"excerpt":{"rendered":"<p>A 30 a\u00f1os de la declaraci\u00f3n del d\u00eda de lucha por la despenalizaci\u00f3n y legalizaci\u00f3n del aborto en Am\u00e9rica Latina y el Caribe, conversamos con Belen Carcedo de la red de profesionales de la salud por el derecho a decidir; Betiana Cabrera Fasolis, de la campa\u00f1a nacional por el aborto legal seguro y gratuito y [&hellip;]<\/p>\n","protected":false},"author":6,"featured_media":7879,"comment_status":"open","ping_status":"closed","sticky":false,"template":"","format":"standard","meta":{"footnotes":""},"categories":[38,5],"tags":[6,985,7,335,650],"class_list":["post-7878","post","type-post","status-publish","format-standard","has-post-thumbnail","hentry","category-anticarcelario-antrepresivo","category-transfeminismos","tag-aborto","tag-campana","tag-feminismos","tag-generos","tag-socorristas-en-red"],"_links":{"self":[{"href":"https:\/\/zumbalaturba.com.ar\/index.php?rest_route=\/wp\/v2\/posts\/7878","targetHints":{"allow":["GET"]}}],"collection":[{"href":"https:\/\/zumbalaturba.com.ar\/index.php?rest_route=\/wp\/v2\/posts"}],"about":[{"href":"https:\/\/zumbalaturba.com.ar\/index.php?rest_route=\/wp\/v2\/types\/post"}],"author":[{"embeddable":true,"href":"https:\/\/zumbalaturba.com.ar\/index.php?rest_route=\/wp\/v2\/users\/6"}],"replies":[{"embeddable":true,"href":"https:\/\/zumbalaturba.com.ar\/index.php?rest_route=%2Fwp%2Fv2%2Fcomments&post=7878"}],"version-history":[{"count":0,"href":"https:\/\/zumbalaturba.com.ar\/index.php?rest_route=\/wp\/v2\/posts\/7878\/revisions"}],"wp:featuredmedia":[{"embeddable":true,"href":"https:\/\/zumbalaturba.com.ar\/index.php?rest_route=\/wp\/v2\/media\/7879"}],"wp:attachment":[{"href":"https:\/\/zumbalaturba.com.ar\/index.php?rest_route=%2Fwp%2Fv2%2Fmedia&parent=7878"}],"wp:term":[{"taxonomy":"category","embeddable":true,"href":"https:\/\/zumbalaturba.com.ar\/index.php?rest_route=%2Fwp%2Fv2%2Fcategories&post=7878"},{"taxonomy":"post_tag","embeddable":true,"href":"https:\/\/zumbalaturba.com.ar\/index.php?rest_route=%2Fwp%2Fv2%2Ftags&post=7878"}],"curies":[{"name":"wp","href":"https:\/\/api.w.org\/{rel}","templated":true}]}}