{"id":7881,"date":"2020-10-01T15:13:50","date_gmt":"2020-10-01T18:13:50","guid":{"rendered":"https:\/\/zumbalaturba.com.ar\/?p=7881"},"modified":"2023-10-14T18:44:09","modified_gmt":"2023-10-14T21:44:09","slug":"elecciones-en-bolivia-el-derecho-al-voto-de-ciudadanxs-en-el-extranjero","status":"publish","type":"post","link":"https:\/\/zumbalaturba.com.ar\/?p=7881","title":{"rendered":"Elecciones en Bolivia\/El derecho al voto de ciudadanxs en el extranjero"},"content":{"rendered":"\n<p>Elecciones en Bolivia: el pr\u00f3ximo 18 de octubre se realizar\u00e1n las elecciones generales en el vecino pa\u00eds y los principales candidatos son <b>Lucho Arce por el partido Movimiento al Socialismo (MAS)<\/b>, y&nbsp;<b>el ex mandatario Carlos Mesa<\/b>.<\/p>\n<p>En un clima cada vez m\u00e1s preocupante y con el gobierno de facto de Jeanine A\u00f1ez intentando garantizar su continuidad, hablamos con <strong>Adriana Guzm\u00e1n del Feminismo Comunitario Antipatriarcal de Bolivia<\/strong> y con <strong>Nelson, integrante de la comunidad boliviana en C\u00f3rdoba<\/strong> acerca de la situaci\u00f3n y de las acciones que se desarrollaron en ambos territorios el d\u00eda 30 de septiembre.<\/p>\n<p>Ambxs remarcan la centralidad de estas elecciones y la maniobra del \u00d3rgano Electoral Plurinacional de Bolivia para excluir a un importante n\u00famero de ciudadanxs de origen boliviano que residen en el extranjero. Lejos de ser un problema burocr\u00e1tico, las exclusiones tienen una intencionalidad pol\u00edtica en pos de garantizar el fraude y la continuidad del golpe. Tambi\u00e9n piden la solidaridad internacional.<\/p>\n<p><iframe src=\"https:\/\/ar.ivoox.com\/es\/player_ej_57338509_2_1.html?data=lpyglZ2ZdJqhhpywj5WdaZS1lZmah5yncZKhhpywj5WRaZi3jpWah5yncabgxsjQy9TSqdSfxtOYpNTQrdfdwoqfqKrQb8XZ08rQytSPpc2f19Th0ZDIqYzXytrRw8nFstnnjJKSmaiRlsLYytSYvNrRpsKfzcaYttrWpsKhhpywj5k.&amp;\" scrolling=\"no\" allowfullscreen=\"allowfullscreen\" width=\"100%\" height=\"200\" frameborder=\"0\"><\/iframe><\/p>\n<div class='share-to-whatsapp-wrapper'><div class='share-on-whsp'>Share on: <\/div><div class='clear '><\/div><\/div>","protected":false},"excerpt":{"rendered":"<p>Elecciones en Bolivia: el pr\u00f3ximo 18 de octubre se realizar\u00e1n las elecciones generales en el vecino pa\u00eds y los principales candidatos son Lucho Arce por el partido Movimiento al Socialismo (MAS), y&nbsp;el ex mandatario Carlos Mesa. En un clima cada vez m\u00e1s preocupante y con el gobierno de facto de Jeanine A\u00f1ez intentando garantizar su [&hellip;]<\/p>\n","protected":false},"author":6,"featured_media":7884,"comment_status":"open","ping_status":"closed","sticky":false,"template":"","format":"standard","meta":{"footnotes":""},"categories":[1241,15,1240],"tags":[23,1205,1138,1207,1208,1206],"class_list":["post-7881","post","type-post","status-publish","format-standard","has-post-thumbnail","hentry","category-ddhh","category-la-zumba","category-transfronterizo","tag-abya-yala","tag-adriana-guzman","tag-bolivia","tag-comunidad-boliviana","tag-evo-morales","tag-feminismo-comunitario-antipatriarcal"],"_links":{"self":[{"href":"https:\/\/zumbalaturba.com.ar\/index.php?rest_route=\/wp\/v2\/posts\/7881","targetHints":{"allow":["GET"]}}],"collection":[{"href":"https:\/\/zumbalaturba.com.ar\/index.php?rest_route=\/wp\/v2\/posts"}],"about":[{"href":"https:\/\/zumbalaturba.com.ar\/index.php?rest_route=\/wp\/v2\/types\/post"}],"author":[{"embeddable":true,"href":"https:\/\/zumbalaturba.com.ar\/index.php?rest_route=\/wp\/v2\/users\/6"}],"replies":[{"embeddable":true,"href":"https:\/\/zumbalaturba.com.ar\/index.php?rest_route=%2Fwp%2Fv2%2Fcomments&post=7881"}],"version-history":[{"count":0,"href":"https:\/\/zumbalaturba.com.ar\/index.php?rest_route=\/wp\/v2\/posts\/7881\/revisions"}],"wp:featuredmedia":[{"embeddable":true,"href":"https:\/\/zumbalaturba.com.ar\/index.php?rest_route=\/wp\/v2\/media\/7884"}],"wp:attachment":[{"href":"https:\/\/zumbalaturba.com.ar\/index.php?rest_route=%2Fwp%2Fv2%2Fmedia&parent=7881"}],"wp:term":[{"taxonomy":"category","embeddable":true,"href":"https:\/\/zumbalaturba.com.ar\/index.php?rest_route=%2Fwp%2Fv2%2Fcategories&post=7881"},{"taxonomy":"post_tag","embeddable":true,"href":"https:\/\/zumbalaturba.com.ar\/index.php?rest_route=%2Fwp%2Fv2%2Ftags&post=7881"}],"curies":[{"name":"wp","href":"https:\/\/api.w.org\/{rel}","templated":true}]}}